{"id":99506,"date":"2016-07-25T15:13:53","date_gmt":"2016-07-25T13:13:53","guid":{"rendered":"http:\/\/www.iphone-ticker.de\/?p=99506"},"modified":"2016-07-25T15:15:54","modified_gmt":"2016-07-25T13:15:54","slug":"termin-update-apples-iphone-event-in-kw-36-verkaufsstart-am-16-september","status":"publish","type":"post","link":"https:\/\/www.iphone-ticker.de\/termin-update-apples-iphone-event-in-kw-36-verkaufsstart-am-16-september-99506\/","title":{"rendered":"Termin-Update: Apples iPhone-Event in KW 36, Verkaufsstart am 16. September?"},"content":{"rendered":"<p>Der Smartphone-Blogger <a href=\"https:\/\/twitter.com\/evleaks\">Evan Blass<\/a> reicht noch ein paar Infos zu dem von <a href=\"http:\/\/www.iphone-ticker.de\/erste-spekulation-iphone-7-soll-in-der-woche-ab-dem-12-september-vorgestellt-werden-99463\/\">ihm genannten<\/a> Termin f\u00fcr die n\u00e4chste iPhone-Generation nach. Mit seiner Angabe \u201eWeek of September 12th\u201c hatte er nicht die Vorstellung durch Apple, sondern den Verkaufsstart gemeint. Zudem wird Blass hier nun auch konkreter und <a href=\"https:\/\/twitter.com\/evleaks\/status\/756941371416518656\">nennt den 16. September<\/a>. Dies erm\u00f6glicht es uns, analog zum vergangenen Jahr ein wenig zur\u00fcckzurechnen.<\/p>\n<blockquote class=\"twitter-tweet\" data-lang=\"de\">\n<p lang=\"en\" dir=\"ltr\">Just to clarify, this refers to the retail release, not the launch event. To be even more specific, it should happen on Friday, Sept. 16th.<\/p>\n<p>&mdash; Evan Blass (@evleaks) <a href=\"https:\/\/twitter.com\/evleaks\/status\/756941371416518656\">23. Juli 2016<\/a><\/p><\/blockquote>\n<p> <script async src=\"\/\/platform.twitter.com\/widgets.js\" charset=\"utf-8\"><\/script><\/p>\n<p>Wenn wir den Verkaufsstart 16. September f\u00fcr bare M\u00fcnze nehmen, sollten die Ger\u00e4te bereits ab Freitag zuvor, also dem 9. September vorbestellt werden k\u00f6nnen. Apples Ank\u00fcndigung ist dann in der selben, also der zweiten Septemberwoche zu erwarten. Im Vorjahr hatte Apple hier den Mittwoch gew\u00e4hlt, das w\u00e4re in diesem Jahr dann der 7. September, die beiden Wochentage zuvor kommen allerdings ebenfalls in Frage.<\/p>\n<p>Wie die Faust aufs Auge passt hier dann auch die Tatsache, dass Apples diesj\u00e4hriges <a href=\"http:\/\/www.ifun.de\/apples-back-to-school-startet-in-deutschland-beats-wireless-gratis-zum-mac-oder-ios-geraet-93743\/\">Back-To-School-Angebot<\/a> am 5. September, also dem Montag der nach dieser Rechnung f\u00fcr die Vorstellung in Frage kommenden Woche ausl\u00e4uft.<\/p>\n","protected":false},"excerpt":{"rendered":"<a href=\"https:\/\/www.iphone-ticker.de\/termin-update-apples-iphone-event-in-kw-36-verkaufsstart-am-16-september-99506\/\"><img width=\"150\" height=\"150\" src=\"https:\/\/images.iphone-ticker.de\/wp-content\/uploads\/2016\/07\/tim-cook-keynote-150x150.jpg\" class=\"alignright tfe wp-post-image\" alt=\"Tim Cook Keynote\" decoding=\"async\" loading=\"lazy\" \/><\/a><p>Der Smartphone-Blogger Evan Blass reicht noch ein paar Infos zu dem von ihm genannten Termin f\u00fcr die n\u00e4chste iPhone-Generation nach. Mit seiner Angabe \u201eWeek of September 12th\u201c hatte er nicht die Vorstellung durch Apple, sondern den Verkaufsstart gemeint. Zudem wird Blass hier nun auch konkreter und nennt den 16. September. Dies erm\u00f6glicht es uns, analog [&hellip;]<\/p>\n","protected":false},"author":2,"featured_media":99507,"comment_status":"open","ping_status":"closed","sticky":false,"template":"","format":"standard","meta":{"footnotes":""},"categories":[1],"tags":[2903,527,947],"class_list":["post-99506","post","type-post","status-publish","format-standard","has-post-thumbnail","hentry","category-news","tag-iphone-7","tag-keynote","tag-verkaufsstart"],"aioseo_notices":[],"featured_image":["http:\/\/images.iphone-ticker.de\/wp-content\/uploads\/2016\/07\/tim-cook-keynote.jpg"],"rest_api_enabler":{"featured_image":"http:\/\/images.iphone-ticker.de\/wp-content\/uploads\/2016\/07\/tim-cook-keynote.jpg"},"_links":{"self":[{"href":"https:\/\/www.iphone-ticker.de\/apiv2\/wp\/v2\/posts\/99506","targetHints":{"allow":["GET"]}}],"collection":[{"href":"https:\/\/www.iphone-ticker.de\/apiv2\/wp\/v2\/posts"}],"about":[{"href":"https:\/\/www.iphone-ticker.de\/apiv2\/wp\/v2\/types\/post"}],"author":[{"embeddable":true,"href":"https:\/\/www.iphone-ticker.de\/apiv2\/wp\/v2\/users\/2"}],"replies":[{"embeddable":true,"href":"https:\/\/www.iphone-ticker.de\/apiv2\/wp\/v2\/comments?post=99506"}],"version-history":[{"count":4,"href":"https:\/\/www.iphone-ticker.de\/apiv2\/wp\/v2\/posts\/99506\/revisions"}],"predecessor-version":[{"id":99511,"href":"https:\/\/www.iphone-ticker.de\/apiv2\/wp\/v2\/posts\/99506\/revisions\/99511"}],"wp:featuredmedia":[{"embeddable":true,"href":"https:\/\/www.iphone-ticker.de\/apiv2\/wp\/v2\/media\/99507"}],"wp:attachment":[{"href":"https:\/\/www.iphone-ticker.de\/apiv2\/wp\/v2\/media?parent=99506"}],"wp:term":[{"taxonomy":"category","embeddable":true,"href":"https:\/\/www.iphone-ticker.de\/apiv2\/wp\/v2\/categories?post=99506"},{"taxonomy":"post_tag","embeddable":true,"href":"https:\/\/www.iphone-ticker.de\/apiv2\/wp\/v2\/tags?post=99506"}],"curies":[{"name":"wp","href":"https:\/\/api.w.org\/{rel}","templated":true}]}}