{"id":99278,"date":"2016-07-19T11:27:20","date_gmt":"2016-07-19T09:27:20","guid":{"rendered":"http:\/\/www.iphone-ticker.de\/?p=99278"},"modified":"2016-07-19T11:27:20","modified_gmt":"2016-07-19T09:27:20","slug":"dummy-fotos-zeigen-drei-varianten-des-iphone-7-im-vergleich","status":"publish","type":"post","link":"https:\/\/www.iphone-ticker.de\/dummy-fotos-zeigen-drei-varianten-des-iphone-7-im-vergleich-99278\/","title":{"rendered":"Dummy-Fotos zeigen drei Varianten des iPhone 7 im Vergleich"},"content":{"rendered":"<p>Bereits gestern konnten wir das iPhone 7 (bzw. das, was wir derzeit diesbez\u00fcglich erwarten) auf Fotos sowie im Video im direkten Vergleich mit dem iPhone 6s sehen. Die franz\u00f6sische Webseite <a href=\"http:\/\/www.nowhereelse.fr\/iphone-7-iphone-7-plus-iphone-7-pro-photos-114713\/\">nowhereelse.fr<\/a> hat noch einmal nachgelegt und liefert uns nun hochaufl\u00f6sende Fotos, auf denen Modelle der bislang allerdings unbest\u00e4tigten drei Varianten des iPhone 7 zu sehen sind.<\/p>\n<p><a href=\"http:\/\/images.iphone-ticker.de\/wp-content\/uploads\/2016\/07\/iphone-7-varianten.jpg\"><img loading=\"lazy\" decoding=\"async\" src=\"http:\/\/images.iphone-ticker.de\/wp-content\/uploads\/2016\/07\/iphone-7-varianten.jpg\" alt=\"Iphone 7 Varianten\" width=\"500\" height=\"348\" class=\"alignnone size-full wp-image-99280\" srcset=\"https:\/\/images.iphone-ticker.de\/wp-content\/uploads\/2016\/07\/iphone-7-varianten.jpg 500w, https:\/\/images.iphone-ticker.de\/wp-content\/uploads\/2016\/07\/iphone-7-varianten-300x209.jpg 300w\" sizes=\"auto, (max-width: 500px) 100vw, 500px\" \/><\/a><\/p>\n<p>Neben der Standardausf\u00fchrung mit 4,7-Zoll-Bildschirm wird ja in jedem Fall ein Plus-Modell mit 5,5 Zoll gro\u00dfem Bildschirm erwartet. Zudem halten sich aber weiterhin Ger\u00fcchte mit Blick auf eine \u201ePro-Version\u201c, die ebenfalls mit 5,5-Zoll-Bildschirm ausgestattet ist und \u00fcber eine Dual-Kamera und den bislang nur in den iPad-Pro-Modellen verbauten <a href=\"http:\/\/www.ifun.de\/logitech-create-erste-dritthersteller-tastatur-fuer-den-smart-connector-des-ipad-pro-81602\/\">Smart Connector<\/a> verf\u00fcgt. Diese drei Varianten seht ihr auf den neu ver\u00f6ffentlichten Fotos nun im Vergleich.<\/p>\n<p>Um Verwechselungen zu vermeiden: Die Fotos werden vom Autor der Webseite eindeutig als \u201eDummy Pics\u201c <a href=\"https:\/\/twitter.com\/stagueve\/status\/755317320726245376\">bezeichnet<\/a>, es handelt es sich also nicht um Testger\u00e4te oder Bilder aus der iPhone-Produktion sondern Modelle, die Zubeh\u00f6rherstellern dazu dienen, ihre H\u00fcllen und dergleichen anzupassen. Die zugrundeliegenden Informationen stammen teils zwar auch direkt von Apple (manche Zubeh\u00f6rhersteller werden hier exklusiv bedient), werden meist aber auch Ger\u00fcchten und nicht gesicherten Quellen aus dem Apple-Umfeld zusammengetragen.<\/p>\n<p><a href=\"http:\/\/images.iphone-ticker.de\/wp-content\/uploads\/2016\/07\/iphone-7-dummy.jpg\"><img loading=\"lazy\" decoding=\"async\" src=\"http:\/\/images.iphone-ticker.de\/wp-content\/uploads\/2016\/07\/iphone-7-dummy.jpg\" alt=\"Iphone 7 Dummy\" width=\"700\" height=\"373\" class=\"alignnone size-full wp-image-99279\" srcset=\"https:\/\/images.iphone-ticker.de\/wp-content\/uploads\/2016\/07\/iphone-7-dummy.jpg 700w, https:\/\/images.iphone-ticker.de\/wp-content\/uploads\/2016\/07\/iphone-7-dummy-300x160.jpg 300w\" sizes=\"auto, (max-width: 700px) 100vw, 700px\" \/><\/a><\/p>\n","protected":false},"excerpt":{"rendered":"<a href=\"https:\/\/www.iphone-ticker.de\/dummy-fotos-zeigen-drei-varianten-des-iphone-7-im-vergleich-99278\/\"><img width=\"150\" height=\"150\" src=\"https:\/\/images.iphone-ticker.de\/wp-content\/uploads\/2016\/07\/phone-7-pro-150x150.jpg\" class=\"alignright tfe wp-post-image\" alt=\"Phone 7 Pro\" decoding=\"async\" loading=\"lazy\" \/><\/a><p>Bereits gestern konnten wir das iPhone 7 (bzw. das, was wir derzeit diesbez\u00fcglich erwarten) auf Fotos sowie im Video im direkten Vergleich mit dem iPhone 6s sehen. Die franz\u00f6sische Webseite nowhereelse.fr hat noch einmal nachgelegt und liefert uns nun hochaufl\u00f6sende Fotos, auf denen Modelle der bislang allerdings unbest\u00e4tigten drei Varianten des iPhone 7 zu sehen [&hellip;]<\/p>\n","protected":false},"author":2,"featured_media":99281,"comment_status":"open","ping_status":"closed","sticky":false,"template":"","format":"standard","meta":{"footnotes":""},"categories":[6],"tags":[2903,3341,3487],"class_list":["post-99278","post","type-post","status-publish","format-standard","has-post-thumbnail","hentry","category-rumors","tag-iphone-7","tag-iphone-7-plus","tag-iphone-7-pro"],"aioseo_notices":[],"featured_image":["http:\/\/images.iphone-ticker.de\/wp-content\/uploads\/2016\/07\/phone-7-pro.jpg"],"rest_api_enabler":{"featured_image":"http:\/\/images.iphone-ticker.de\/wp-content\/uploads\/2016\/07\/phone-7-pro.jpg"},"_links":{"self":[{"href":"https:\/\/www.iphone-ticker.de\/apiv2\/wp\/v2\/posts\/99278","targetHints":{"allow":["GET"]}}],"collection":[{"href":"https:\/\/www.iphone-ticker.de\/apiv2\/wp\/v2\/posts"}],"about":[{"href":"https:\/\/www.iphone-ticker.de\/apiv2\/wp\/v2\/types\/post"}],"author":[{"embeddable":true,"href":"https:\/\/www.iphone-ticker.de\/apiv2\/wp\/v2\/users\/2"}],"replies":[{"embeddable":true,"href":"https:\/\/www.iphone-ticker.de\/apiv2\/wp\/v2\/comments?post=99278"}],"version-history":[{"count":1,"href":"https:\/\/www.iphone-ticker.de\/apiv2\/wp\/v2\/posts\/99278\/revisions"}],"predecessor-version":[{"id":99282,"href":"https:\/\/www.iphone-ticker.de\/apiv2\/wp\/v2\/posts\/99278\/revisions\/99282"}],"wp:featuredmedia":[{"embeddable":true,"href":"https:\/\/www.iphone-ticker.de\/apiv2\/wp\/v2\/media\/99281"}],"wp:attachment":[{"href":"https:\/\/www.iphone-ticker.de\/apiv2\/wp\/v2\/media?parent=99278"}],"wp:term":[{"taxonomy":"category","embeddable":true,"href":"https:\/\/www.iphone-ticker.de\/apiv2\/wp\/v2\/categories?post=99278"},{"taxonomy":"post_tag","embeddable":true,"href":"https:\/\/www.iphone-ticker.de\/apiv2\/wp\/v2\/tags?post=99278"}],"curies":[{"name":"wp","href":"https:\/\/api.w.org\/{rel}","templated":true}]}}