{"id":99161,"date":"2016-07-14T18:08:36","date_gmt":"2016-07-14T16:08:36","guid":{"rendered":"http:\/\/www.iphone-ticker.de\/?p=99161"},"modified":"2016-07-15T08:26:07","modified_gmt":"2016-07-15T06:26:07","slug":"iphone-7-schwarze-und-blaue-version-nicht-in-sicht","status":"publish","type":"post","link":"https:\/\/www.iphone-ticker.de\/iphone-7-schwarze-und-blaue-version-nicht-in-sicht-99161\/","title":{"rendered":"iPhone 7: Schwarze und blaue Version nicht in Sicht"},"content":{"rendered":"<p>W\u00e4hrend die Eckdaten und (groben) technischen Spezifikationen des iPhone 7 weitgehend festzustehen scheinen, ist nach wie vor unklar, ob Apple diesen Herbst zur Einf\u00fchrung neuer Farbvarianten beziehungsweise zu einer Umstellung der angebotenen Farbpalette nutzen wird.<\/p>\n<p><a href=\"http:\/\/images.iphone-ticker.de\/wp-content\/uploads\/2016\/06\/iPhone-7-blau-500.jpg\"><img loading=\"lazy\" decoding=\"async\" class=\"aligncenter size-full wp-image-97839\" src=\"http:\/\/images.iphone-ticker.de\/wp-content\/uploads\/2016\/06\/iPhone-7-blau-500.jpg\" alt=\"IPhone 7 Blau 500\" width=\"500\" height=\"371\" srcset=\"https:\/\/images.iphone-ticker.de\/wp-content\/uploads\/2016\/06\/iPhone-7-blau-500.jpg 500w, https:\/\/images.iphone-ticker.de\/wp-content\/uploads\/2016\/06\/iPhone-7-blau-500-300x223.jpg 300w\" sizes=\"auto, (max-width: 500px) 100vw, 500px\" \/><\/a><\/p>\n<h6>Im Juni gemunkelt: Das iPhone 7 in blau<\/h6>\n<p>Hoch im Kurs stand in den letzten Wochen vor allem die Einf\u00fchrung eines neuen, deutlich dunkleren Geh\u00e4uses. Ob nun <a href=\"http:\/\/www.iphone-ticker.de\/so-in-etwa-das-blaue-iphone-7-97838\/\">dunkelblau<\/a> oder <a href=\"http:\/\/www.iphone-ticker.de\/iphone-7-lueckenfueller-suendenbock-98788\/\">schwarz<\/a>: Die entsprechenden Entw\u00fcrfe der Design-Community stie\u00dfen durchweg auch positives Feedback und schienen das Ende der &#8222;Space Gray&#8220;-\u00c4ra anzudeuten.<\/p>\n<p>Doch so wie es aussieht k\u00f6nnte Apple nicht nur die Geh\u00e4use-Form des iPhone 6s \u00fcbernehmen, sondern erneut auf die etablierte Farbpalette aus Silber, Gold, Space Grau und Ros\u00e9gold setzen. Dies deuten die jetzt ver\u00f6ffentlichten Fotos der Webseite <a href=\"http:\/\/www.macitynet.it\/foto-esclusiva-macitynet-estetica-iphone-7-confermata-un-prototipo\/\">Macitynet<\/a> an, die ihre Dummy-Modelle des iPhone 7 heute in den bekannten Farben pr\u00e4sentiert.<\/p>\n<p><a href=\"http:\/\/images.iphone-ticker.de\/wp-content\/uploads\/2016\/07\/farben-700.jpg\"><img loading=\"lazy\" decoding=\"async\" src=\"http:\/\/images.iphone-ticker.de\/wp-content\/uploads\/2016\/07\/farben-700.jpg\" alt=\"Farben 700\" width=\"700\" height=\"452\" class=\"aligncenter size-full wp-image-99163\" srcset=\"https:\/\/images.iphone-ticker.de\/wp-content\/uploads\/2016\/07\/farben-700.jpg 700w, https:\/\/images.iphone-ticker.de\/wp-content\/uploads\/2016\/07\/farben-700-300x194.jpg 300w\" sizes=\"auto, (max-width: 700px) 100vw, 700px\" \/><\/a><\/p>\n<p>Ebenfalls interessant: Die Kameraaussparung wirkt auf dem neuen Bild deutlich organischer als auf den bislang ver\u00f6ffentlichen Schnappsch\u00fcssen und setzt das Foto-Modul nicht mehr vom restlichen Ger\u00e4t ab.<\/p>\n<p><a href=\"http:\/\/images.iphone-ticker.de\/wp-content\/uploads\/2016\/07\/hajek.jpg\"><img loading=\"lazy\" decoding=\"async\" src=\"http:\/\/images.iphone-ticker.de\/wp-content\/uploads\/2016\/07\/hajek.jpg\" alt=\"Hajek\" width=\"700\" height=\"394\" class=\"aligncenter size-full wp-image-98791\" srcset=\"https:\/\/images.iphone-ticker.de\/wp-content\/uploads\/2016\/07\/hajek.jpg 700w, https:\/\/images.iphone-ticker.de\/wp-content\/uploads\/2016\/07\/hajek-300x169.jpg 300w\" sizes=\"auto, (max-width: 700px) 100vw, 700px\" \/><\/a><\/p>\n<h6>Das schwarze iPhone: Ein Entwurf von <a href=\"http:\/\/www.martinhajek.com\">Martin Hajek<\/a><\/h6>\n<h2>Die Dummy-Modelle im Video<\/h2>\n<p><div class=\"responsive-video\"><iframe loading=\"lazy\" width=\"700\" height=\"371\" src=\"http:\/\/www.youtube-nocookie.com\/embed\/-HBGkeMWsPI\" frameborder=\"0\" allowfullscreen><\/iframe><\/div><\/p>\n","protected":false},"excerpt":{"rendered":"<a href=\"https:\/\/www.iphone-ticker.de\/iphone-7-schwarze-und-blaue-version-nicht-in-sicht-99161\/\"><img width=\"150\" height=\"150\" src=\"https:\/\/images.iphone-ticker.de\/wp-content\/uploads\/2016\/07\/farben-700-150x150.jpg\" class=\"alignright tfe wp-post-image\" alt=\"Farben 700\" decoding=\"async\" loading=\"lazy\" \/><\/a><p>W\u00e4hrend die Eckdaten und (groben) technischen Spezifikationen des iPhone 7 weitgehend festzustehen scheinen, ist nach wie vor unklar, ob Apple diesen Herbst zur Einf\u00fchrung neuer Farbvarianten beziehungsweise zu einer Umstellung der angebotenen Farbpalette nutzen wird. Im Juni gemunkelt: Das iPhone 7 in blau Hoch im Kurs stand in den letzten Wochen vor allem die Einf\u00fchrung [&hellip;]<\/p>\n","protected":false},"author":1,"featured_media":99163,"comment_status":"open","ping_status":"closed","sticky":false,"template":"","format":"standard","meta":{"footnotes":""},"categories":[1],"tags":[1710,2064,2903,3910],"class_list":["post-99161","post","type-post","status-publish","format-standard","has-post-thumbnail","hentry","category-news","tag-farben","tag-geruechte","tag-iphone-7","tag-rumors"],"aioseo_notices":[],"featured_image":["http:\/\/images.iphone-ticker.de\/wp-content\/uploads\/2016\/07\/farben.jpg"],"subheadline":["Update"],"rest_api_enabler":{"featured_image":"http:\/\/images.iphone-ticker.de\/wp-content\/uploads\/2016\/07\/farben.jpg","subheadline":"Update"},"_links":{"self":[{"href":"https:\/\/www.iphone-ticker.de\/apiv2\/wp\/v2\/posts\/99161","targetHints":{"allow":["GET"]}}],"collection":[{"href":"https:\/\/www.iphone-ticker.de\/apiv2\/wp\/v2\/posts"}],"about":[{"href":"https:\/\/www.iphone-ticker.de\/apiv2\/wp\/v2\/types\/post"}],"author":[{"embeddable":true,"href":"https:\/\/www.iphone-ticker.de\/apiv2\/wp\/v2\/users\/1"}],"replies":[{"embeddable":true,"href":"https:\/\/www.iphone-ticker.de\/apiv2\/wp\/v2\/comments?post=99161"}],"version-history":[{"count":4,"href":"https:\/\/www.iphone-ticker.de\/apiv2\/wp\/v2\/posts\/99161\/revisions"}],"predecessor-version":[{"id":99171,"href":"https:\/\/www.iphone-ticker.de\/apiv2\/wp\/v2\/posts\/99161\/revisions\/99171"}],"wp:featuredmedia":[{"embeddable":true,"href":"https:\/\/www.iphone-ticker.de\/apiv2\/wp\/v2\/media\/99163"}],"wp:attachment":[{"href":"https:\/\/www.iphone-ticker.de\/apiv2\/wp\/v2\/media?parent=99161"}],"wp:term":[{"taxonomy":"category","embeddable":true,"href":"https:\/\/www.iphone-ticker.de\/apiv2\/wp\/v2\/categories?post=99161"},{"taxonomy":"post_tag","embeddable":true,"href":"https:\/\/www.iphone-ticker.de\/apiv2\/wp\/v2\/tags?post=99161"}],"curies":[{"name":"wp","href":"https:\/\/api.w.org\/{rel}","templated":true}]}}