{"id":99045,"date":"2016-07-12T12:32:29","date_gmt":"2016-07-12T10:32:29","guid":{"rendered":"http:\/\/www.iphone-ticker.de\/?p=99045"},"modified":"2016-07-12T12:32:29","modified_gmt":"2016-07-12T10:32:29","slug":"neue-fotos-zeigen-iphone-7-plus-ohne-stummschalter","status":"publish","type":"post","link":"https:\/\/www.iphone-ticker.de\/neue-fotos-zeigen-iphone-7-plus-ohne-stummschalter-99045\/","title":{"rendered":"Neue Fotos zeigen iPhone 7 Plus ohne Stummschalter"},"content":{"rendered":"<p>Die heute ver\u00f6ffentlichten Foto-Nachtr\u00e4ge der franz\u00f6sischen Webseite nowhereelse.fr d\u00fcrften euch dabei helfen die bereits gestern <a href=\"http:\/\/www.iphone-ticker.de\/iphone-7-aktuelles-foto-zeigt-apples-lueckenfueller-98999\/\">gesichteten Aufnahmen<\/a> des iPhone 7 neu einzusortieren.<\/p>\n<p><a href=\"http:\/\/images.iphone-ticker.de\/wp-content\/uploads\/2016\/07\/stumm.jpg\"><img loading=\"lazy\" decoding=\"async\" class=\"aligncenter size-full wp-image-99046\" src=\"http:\/\/images.iphone-ticker.de\/wp-content\/uploads\/2016\/07\/stumm.jpg\" alt=\"Stumm\" width=\"500\" height=\"370\" srcset=\"https:\/\/images.iphone-ticker.de\/wp-content\/uploads\/2016\/07\/stumm.jpg 500w, https:\/\/images.iphone-ticker.de\/wp-content\/uploads\/2016\/07\/stumm-300x222.jpg 300w\" sizes=\"auto, (max-width: 500px) 100vw, 500px\" \/><\/a><\/p>\n<p>So sollen die jetzt <a href=\"http:\/\/www.nowhereelse.fr\/photos-iphone-7-plus-pro-dummies-114577\/\">freigegebenen Bilder<\/a> sowohl das iPhone 7 als auch das iPhone 7 Plus zeigen &#8211; fallen aber durch zwei au\u00dfergew\u00f6hnliche Hardware-Details auf, die zumindest unseres Skepsis an ihrer Authentizit\u00e4t deutlich erh\u00f6hen.<\/p>\n<p>W\u00e4hrend Bauform, Kamera-Modul und Antennen-Linien des iPhone 7 weitgehend mit den gestern ver\u00f6ffentlichten Bildern \u00fcbereinstimmen, setzen die neuen Schnappsch\u00fcsse des vermeidlichen iPhone 7 Plus erneut den vom iPad bekannten Smart Connector in Szene (ein Anschluss dessen iPhone 7-Integration in den zur\u00fcckliegenden Wochen mal bejaht und mal verneint wurde) und <a href=\"http:\/\/www.nowhereelse.fr\/photos-iphone-7-plus-pro-dummies-114577\/\">zeigen<\/a> eine Ger\u00e4te-Seite ohne dedizierten Stummschalter.<\/p>\n<p><a href=\"http:\/\/images.iphone-ticker.de\/wp-content\/uploads\/2016\/07\/seite.jpg\"><img loading=\"lazy\" decoding=\"async\" class=\"aligncenter size-full wp-image-99047\" src=\"http:\/\/images.iphone-ticker.de\/wp-content\/uploads\/2016\/07\/seite.jpg\" alt=\"Seite\" width=\"700\" height=\"645\" srcset=\"https:\/\/images.iphone-ticker.de\/wp-content\/uploads\/2016\/07\/seite.jpg 700w, https:\/\/images.iphone-ticker.de\/wp-content\/uploads\/2016\/07\/seite-300x276.jpg 300w\" sizes=\"auto, (max-width: 700px) 100vw, 700px\" \/><\/a><\/p>\n<p>Vor allem das letztgenannte Detail gibt uns zu denken. Dass sich Apple nicht nur von der Klinkenbuchse, sondern auch von einem der nur f\u00fcnf Hardware-Taster verabschieden k\u00f6nnte, halten wir f\u00fcr sehr unwahrscheinlich.<\/p>\n","protected":false},"excerpt":{"rendered":"<a href=\"https:\/\/www.iphone-ticker.de\/neue-fotos-zeigen-iphone-7-plus-ohne-stummschalter-99045\/\"><img width=\"150\" height=\"150\" src=\"https:\/\/images.iphone-ticker.de\/wp-content\/uploads\/2016\/07\/telefon-f-150x150.jpg\" class=\"alignright tfe wp-post-image\" alt=\"Telefon F\" decoding=\"async\" loading=\"lazy\" \/><\/a><p>Die heute ver\u00f6ffentlichten Foto-Nachtr\u00e4ge der franz\u00f6sischen Webseite nowhereelse.fr d\u00fcrften euch dabei helfen die bereits gestern gesichteten Aufnahmen des iPhone 7 neu einzusortieren. So sollen die jetzt freigegebenen Bilder sowohl das iPhone 7 als auch das iPhone 7 Plus zeigen &#8211; fallen aber durch zwei au\u00dfergew\u00f6hnliche Hardware-Details auf, die zumindest unseres Skepsis an ihrer Authentizit\u00e4t deutlich [&hellip;]<\/p>\n","protected":false},"author":1,"featured_media":99048,"comment_status":"open","ping_status":"closed","sticky":false,"template":"","format":"standard","meta":{"footnotes":""},"categories":[749],"tags":[703,2064,2903,3910],"class_list":["post-99045","post","type-post","status-publish","format-standard","has-post-thumbnail","hentry","category-iphone-2","tag-fotos","tag-geruechte","tag-iphone-7","tag-rumors"],"aioseo_notices":[],"featured_image":["http:\/\/images.iphone-ticker.de\/wp-content\/uploads\/2016\/07\/telefon-f.jpg"],"rest_api_enabler":{"featured_image":"http:\/\/images.iphone-ticker.de\/wp-content\/uploads\/2016\/07\/telefon-f.jpg"},"_links":{"self":[{"href":"https:\/\/www.iphone-ticker.de\/apiv2\/wp\/v2\/posts\/99045","targetHints":{"allow":["GET"]}}],"collection":[{"href":"https:\/\/www.iphone-ticker.de\/apiv2\/wp\/v2\/posts"}],"about":[{"href":"https:\/\/www.iphone-ticker.de\/apiv2\/wp\/v2\/types\/post"}],"author":[{"embeddable":true,"href":"https:\/\/www.iphone-ticker.de\/apiv2\/wp\/v2\/users\/1"}],"replies":[{"embeddable":true,"href":"https:\/\/www.iphone-ticker.de\/apiv2\/wp\/v2\/comments?post=99045"}],"version-history":[{"count":1,"href":"https:\/\/www.iphone-ticker.de\/apiv2\/wp\/v2\/posts\/99045\/revisions"}],"predecessor-version":[{"id":99049,"href":"https:\/\/www.iphone-ticker.de\/apiv2\/wp\/v2\/posts\/99045\/revisions\/99049"}],"wp:featuredmedia":[{"embeddable":true,"href":"https:\/\/www.iphone-ticker.de\/apiv2\/wp\/v2\/media\/99048"}],"wp:attachment":[{"href":"https:\/\/www.iphone-ticker.de\/apiv2\/wp\/v2\/media?parent=99045"}],"wp:term":[{"taxonomy":"category","embeddable":true,"href":"https:\/\/www.iphone-ticker.de\/apiv2\/wp\/v2\/categories?post=99045"},{"taxonomy":"post_tag","embeddable":true,"href":"https:\/\/www.iphone-ticker.de\/apiv2\/wp\/v2\/tags?post=99045"}],"curies":[{"name":"wp","href":"https:\/\/api.w.org\/{rel}","templated":true}]}}