{"id":96680,"date":"2016-05-13T09:06:52","date_gmt":"2016-05-13T07:06:52","guid":{"rendered":"http:\/\/www.iphone-ticker.de\/?p=96680"},"modified":"2016-05-13T10:16:00","modified_gmt":"2016-05-13T08:16:00","slug":"video-conrad-connect-startet-offiziell","status":"publish","type":"post","link":"https:\/\/www.iphone-ticker.de\/video-conrad-connect-startet-offiziell-96680\/","title":{"rendered":"Conrad Connect im Video: Smart Home-Plattform startet offiziell"},"content":{"rendered":"<p>\u00dcber die Smart-Home-Plattform &#8222;Conrad Connect&#8220; des gleichnamigen Elektronik-Marktes haben wir bereits <a href=\"http:\/\/www.iphone-ticker.de\/conrad-connect-elektronik-kette-startet-plattform-zur-heimautomatisierung-96551\/\">am Dienstag berichtet<\/a>.<\/p>\n<p><a href=\"http:\/\/images.iphone-ticker.de\/wp-content\/uploads\/2016\/05\/connect.jpg\"><img loading=\"lazy\" decoding=\"async\" class=\"aligncenter size-full wp-image-96554\" src=\"http:\/\/images.iphone-ticker.de\/wp-content\/uploads\/2016\/05\/connect.jpg\" alt=\"Connect\" width=\"500\" height=\"330\" srcset=\"https:\/\/images.iphone-ticker.de\/wp-content\/uploads\/2016\/05\/connect.jpg 500w, https:\/\/images.iphone-ticker.de\/wp-content\/uploads\/2016\/05\/connect-300x198.jpg 300w\" sizes=\"auto, (max-width: 500px) 100vw, 500px\" \/><\/a><\/p>\n<p>Wenige Tage sp\u00e4ter kommuniziert der Versandh\u00e4ndler den offiziellen Startschuss seines &#8222;Internet of Things&#8220;-Angebotes nun auch offiziell und ruft interessierte Anwender zur Teilname am Betatest auf.<\/p>\n<p><a href=\"https:\/\/conradconnect.de\/\">Conrad Connect<\/a>, dies erkl\u00e4rt das Unternehmen in seiner Pressemitteilung zum Start, versteht sich dabei als &#8222;\u00dcbersetzer&#8220;, der die Einstellungen aller kompatiblen und verbundenen Produkte auf einem gemeinsamen Bildschirm zusammenfasst.<\/p>\n<p>Mit frei konfigurierbaren Dashboards kann der Nutzer seine Ger\u00e4te direkt im Browser verwalten und \u00fcberwachen \u2013 am Desktop und \u00fcber eine entsprechend optimierte Mobilger\u00e4te-Ansicht.<\/p>\n<p>Regeln nach dem \u201eWenn-Dann\u201c-Prinzip verkn\u00fcpfen Produkte und Aufgaben miteinander. Das geht mit wenigen Eingaben direkt im Dashboard oder \u00fcber einen grafischen Editor. Per Drag &amp; Drop k\u00f6nnen Nutzer dort <a href=\"https:\/\/www.conrad.de\/content\/dam\/conrad\/conrad-de\/b2c\/images\/ueber-conrad\/presse\/5.png\">Verbindungen zwischen ihren Ger\u00e4ten<\/a> herstellen:<\/p>\n<blockquote><p>Conrad Connect bringt nun zusammen, was zusammen geh\u00f6rt: Die innovative Internet-Plattform verbindet vernetzte Produkte \u00fcber Herstellergrenzen hinweg. Die Ger\u00e4te kommunizieren online miteinander und vervielfachen dadurch Ihre Einsatzm\u00f6glichkeiten. So erinnern zum Beispiel vernetzte LED-Lampen ans L\u00fcften: Stellt ein Raumsensor zu viel Feuchtigkeit oder einen erh\u00f6hten CO2-Pegel fest, wechselt die Farbe der Beleuchtung auf Rot. Die Videokamera erkennt, wer das Haus betritt und Conrad Connect regelt die Heizung auf Wunschtemperatur hoch \u2013 um anschlie\u00dfend vielleicht die Beleuchtung auf einen bestimmten Wert zu dimmen. Der Fernseher im Kinderzimmer soll nur eine begrenzte Zeit laufen? Kein Problem: Die Steckdose erkennt den Betrieb am Stromverbrauch und Conrad Connect informiert die Eltern mit einer Nachricht auf dem Mobiltelefon.<\/p><\/blockquote>\n<p>Aktuell unterst\u00fctzt Conrad Connect die Ger\u00e4te-Familie von Netatmo, spricht mit FitBit, LifX, MyFox, Withings, Relayr, Smappee und den Leuchtmitteln von Osram. Zudem unterst\u00fctzt die Steuerzentrale den Nachrichtenversand und die Einbindung von SMS, E-Mail, Pushover, Twitter und Slack.<\/p>\n<h2>Conrad Connect Launch-Video<\/h2>\n<p><div class=\"responsive-video\"><iframe loading=\"lazy\" src=\"http:\/\/www.youtube-nocookie.com\/embed\/0I-rEkD5_kw\" width=\"700\" height=\"371\" frameborder=\"0\" allowfullscreen=\"allowfullscreen\"><\/iframe><\/div><\/p>\n","protected":false},"excerpt":{"rendered":"<a href=\"https:\/\/www.iphone-ticker.de\/video-conrad-connect-startet-offiziell-96680\/\"><img decoding=\"async\" width=\"150\" src=\"http:\/\/images.iphone-ticker.de\/wp-content\/uploads\/2016\/05\/connect.jpg\" class=\"alignright wp-post-image tfe\" alt=\"Connect\" title=\"\" \/><\/a><p>\u00dcber die Smart-Home-Plattform &#8222;Conrad Connect&#8220; des gleichnamigen Elektronik-Marktes haben wir bereits am Dienstag berichtet. Wenige Tage sp\u00e4ter kommuniziert der Versandh\u00e4ndler den offiziellen Startschuss seines &#8222;Internet of Things&#8220;-Angebotes nun auch offiziell und ruft interessierte Anwender zur Teilname am Betatest auf. Conrad Connect, dies erkl\u00e4rt das Unternehmen in seiner Pressemitteilung zum Start, versteht sich dabei als &#8222;\u00dcbersetzer&#8220;, [&hellip;]<\/p>\n","protected":false},"author":1,"featured_media":0,"comment_status":"open","ping_status":"closed","sticky":false,"template":"","format":"standard","meta":{"footnotes":""},"categories":[1],"tags":[3389,3392,2329],"class_list":["post-96680","post","type-post","status-publish","format-standard","hentry","category-news","tag-conrad","tag-conrad-connect","tag-smart-home"],"aioseo_notices":[],"featured_image":["http:\/\/images.iphone-ticker.de\/wp-content\/uploads\/2016\/05\/conrad-connect.jpg"],"rest_api_enabler":{"featured_image":"http:\/\/images.iphone-ticker.de\/wp-content\/uploads\/2016\/05\/conrad-connect.jpg"},"_links":{"self":[{"href":"https:\/\/www.iphone-ticker.de\/apiv2\/wp\/v2\/posts\/96680","targetHints":{"allow":["GET"]}}],"collection":[{"href":"https:\/\/www.iphone-ticker.de\/apiv2\/wp\/v2\/posts"}],"about":[{"href":"https:\/\/www.iphone-ticker.de\/apiv2\/wp\/v2\/types\/post"}],"author":[{"embeddable":true,"href":"https:\/\/www.iphone-ticker.de\/apiv2\/wp\/v2\/users\/1"}],"replies":[{"embeddable":true,"href":"https:\/\/www.iphone-ticker.de\/apiv2\/wp\/v2\/comments?post=96680"}],"version-history":[{"count":3,"href":"https:\/\/www.iphone-ticker.de\/apiv2\/wp\/v2\/posts\/96680\/revisions"}],"predecessor-version":[{"id":96686,"href":"https:\/\/www.iphone-ticker.de\/apiv2\/wp\/v2\/posts\/96680\/revisions\/96686"}],"wp:attachment":[{"href":"https:\/\/www.iphone-ticker.de\/apiv2\/wp\/v2\/media?parent=96680"}],"wp:term":[{"taxonomy":"category","embeddable":true,"href":"https:\/\/www.iphone-ticker.de\/apiv2\/wp\/v2\/categories?post=96680"},{"taxonomy":"post_tag","embeddable":true,"href":"https:\/\/www.iphone-ticker.de\/apiv2\/wp\/v2\/tags?post=96680"}],"curies":[{"name":"wp","href":"https:\/\/api.w.org\/{rel}","templated":true}]}}