{"id":96618,"date":"2016-05-11T19:43:09","date_gmt":"2016-05-11T17:43:09","guid":{"rendered":"http:\/\/www.iphone-ticker.de\/?p=96618"},"modified":"2016-05-12T10:43:22","modified_gmt":"2016-05-12T08:43:22","slug":"iphone-geruechte-cad-zeichnungen-des-iphone-7-iphone-8-mit-vollflaechigem-bildschirm","status":"publish","type":"post","link":"https:\/\/www.iphone-ticker.de\/iphone-geruechte-cad-zeichnungen-des-iphone-7-iphone-8-mit-vollflaechigem-bildschirm-96618\/","title":{"rendered":"iPhone-Ger\u00fcchte: CAD-Zeichnungen des iPhone 7 &#8211; iPhone 8 mit vollfl\u00e4chigem Bildschirm"},"content":{"rendered":"<p>Die Abst\u00e4nde, in denen wir uns mit neuen \u201eLeaks\u201c zum iPhone 7 konfrontiert sehen, werden regelm\u00e4\u00dfig k\u00fcrzer. Einiges davon lassen wir direkt unter den Tisch fallen, hier und da gibt es dann aber dennoch Neuigkeiten, die zumindest als gesunde Diskussionsgrundlage taugen. So auch die heute von der Webseite <a href=\"https:\/\/www.uswitch.com\/mobiles\/iphone_7_deals\/#latest_rumour\" title=\"uSwitch\">uSwitch<\/a> ver\u00f6ffentlichten CAD-Zeichnungen.<\/p>\n<p><a href=\"http:\/\/images.iphone-ticker.de\/wp-content\/uploads\/2016\/05\/iphone-7-cad.jpg\"><img loading=\"lazy\" decoding=\"async\" src=\"http:\/\/images.iphone-ticker.de\/wp-content\/uploads\/2016\/05\/iphone-7-cad.jpg\" alt=\"Iphone 7 Cad\" width=\"500\" height=\"493\" class=\"alignnone size-full wp-image-96620\" srcset=\"https:\/\/images.iphone-ticker.de\/wp-content\/uploads\/2016\/05\/iphone-7-cad.jpg 500w, https:\/\/images.iphone-ticker.de\/wp-content\/uploads\/2016\/05\/iphone-7-cad-300x296.jpg 300w\" sizes=\"auto, (max-width: 500px) 100vw, 500px\" \/><\/a><\/p>\n<h6>Angebliches iPhone 7<\/h6>\n<p>Angeblich stammt die Grafiken direkt von einem taiwanischen Apple-Vertragspartner. Wenn wir das glauben, und was wir sehen f\u00fcr bare M\u00fcnze nehmen, dann verzichtet Apple beim iPhone 7 und dem iPhone 7 Plus in der Tat auf einen klassischen Ohrh\u00f6reranschluss. Die Ger\u00fcchte, dass Apple k\u00fcnftig auf drahtlose Ohrh\u00f6rer oder Ohr- bzw. Kopfh\u00f6rer mit Lightning-Anschluss setzt, begleiten uns ja schon geraume Zeit.<\/p>\n<p>Ebenfalls bemerkenswert ist die Tatsache, dass auf den Zeichnungen f\u00fcr beide Modelle wieder ein hervorstehendes Kameraobjektiv zu sehen ist. Dieses Detail sorgt seit seinem ersten Auftritt beim iPhone 6 immer wieder f\u00fcr Diskussionen, zumindest ein Teil der Nutzer st\u00f6rt sich an dieser Design-Entscheidung Apples.<\/p>\n<p><a href=\"http:\/\/images.iphone-ticker.de\/wp-content\/uploads\/2016\/05\/iphone-7-plus-cad.jpg\"><img loading=\"lazy\" decoding=\"async\" src=\"http:\/\/images.iphone-ticker.de\/wp-content\/uploads\/2016\/05\/iphone-7-plus-cad.jpg\" alt=\"Iphone 7 Plus Cad\" width=\"700\" height=\"690\" class=\"alignnone size-full wp-image-96621\" srcset=\"https:\/\/images.iphone-ticker.de\/wp-content\/uploads\/2016\/05\/iphone-7-plus-cad.jpg 700w, https:\/\/images.iphone-ticker.de\/wp-content\/uploads\/2016\/05\/iphone-7-plus-cad-300x296.jpg 300w\" sizes=\"auto, (max-width: 700px) 100vw, 700px\" \/><\/a><\/p>\n<h6>Angebliches iPhone 7 Plus<\/h6>\n<p>Auf den Zeichnungen verf\u00fcgt \u00fcbrigens nur das gr\u00f6\u00dfere iPhone 7 Plus \u00fcber eine Dual-Lens-Kamera und einen Smart Connector. Ger\u00fcchte diesbez\u00fcglich gibt es <a href=\"http:\/\/www.iphone-ticker.de\/das-iphone-7-plus-mit-doppel-kamera-und-smart-connector-94192\/\" title=\"Das iPhone 7 Plus mit Doppel-Kamera und Smart Connector\">schon l\u00e4nger<\/a> und f\u00fcr die Doppel-Kamera liegen bereits die <a href=\"http:\/\/www.iphone-ticker.de\/doppel-kamera-im-iphone-7-apple-patent-skizziert-die-vorzuege-91262\/\" title=\"Doppel-Kamera im iPhone 7? Apple Patent skizziert die Vorz\u00fcge\">n\u00f6tigen Patente<\/a> bei Apple in der Schublade. \u00dcberraschend ist allerdings die Platzierung des Smart Connector auf der R\u00fcckseite des Ger\u00e4ts, bei den iPad\u2014Pro-Modellen findet sich der neue Anschluss ja an der seitlichen Kante.<\/p>\n<p>Verworfen sind \u00fcbrigens die Ger\u00fcchte, dass Apple zwei gro\u00dfe iPhone 7 plant, eines davon als Pro-Modell mit Doppel-Kamera. Der Analyst, der diese Spekulation ins Leben gerufen hat, hat seine Aussagen heute <a href=\"http:\/\/www.macrumors.com\/2016\/05\/11\/iphone-7-plus-single-model-3gb-ram\/\" title=\"Apple to Produce Single iPhone 7 Plus Model With Dual-Lens Camera and 3GB RAM\">widerrufen<\/a>. Apple werde lediglich ein iPhone 7 Plus und dieses mit Doppelkamera auf den Markt bringen.<\/p>\n<h2>iPhone 2017 mit vollfl\u00e4chigem Front-Bildschirm<\/h2>\n<p>Und einer geht noch: Das iPhone 7 ist noch nicht vorgestellt, da wird schon \u00fcber den Nachfolger spekuliert. Blogger <a href=\"http:\/\/daringfireball.net\/thetalkshow\/2016\/05\/06\/ep-153\" title=\"latest episode of his podcast\">John Gruber<\/a> hat bekanntlich sehr gute Beziehungen zu Apple, und daher geben wir seinem \u201eAusblick\u201c auf das 2017er-iPhone hier auch noch einen Platz. In seiner aktuellen Podcast-Episode merkt Gruber an, dass er vernommen h\u00e4tte, dass das f\u00fcr das Jahr 2017 geplante iPhone-Modell &#8211; vielleicht dann schon das iPhone 8 &#8211; \u00e4u\u00dferlich komplett \u00fcberarbeitet und mit einem randlosen, vollverglasten Bildschirm erscheinen wird. Elemente wie die Frontkamera, Touch-ID und weitere Sensoren seien komplett unter dem vollfl\u00e4chigen Bildschirm versteckt.<img loading=\"lazy\" decoding=\"async\" src=\"http:\/\/vg04.met.vgwort.de\/na\/9575cf5faddf4d79b68e848d1e9f8741\" width=\"1\" height=\"1\" class=\"tracking\"><\/p>\n<p><h8>Via <a href=\"http:\/\/www.macrumors.com\/2016\/05\/11\/2017-iphone-edge-to-edge-display\/\" title=\"2017 iPhone May Feature Edge-to-Edge Display With Embedded Touch ID Sensor, Front-Facing Camera\">MacRumors<\/a><\/h8><\/p>\n","protected":false},"excerpt":{"rendered":"<a href=\"https:\/\/www.iphone-ticker.de\/iphone-geruechte-cad-zeichnungen-des-iphone-7-iphone-8-mit-vollflaechigem-bildschirm-96618\/\"><img width=\"150\" height=\"150\" src=\"https:\/\/images.iphone-ticker.de\/wp-content\/uploads\/2016\/05\/iphone-7-plus-cad-150x150.jpg\" class=\"alignright tfe wp-post-image\" alt=\"Iphone 7 Plus Cad\" decoding=\"async\" loading=\"lazy\" \/><\/a><p>Die Abst\u00e4nde, in denen wir uns mit neuen \u201eLeaks\u201c zum iPhone 7 konfrontiert sehen, werden regelm\u00e4\u00dfig k\u00fcrzer. Einiges davon lassen wir direkt unter den Tisch fallen, hier und da gibt es dann aber dennoch Neuigkeiten, die zumindest als gesunde Diskussionsgrundlage taugen. So auch die heute von der Webseite uSwitch ver\u00f6ffentlichten CAD-Zeichnungen. Angebliches iPhone 7 Angeblich [&hellip;]<\/p>\n","protected":false},"author":2,"featured_media":96621,"comment_status":"open","ping_status":"closed","sticky":false,"template":"","format":"standard","meta":{"footnotes":""},"categories":[3069,6,1975],"tags":[2903,3364],"class_list":["post-96618","post","type-post","status-publish","format-standard","has-post-thumbnail","hentry","category-cover","category-rumors","category-feature","tag-iphone-7","tag-iphone-8"],"aioseo_notices":[],"featured_image":["http:\/\/images.iphone-ticker.de\/wp-content\/uploads\/2015\/12\/iphone-header.jpg"],"rest_api_enabler":{"featured_image":"http:\/\/images.iphone-ticker.de\/wp-content\/uploads\/2015\/12\/iphone-header.jpg"},"_links":{"self":[{"href":"https:\/\/www.iphone-ticker.de\/apiv2\/wp\/v2\/posts\/96618","targetHints":{"allow":["GET"]}}],"collection":[{"href":"https:\/\/www.iphone-ticker.de\/apiv2\/wp\/v2\/posts"}],"about":[{"href":"https:\/\/www.iphone-ticker.de\/apiv2\/wp\/v2\/types\/post"}],"author":[{"embeddable":true,"href":"https:\/\/www.iphone-ticker.de\/apiv2\/wp\/v2\/users\/2"}],"replies":[{"embeddable":true,"href":"https:\/\/www.iphone-ticker.de\/apiv2\/wp\/v2\/comments?post=96618"}],"version-history":[{"count":5,"href":"https:\/\/www.iphone-ticker.de\/apiv2\/wp\/v2\/posts\/96618\/revisions"}],"predecessor-version":[{"id":96625,"href":"https:\/\/www.iphone-ticker.de\/apiv2\/wp\/v2\/posts\/96618\/revisions\/96625"}],"wp:featuredmedia":[{"embeddable":true,"href":"https:\/\/www.iphone-ticker.de\/apiv2\/wp\/v2\/media\/96621"}],"wp:attachment":[{"href":"https:\/\/www.iphone-ticker.de\/apiv2\/wp\/v2\/media?parent=96618"}],"wp:term":[{"taxonomy":"category","embeddable":true,"href":"https:\/\/www.iphone-ticker.de\/apiv2\/wp\/v2\/categories?post=96618"},{"taxonomy":"post_tag","embeddable":true,"href":"https:\/\/www.iphone-ticker.de\/apiv2\/wp\/v2\/tags?post=96618"}],"curies":[{"name":"wp","href":"https:\/\/api.w.org\/{rel}","templated":true}]}}