{"id":9494,"date":"2010-01-26T12:51:34","date_gmt":"2010-01-26T11:51:34","guid":{"rendered":"http:\/\/www.iphone-ticker.de\/2010\/01\/26\/zur-cebit-avm-verspricht-offizielle-fritzapps\/"},"modified":"2010-01-26T12:55:45","modified_gmt":"2010-01-26T11:55:45","slug":"zur-cebit-avm-verspricht-offizielle-fritzapps","status":"publish","type":"post","link":"https:\/\/www.iphone-ticker.de\/zur-cebit-avm-verspricht-offizielle-fritzapps-9494\/","title":{"rendered":"Zur CeBIT: AVM verspricht offizielle FRITZ!Apps"},"content":{"rendered":"<p><img decoding=\"async\" src=\"http:\/\/www.iphone-ticker.de\/wp-content\/uploads\/2010\/01\/fritzapps.jpg\" alt=\"fritzapps.jpg\" align=\"right\" \/>Neben <a href=\"http:\/\/www.avm.de\/de\/Presse\/Informationen\/2010\/2010_01_21.php3\">zwei neuen FRITZ!Box-Modellen<\/a> wird der in Berlin ans\u00e4ssige Anbieter von DSL-Endger\u00e4ten, <a href=\"http:\/\/www.avm.de\/\">AVM<\/a>, zur diesj\u00e4hrigen CeBIT auch Ger\u00e4te-spezifische iPhone-Applikationen pr\u00e4sentieren.<\/p>\n<p>Vorerst wohl nur f\u00fcr die FRITZ!Box Fon WLAN 7270 erh\u00e4ltlich, sollen auch \u00e4ltere FRITZ!Box-Modelle schrittweise mit entsprechenden AppStore-Downloads ausgestattet werden. Im Einzelnen stehen jedoch weder Ver\u00f6ffentlichungstermine noch die im AppStore veranschlagten Preise fest. Auf Nachfrage verweist AVM auf die Vorstellung zur CeBIT.<\/p>\n<blockquote><p><em>&#8222;Mit einer neuen App f\u00fcr [&#8230;] das iPhone bietet AVM neue M\u00f6glichkeiten beim Einsatz zu Hause. Die Mobiltelefone verbinden sich dazu \u00fcber WLAN mit der FRITZ!Box und k\u00f6nnen f\u00fcr Festnetztelefonate und weitere FRITZ!Box-Funktionen wie Telefonbuch, Anrufbeantworter oder Anrufliste verwendet werden. Beispielsweise werden so einkommende Festnetz- und VoIP-Anrufe von der FRITZ!Box auf das Smartphone geleitet. Auch abgehende Gespr\u00e4che lassen sich vom Smartphone \u00fcber die FRITZ!Box f\u00fchren. Zur Cebit stellt AVM die neuen Anwendungsm\u00f6glichkeiten erstmals in einem FRITZ!App-Labor vor.<\/em>&#8222;<\/p><\/blockquote>\n<p>In <a href=\"http:\/\/www.iphone-ticker.de\/2009\/02\/22\/fritzbox-iphone-ein-kleiner-erfahrungsbericht-viel-lob-und-ein-video\/\">diesem Februar-Artikel<\/a> hatten wir uns ausf\u00fchrlich der Kombination aus FRITZ!Box und iPhone gewidmet &#8211; hier dem <a href=\"http:\/\/www.iphone-ticker.de\/2009\/07\/09\/iphone-3gs-als-fritzbox-voip-handset\/\">iPhone-Einsatz als VoIP-Handset<\/a>. Mit Dank an: Winkens, Sasche, Christoph und Roland.<\/p>\n","protected":false},"excerpt":{"rendered":"<a href=\"https:\/\/www.iphone-ticker.de\/zur-cebit-avm-verspricht-offizielle-fritzapps-9494\/\"><img decoding=\"async\" width=\"150\" src=\"http:\/\/www.iphone-ticker.de\/wp-content\/uploads\/2010\/01\/fritzapps.jpg\" class=\"alignright wp-post-image tfe\" alt=\"fritzapps.jpg\" title=\"\" \/><\/a><p>Neben zwei neuen FRITZ!Box-Modellen wird der in Berlin ans\u00e4ssige Anbieter von DSL-Endger\u00e4ten, AVM, zur diesj\u00e4hrigen CeBIT auch Ger\u00e4te-spezifische iPhone-Applikationen pr\u00e4sentieren. Vorerst wohl nur f\u00fcr die FRITZ!Box Fon WLAN 7270 erh\u00e4ltlich, sollen auch \u00e4ltere FRITZ!Box-Modelle schrittweise mit entsprechenden AppStore-Downloads ausgestattet werden. Im Einzelnen stehen jedoch weder Ver\u00f6ffentlichungstermine noch die im AppStore veranschlagten Preise fest. Auf Nachfrage [&hellip;]<\/p>\n","protected":false},"author":1,"featured_media":0,"comment_status":"open","ping_status":"closed","sticky":false,"template":"","format":"standard","meta":{"footnotes":""},"categories":[1],"tags":[666,3914,529,234],"class_list":["post-9494","post","type-post","status-publish","format-standard","hentry","category-news","tag-app-store","tag-apps","tag-avm","tag-voip"],"aioseo_notices":[],"rest_api_enabler":[],"_links":{"self":[{"href":"https:\/\/www.iphone-ticker.de\/apiv2\/wp\/v2\/posts\/9494","targetHints":{"allow":["GET"]}}],"collection":[{"href":"https:\/\/www.iphone-ticker.de\/apiv2\/wp\/v2\/posts"}],"about":[{"href":"https:\/\/www.iphone-ticker.de\/apiv2\/wp\/v2\/types\/post"}],"author":[{"embeddable":true,"href":"https:\/\/www.iphone-ticker.de\/apiv2\/wp\/v2\/users\/1"}],"replies":[{"embeddable":true,"href":"https:\/\/www.iphone-ticker.de\/apiv2\/wp\/v2\/comments?post=9494"}],"version-history":[{"count":0,"href":"https:\/\/www.iphone-ticker.de\/apiv2\/wp\/v2\/posts\/9494\/revisions"}],"wp:attachment":[{"href":"https:\/\/www.iphone-ticker.de\/apiv2\/wp\/v2\/media?parent=9494"}],"wp:term":[{"taxonomy":"category","embeddable":true,"href":"https:\/\/www.iphone-ticker.de\/apiv2\/wp\/v2\/categories?post=9494"},{"taxonomy":"post_tag","embeddable":true,"href":"https:\/\/www.iphone-ticker.de\/apiv2\/wp\/v2\/tags?post=9494"}],"curies":[{"name":"wp","href":"https:\/\/api.w.org\/{rel}","templated":true}]}}