{"id":94867,"date":"2016-04-01T10:02:29","date_gmt":"2016-04-01T08:02:29","guid":{"rendered":"http:\/\/www.iphone-ticker.de\/?p=94867"},"modified":"2016-04-01T10:06:39","modified_gmt":"2016-04-01T08:06:39","slug":"iphone-se-und-ipad-pro-zur-abholung-im-apple-store-bestellen","status":"publish","type":"post","link":"https:\/\/www.iphone-ticker.de\/iphone-se-und-ipad-pro-zur-abholung-im-apple-store-bestellen-94867\/","title":{"rendered":"iPhone SE und iPad Pro zur Abholung im Apple Store bestellen"},"content":{"rendered":"<p>Im <a href=\"http:\/\/aos.prf.hn\/click\/camref:ihXz\/creativeref:305132\">Apple Onlinestore<\/a> k\u00f6nnen das iPhone SE und das neue iPad Pro nun auch per \u201e<a href=\"http:\/\/www.ifun.de\/erfahrungsbericht-personal-pickup-im-apple-store-85712\/\">Personal Pickup<\/a>\u201c f\u00fcr die Abholung in einem der 14 deutschen <a href=\"http:\/\/www.apple.com\/de\/retail\/\">Apple-Ladengesch\u00e4fte<\/a> vorbestellt werden. Die Bestandsanzeige beim iPhone SE ist allerdings ern\u00fcchternd, aktuell scheinen nahezu keine Ger\u00e4te verf\u00fcgbar.<\/p>\n<p><a href=\"http:\/\/images.iphone-ticker.de\/wp-content\/uploads\/2016\/04\/personal-pickup-500-1.jpg\" rel=\"attachment wp-att-94873\"><img loading=\"lazy\" decoding=\"async\" src=\"http:\/\/images.iphone-ticker.de\/wp-content\/uploads\/2016\/04\/personal-pickup-500-1.jpg\" alt=\"personal-pickup-500\" width=\"500\" height=\"235\" class=\"alignnone size-full wp-image-94873\" srcset=\"https:\/\/images.iphone-ticker.de\/wp-content\/uploads\/2016\/04\/personal-pickup-500-1.jpg 500w, https:\/\/images.iphone-ticker.de\/wp-content\/uploads\/2016\/04\/personal-pickup-500-1-300x141.jpg 300w\" sizes=\"auto, (max-width: 500px) 100vw, 500px\" \/><\/a><\/p>\n<p>Die Vorbestellung zu Abholung findet sich auf der Auswahlseite zum jeweiligen Ger\u00e4t im <a href=\"http:\/\/aos.prf.hn\/click\/camref:ihXz\/creativeref:305132\">Apple Onlinestore<\/a>. Nachdem ihr Ger\u00e4tefarbe und Speicherausstattung gew\u00e4hlt habt, klickt ihr unten nicht auf \u201eFortsetzen\u201c, sondern auf den kleinen Link \u201eVerf\u00fcgbarkeit pr\u00fcfen\u201c darunter. Im Anschluss k\u00f6nnt ihr eure Postleitzahl eingeben, und bekommt die Verf\u00fcgbarkeit nach Entfernung zum jeweiligen Apple Store sortiert angezeigt. Ein gr\u00fcnes H\u00e4kchen bedeutet, dass die Reservierung zur Abholung m\u00f6glich ist.<\/p>\n<p>Die Angaben hier m\u00fcssen nicht zwangsl\u00e4ufig stimmen und k\u00f6nnen sich im Laufe des Tages auch \u00e4ndern. Falls ihr aktuelle Infos \u00fcber die Verf\u00fcgbarkeit vor Ort habt, k\u00f6nnt ihr es ja f\u00fcr euere Mitleser in die Kommentare schreiben. Beim iPhone SE sieht es wie eingangs geschrieben im Moment sehr mager aus, das neue iPad Pro scheint dagegen deutlich besser verf\u00fcgbar.<\/p>\n<p><a href=\"http:\/\/images.iphone-ticker.de\/wp-content\/uploads\/2016\/04\/personal-pickup-1.jpg\" rel=\"attachment wp-att-94874\"><img loading=\"lazy\" decoding=\"async\" src=\"http:\/\/images.iphone-ticker.de\/wp-content\/uploads\/2016\/04\/personal-pickup-1.jpg\" alt=\"personal-pickup\" width=\"700\" height=\"469\" class=\"alignnone size-full wp-image-94874\" srcset=\"https:\/\/images.iphone-ticker.de\/wp-content\/uploads\/2016\/04\/personal-pickup-1.jpg 700w, https:\/\/images.iphone-ticker.de\/wp-content\/uploads\/2016\/04\/personal-pickup-1-300x201.jpg 300w\" sizes=\"auto, (max-width: 700px) 100vw, 700px\" \/><\/a><\/p>\n","protected":false},"excerpt":{"rendered":"<a href=\"https:\/\/www.iphone-ticker.de\/iphone-se-und-ipad-pro-zur-abholung-im-apple-store-bestellen-94867\/\"><img width=\"150\" height=\"150\" src=\"https:\/\/images.iphone-ticker.de\/wp-content\/uploads\/2016\/04\/apple-store-iphone-header-150x150.jpg\" class=\"alignright tfe wp-post-image\" alt=\"\" decoding=\"async\" loading=\"lazy\" \/><\/a><p>Im Apple Onlinestore k\u00f6nnen das iPhone SE und das neue iPad Pro nun auch per \u201ePersonal Pickup\u201c f\u00fcr die Abholung in einem der 14 deutschen Apple-Ladengesch\u00e4fte vorbestellt werden. Die Bestandsanzeige beim iPhone SE ist allerdings ern\u00fcchternd, aktuell scheinen nahezu keine Ger\u00e4te verf\u00fcgbar. Die Vorbestellung zu Abholung findet sich auf der Auswahlseite zum jeweiligen Ger\u00e4t im [&hellip;]<\/p>\n","protected":false},"author":2,"featured_media":94871,"comment_status":"open","ping_status":"closed","sticky":false,"template":"","format":"standard","meta":{"footnotes":""},"categories":[14],"tags":[200,3150,3321],"class_list":["post-94867","post","type-post","status-publish","format-standard","has-post-thumbnail","hentry","category-apple","tag-apple-store","tag-ipad-pro","tag-iphone-se"],"aioseo_notices":[],"featured_image":["http:\/\/images.iphone-ticker.de\/wp-content\/uploads\/2016\/04\/apple-store-iphone-header.jpg"],"rest_api_enabler":{"featured_image":"http:\/\/images.iphone-ticker.de\/wp-content\/uploads\/2016\/04\/apple-store-iphone-header.jpg"},"_links":{"self":[{"href":"https:\/\/www.iphone-ticker.de\/apiv2\/wp\/v2\/posts\/94867","targetHints":{"allow":["GET"]}}],"collection":[{"href":"https:\/\/www.iphone-ticker.de\/apiv2\/wp\/v2\/posts"}],"about":[{"href":"https:\/\/www.iphone-ticker.de\/apiv2\/wp\/v2\/types\/post"}],"author":[{"embeddable":true,"href":"https:\/\/www.iphone-ticker.de\/apiv2\/wp\/v2\/users\/2"}],"replies":[{"embeddable":true,"href":"https:\/\/www.iphone-ticker.de\/apiv2\/wp\/v2\/comments?post=94867"}],"version-history":[{"count":3,"href":"https:\/\/www.iphone-ticker.de\/apiv2\/wp\/v2\/posts\/94867\/revisions"}],"predecessor-version":[{"id":94875,"href":"https:\/\/www.iphone-ticker.de\/apiv2\/wp\/v2\/posts\/94867\/revisions\/94875"}],"wp:featuredmedia":[{"embeddable":true,"href":"https:\/\/www.iphone-ticker.de\/apiv2\/wp\/v2\/media\/94871"}],"wp:attachment":[{"href":"https:\/\/www.iphone-ticker.de\/apiv2\/wp\/v2\/media?parent=94867"}],"wp:term":[{"taxonomy":"category","embeddable":true,"href":"https:\/\/www.iphone-ticker.de\/apiv2\/wp\/v2\/categories?post=94867"},{"taxonomy":"post_tag","embeddable":true,"href":"https:\/\/www.iphone-ticker.de\/apiv2\/wp\/v2\/tags?post=94867"}],"curies":[{"name":"wp","href":"https:\/\/api.w.org\/{rel}","templated":true}]}}