{"id":94750,"date":"2016-03-30T11:13:49","date_gmt":"2016-03-30T09:13:49","guid":{"rendered":"http:\/\/www.iphone-ticker.de\/?p=94750"},"modified":"2016-03-30T11:15:18","modified_gmt":"2016-03-30T09:15:18","slug":"apple-bestaetigt-offiziell-mehrere-icloud-dienste-mit-problemen","status":"publish","type":"post","link":"https:\/\/www.iphone-ticker.de\/apple-bestaetigt-offiziell-mehrere-icloud-dienste-mit-problemen-94750\/","title":{"rendered":"Apple best\u00e4tigt offiziell: Mehrere iCloud-Dienste mit Problemen"},"content":{"rendered":"<p>\u00dcber die Server-Fehler in Apples iCloud-Infrastruktur mussten wir im Laufe der vergangenen Tage gleich <a href=\"http:\/\/www.iphone-ticker.de\/ios-9-3-apples-pannenserie-eskaliert-94689\/\">mehrfach berichten<\/a>. Nach zahlreichen Leser-E-Mails zum Thema und offensichtlich reproduzierbaren Fehlern beim Verbindungsaufbau mit den Online-Konten der Apple-Cloud best\u00e4tigt das Unternehmen die Probleme nun erstmals auch offiziell. <\/p>\n<p><a href=\"http:\/\/images.iphone-ticker.de\/wp-content\/uploads\/2016\/03\/code.jpg\" rel=\"attachment wp-att-94751\"><img loading=\"lazy\" decoding=\"async\" src=\"http:\/\/images.iphone-ticker.de\/wp-content\/uploads\/2016\/03\/code.jpg\" alt=\"code\" width=\"500\" height=\"233\" class=\"aligncenter size-full wp-image-94751\" srcset=\"https:\/\/images.iphone-ticker.de\/wp-content\/uploads\/2016\/03\/code.jpg 500w, https:\/\/images.iphone-ticker.de\/wp-content\/uploads\/2016\/03\/code-300x140.jpg 300w\" sizes=\"auto, (max-width: 500px) 100vw, 500px\" \/><\/a><\/p>\n<h6>Apples 2-Faktor-Text: Auch hier darf nachgebessert werden<\/h6>\n<p>So informiert die deutsche <a href=\"http:\/\/www.apple.com\/de\/support\/systemstatus\/\">Systemstatus-Seite Apples<\/a> nun \u00fcber einen gro\u00dffl\u00e4chigen Ausfall der Dienste iCloud\u2011Backup, iWork f\u00fcr iCloud, iCloud\u2011Notizen iCloud\u2011Web\u2011Apps, Fotos und iCloud Drive. Die Angebote, Dienste und Services stehen offiziell seit 5:00 Uhr fr\u00fch f\u00fcr &#8222;einige Benutzer nicht zur Verf\u00fcgung&#8220;.<\/p>\n<p>Apple schreibt: <\/p>\n<blockquote><p>Neue und k\u00fcrzlich ge\u00e4nderte Inhalte werden auf Ihren Ger\u00e4ten m\u00f6glicherweise f\u00fcr iCloud Drive, Backup, iCloud Notizen, iWork f\u00fcr iCloud und Fotos nicht mehr synchronisiert. Benutzer k\u00f6nnen au\u00dferdem m\u00f6glicherweise mehrere Dienste auf iCloud.com nicht verwenden.<\/p><\/blockquote>\n<p><a href=\"http:\/\/images.iphone-ticker.de\/wp-content\/uploads\/2016\/03\/aussetzer.jpg\" rel=\"attachment wp-att-94752\"><img loading=\"lazy\" decoding=\"async\" src=\"http:\/\/images.iphone-ticker.de\/wp-content\/uploads\/2016\/03\/aussetzer.jpg\" alt=\"aussetzer\" width=\"700\" height=\"230\" class=\"aligncenter size-full wp-image-94752\" srcset=\"https:\/\/images.iphone-ticker.de\/wp-content\/uploads\/2016\/03\/aussetzer.jpg 700w, https:\/\/images.iphone-ticker.de\/wp-content\/uploads\/2016\/03\/aussetzer-300x99.jpg 300w\" sizes=\"auto, (max-width: 700px) 100vw, 700px\" \/><\/a><\/p>\n","protected":false},"excerpt":{"rendered":"<a href=\"https:\/\/www.iphone-ticker.de\/apple-bestaetigt-offiziell-mehrere-icloud-dienste-mit-problemen-94750\/\"><img width=\"150\" height=\"150\" src=\"https:\/\/images.iphone-ticker.de\/wp-content\/uploads\/2016\/03\/aussetzer-150x150.jpg\" class=\"alignright tfe wp-post-image\" alt=\"\" decoding=\"async\" loading=\"lazy\" \/><\/a><p>\u00dcber die Server-Fehler in Apples iCloud-Infrastruktur mussten wir im Laufe der vergangenen Tage gleich mehrfach berichten. Nach zahlreichen Leser-E-Mails zum Thema und offensichtlich reproduzierbaren Fehlern beim Verbindungsaufbau mit den Online-Konten der Apple-Cloud best\u00e4tigt das Unternehmen die Probleme nun erstmals auch offiziell. Apples 2-Faktor-Text: Auch hier darf nachgebessert werden So informiert die deutsche Systemstatus-Seite Apples nun [&hellip;]<\/p>\n","protected":false},"author":1,"featured_media":94752,"comment_status":"open","ping_status":"closed","sticky":false,"template":"","format":"standard","meta":{"footnotes":""},"categories":[14],"tags":[3912,70,655,846,981],"class_list":["post-94750","post","type-post","status-publish","format-standard","has-post-thumbnail","hentry","category-apple","tag-apple","tag-bug","tag-fehler","tag-icloud","tag-probleme"],"aioseo_notices":[],"featured_image":["http:\/\/images.iphone-ticker.de\/wp-content\/uploads\/2015\/12\/icloud.jpg"],"rest_api_enabler":{"featured_image":"http:\/\/images.iphone-ticker.de\/wp-content\/uploads\/2015\/12\/icloud.jpg"},"_links":{"self":[{"href":"https:\/\/www.iphone-ticker.de\/apiv2\/wp\/v2\/posts\/94750","targetHints":{"allow":["GET"]}}],"collection":[{"href":"https:\/\/www.iphone-ticker.de\/apiv2\/wp\/v2\/posts"}],"about":[{"href":"https:\/\/www.iphone-ticker.de\/apiv2\/wp\/v2\/types\/post"}],"author":[{"embeddable":true,"href":"https:\/\/www.iphone-ticker.de\/apiv2\/wp\/v2\/users\/1"}],"replies":[{"embeddable":true,"href":"https:\/\/www.iphone-ticker.de\/apiv2\/wp\/v2\/comments?post=94750"}],"version-history":[{"count":2,"href":"https:\/\/www.iphone-ticker.de\/apiv2\/wp\/v2\/posts\/94750\/revisions"}],"predecessor-version":[{"id":94754,"href":"https:\/\/www.iphone-ticker.de\/apiv2\/wp\/v2\/posts\/94750\/revisions\/94754"}],"wp:featuredmedia":[{"embeddable":true,"href":"https:\/\/www.iphone-ticker.de\/apiv2\/wp\/v2\/media\/94752"}],"wp:attachment":[{"href":"https:\/\/www.iphone-ticker.de\/apiv2\/wp\/v2\/media?parent=94750"}],"wp:term":[{"taxonomy":"category","embeddable":true,"href":"https:\/\/www.iphone-ticker.de\/apiv2\/wp\/v2\/categories?post=94750"},{"taxonomy":"post_tag","embeddable":true,"href":"https:\/\/www.iphone-ticker.de\/apiv2\/wp\/v2\/tags?post=94750"}],"curies":[{"name":"wp","href":"https:\/\/api.w.org\/{rel}","templated":true}]}}