{"id":94494,"date":"2016-03-22T11:50:31","date_gmt":"2016-03-22T10:50:31","guid":{"rendered":"http:\/\/www.iphone-ticker.de\/?p=94494"},"modified":"2016-03-22T11:52:13","modified_gmt":"2016-03-22T10:52:13","slug":"in-hellrosa-und-mitternachtsblau-neue-cases-fuer-iphone-se-iphone-6s","status":"publish","type":"post","link":"https:\/\/www.iphone-ticker.de\/in-hellrosa-und-mitternachtsblau-neue-cases-fuer-iphone-se-iphone-6s-94494\/","title":{"rendered":"In Hellrosa und Mitternachtsblau: Neue Cases f\u00fcr iPhone SE und iPhone 6s"},"content":{"rendered":"<p>Zusammen mit der gestrigen Vorstellung <a href=\"http:\/\/www.iphone-ticker.de\/iphone-se-genau-so-schnell-wie-das-iphone-6s-94428\/\">des iPhone SE<\/a> hat Apple auch die Zubeh\u00f6r-Auslage f\u00fcr das iPhone 6s und das iPhone 6s Plus vergr\u00f6\u00dfert und bietet eine Handvoll neuer Schutzh\u00fcllen an. <\/p>\n<p><a href=\"http:\/\/images.iphone-ticker.de\/wp-content\/uploads\/2016\/03\/leder.jpg\" rel=\"attachment wp-att-94496\"><img loading=\"lazy\" decoding=\"async\" src=\"http:\/\/images.iphone-ticker.de\/wp-content\/uploads\/2016\/03\/leder.jpg\" alt=\"leder\" width=\"500\" height=\"459\" class=\"aligncenter size-full wp-image-94496\" srcset=\"https:\/\/images.iphone-ticker.de\/wp-content\/uploads\/2016\/03\/leder.jpg 500w, https:\/\/images.iphone-ticker.de\/wp-content\/uploads\/2016\/03\/leder-300x275.jpg 300w\" sizes=\"auto, (max-width: 500px) 100vw, 500px\" \/><\/a><\/p>\n<h6>Nur zwei Lederfarben f\u00fcr das iPhone SE<\/h6>\n<p>Zwar hat sich weder der Formfaktor <a href=\"http:\/\/ifun.de\/applestore\/http:\/\/store.apple.com\/de\/go\/product\/MM632\">der Silikon-H\u00fcllen<\/a> noch der veranschlagte Preis (die optionalen Taschen kosten nach wie vor 39 Euro) ver\u00e4ndert, die Farbauswahl ist jedoch gewachsen und integriert, passend zum Fr\u00fchlingsanfang, nun auch die Modelle: K\u00f6nigsblau, Gelb, Apricot, Mint, Hellrosa und Flieder. <\/p>\n<p>Im <a href=\"http:\/\/ifun.de\/applestore\/http:\/\/store.apple.com\/de\/go\/product\/MM4D2\">Leder-Regal<\/a> (Kostenpunkt: 55 Euro) hat Apple die Geschmacksrichtungen Sturmgrau, Gelborange und Mitternachtsblau nachgelegt. F\u00fcr das iPhone SE stehen derzeit nur zwei Ledertaschen <a href=\"http:\/\/ifun.de\/applestore\/http:\/\/store.apple.com\/de\/go\/product\/MMHG2\">zur Auswahl<\/a> bereit: Mitternachtsblau und Schwarz. Diese bietet Apple allerdings 10 Euro preiswerter als beim iPhone 6s an und veranschlagt hier nur 45 Euro. <\/p>\n<p><a href=\"http:\/\/images.iphone-ticker.de\/wp-content\/uploads\/2016\/03\/taschen.jpg\" rel=\"attachment wp-att-94497\"><img loading=\"lazy\" decoding=\"async\" src=\"http:\/\/images.iphone-ticker.de\/wp-content\/uploads\/2016\/03\/taschen.jpg\" alt=\"taschen\" width=\"700\" height=\"326\" class=\"aligncenter size-full wp-image-94497\" srcset=\"https:\/\/images.iphone-ticker.de\/wp-content\/uploads\/2016\/03\/taschen.jpg 700w, https:\/\/images.iphone-ticker.de\/wp-content\/uploads\/2016\/03\/taschen-300x140.jpg 300w\" sizes=\"auto, (max-width: 700px) 100vw, 700px\" \/><\/a><\/p>\n","protected":false},"excerpt":{"rendered":"<a href=\"https:\/\/www.iphone-ticker.de\/in-hellrosa-und-mitternachtsblau-neue-cases-fuer-iphone-se-iphone-6s-94494\/\"><img width=\"150\" height=\"150\" src=\"https:\/\/images.iphone-ticker.de\/wp-content\/uploads\/2016\/03\/taschen-150x150.jpg\" class=\"alignright tfe wp-post-image\" alt=\"\" decoding=\"async\" loading=\"lazy\" \/><\/a><p>Zusammen mit der gestrigen Vorstellung des iPhone SE hat Apple auch die Zubeh\u00f6r-Auslage f\u00fcr das iPhone 6s und das iPhone 6s Plus vergr\u00f6\u00dfert und bietet eine Handvoll neuer Schutzh\u00fcllen an. Nur zwei Lederfarben f\u00fcr das iPhone SE Zwar hat sich weder der Formfaktor der Silikon-H\u00fcllen noch der veranschlagte Preis (die optionalen Taschen kosten nach wie [&hellip;]<\/p>\n","protected":false},"author":1,"featured_media":94497,"comment_status":"open","ping_status":"closed","sticky":false,"template":"","format":"standard","meta":{"footnotes":""},"categories":[749],"tags":[3912,21,22,3321,622],"class_list":["post-94494","post","type-post","status-publish","format-standard","has-post-thumbnail","hentry","category-iphone-2","tag-apple","tag-case","tag-hulle","tag-iphone-se","tag-schutz"],"aioseo_notices":[],"featured_image":["http:\/\/images.iphone-ticker.de\/wp-content\/uploads\/2016\/03\/gelb.jpg"],"rest_api_enabler":{"featured_image":"http:\/\/images.iphone-ticker.de\/wp-content\/uploads\/2016\/03\/gelb.jpg"},"_links":{"self":[{"href":"https:\/\/www.iphone-ticker.de\/apiv2\/wp\/v2\/posts\/94494","targetHints":{"allow":["GET"]}}],"collection":[{"href":"https:\/\/www.iphone-ticker.de\/apiv2\/wp\/v2\/posts"}],"about":[{"href":"https:\/\/www.iphone-ticker.de\/apiv2\/wp\/v2\/types\/post"}],"author":[{"embeddable":true,"href":"https:\/\/www.iphone-ticker.de\/apiv2\/wp\/v2\/users\/1"}],"replies":[{"embeddable":true,"href":"https:\/\/www.iphone-ticker.de\/apiv2\/wp\/v2\/comments?post=94494"}],"version-history":[{"count":2,"href":"https:\/\/www.iphone-ticker.de\/apiv2\/wp\/v2\/posts\/94494\/revisions"}],"predecessor-version":[{"id":94499,"href":"https:\/\/www.iphone-ticker.de\/apiv2\/wp\/v2\/posts\/94494\/revisions\/94499"}],"wp:featuredmedia":[{"embeddable":true,"href":"https:\/\/www.iphone-ticker.de\/apiv2\/wp\/v2\/media\/94497"}],"wp:attachment":[{"href":"https:\/\/www.iphone-ticker.de\/apiv2\/wp\/v2\/media?parent=94494"}],"wp:term":[{"taxonomy":"category","embeddable":true,"href":"https:\/\/www.iphone-ticker.de\/apiv2\/wp\/v2\/categories?post=94494"},{"taxonomy":"post_tag","embeddable":true,"href":"https:\/\/www.iphone-ticker.de\/apiv2\/wp\/v2\/tags?post=94494"}],"curies":[{"name":"wp","href":"https:\/\/api.w.org\/{rel}","templated":true}]}}