{"id":94463,"date":"2016-03-21T21:06:47","date_gmt":"2016-03-21T20:06:47","guid":{"rendered":"http:\/\/www.iphone-ticker.de\/?p=94463"},"modified":"2016-03-21T21:07:48","modified_gmt":"2016-03-21T20:07:48","slug":"watchos-2-2-telekom-mit-volte-alle-videos-und-ein-neuer-lightning-stecker","status":"publish","type":"post","link":"https:\/\/www.iphone-ticker.de\/watchos-2-2-telekom-mit-volte-alle-videos-und-ein-neuer-lightning-stecker-94463\/","title":{"rendered":"watchOS 2.2, Telekom mit VoLTE, alle Videos und ein neuer Lightning-Stecker"},"content":{"rendered":"<h2>Apple-Watch-Update 2.2 verf\u00fcgbar<\/h2>\n<p>Nach <a href=\"http:\/\/www.iphone-ticker.de\/apple-veroeffentlicht-ios-9-3-94419\/\">iOS 9.3<\/a>, <a href=\"http:\/\/www.ifun.de\/os-x-el-capitan-10-11-4-update-im-mac-app-store-verfuegbar-90001\/\">OS X 10.11.4<\/a> und <a href=\"http:\/\/www.ifun.de\/update-fuer-apple-tv-tvos-9-2-bringt-app-ordner-bluetooth-tastaturen-und-mehr-89995\/\">tvOS 9.2<\/a> hat Apple mittlerweile auch watchOS 2.2 mit diversen Fehlerbehebungen und Verbesserungen f\u00fcr alle Nutzer freigegeben. <\/p>\n<p><a href=\"http:\/\/images.iphone-ticker.de\/wp-content\/uploads\/2016\/03\/watchos-22-update.jpg\" rel=\"attachment wp-att-94462\"><img loading=\"lazy\" decoding=\"async\" src=\"http:\/\/images.iphone-ticker.de\/wp-content\/uploads\/2016\/03\/watchos-22-update.jpg\" alt=\"watchos-22-update\" width=\"500\" height=\"296\" class=\"aligncenter size-full wp-image-94462\" srcset=\"https:\/\/images.iphone-ticker.de\/wp-content\/uploads\/2016\/03\/watchos-22-update.jpg 500w, https:\/\/images.iphone-ticker.de\/wp-content\/uploads\/2016\/03\/watchos-22-update-300x178.jpg 300w\" sizes=\"auto, (max-width: 500px) 100vw, 500px\" \/><\/a><\/p>\n<p>Unter anderem k\u00f6nnen nun mehrere Apple-Uhren mit ein und dem selben iPhone gekoppelt werden, die Karten-App auf der Uhr zeigt nun \u201eIn der N\u00e4he\u201c-Suchergebnisse wie Lokale oder Einkaufsm\u00f6glichkeiten an und die Herzfrequenz wird im Hintergrund h\u00e4ufiger gemessen, wenn sich der Benutzer nicht bewegt. Die Aktualisierung von watchOS wird vom iPhone aus angesto\u00dfen. Ihr m\u00fcsst die \u201eWatch\u201c-App auf dem iPhone starten und findet das Update dort im Bereich \u201eMeine Uhr\u201c.<\/p>\n<h2>Telekom-VoLTE<\/h2>\n<p>Die Telekom d\u00fcrfte den morgigen Dienstag dazu nutzen, den offiziellen VoLTE-Startschuss f\u00fcr die Anwender der aktuellen iPhone-Einheiten abzufeuern. So installieren die iPhone 6s-Modelle nach dem Update auf die heute freigegeben iOS-Version 9.3 auch ein frisches Netzbetreiber-Profil (Version: Telekom 24.1) des Mobilfunkanbieters, der das iPhone auf den hiesigen VoLTE-Standard der Bonner vorbereitet. <\/p>\n<p>Wenn die Telekom den VoLTE-Start morgen bekannt gibt, dann jedoch als letzter der drei gro\u00dfen deutschen Netzbetreiber: <a href=\"http:\/\/www.iphone-ticker.de\/o2-schaltet-volte-auf-iphone-6-und-6-plus-frei-86897\/\">o2<\/a> und <a href=\"http:\/\/www.iphone-ticker.de\/vodafone-schaltet-volte-auf-iphone-6-und-6-plus-frei-83709\/\">Vodafone<\/a> bieten bereits <a href=\"http:\/\/www.iphone-ticker.de\/vodafone-schaltet-volte-auf-iphone-6-und-6-plus-frei-83709\">seit l\u00e4ngerem<\/a> VoLTE-Gespr\u00e4che auf iPhone-Modellen im eigenen Netz an.<\/p>\n<p><a href=\"http:\/\/images.iphone-ticker.de\/wp-content\/uploads\/2016\/03\/telekom-2.jpg\" rel=\"attachment wp-att-94464\"><img loading=\"lazy\" decoding=\"async\" src=\"http:\/\/images.iphone-ticker.de\/wp-content\/uploads\/2016\/03\/telekom-2.jpg\" alt=\"telekom\" width=\"700\" height=\"342\" class=\"aligncenter size-full wp-image-94464\" srcset=\"https:\/\/images.iphone-ticker.de\/wp-content\/uploads\/2016\/03\/telekom-2.jpg 700w, https:\/\/images.iphone-ticker.de\/wp-content\/uploads\/2016\/03\/telekom-2-300x147.jpg 300w\" sizes=\"auto, (max-width: 700px) 100vw, 700px\" \/><\/a><\/p>\n<h2>Alle Videos<\/h2>\n<p>Zusammen mit dem offiziellen Mitschnitt des Apple-Events &#8211; diesen k\u00f6nnt ihr <a href=\"http:\/\/www.apple.com\/apple-events\/march-2016\/\">hier abrufen<\/a> &#8211; hat Apple auch mehrere neue Youtube-Videos ver\u00f6ffentlicht. Unter anderem k\u00f6nnt ihr euch den heute pr\u00e4sentierten Recycling-Roboter Liam auf dem offiziellen <a href=\"https:\/\/www.youtube.com\/user\/Apple\/videos\">Youtube-Account Apples<\/a> anschauen. <\/p>\n<p><div class=\"responsive-video\"><iframe loading=\"lazy\" width=\"700\" height=\"371\" src=\"http:\/\/www.youtube-nocookie.com\/embed\/AYshVbcEmUc\" frameborder=\"0\" allowfullscreen><\/iframe><\/div><\/p>\n<h2>Neue Lightning-Stecker<\/h2>\n<p>Eine Info f\u00fcr MacBook-Nutzer, die ihren Ger\u00e4te-Park um das <a href=\"http:\/\/www.ifun.de\/apple-stellt-neues-ipad-pro-mit-97-bildschirm-und-bis-zu-256-gb-speicher-vor-90015\/\">neue 12.9-Zoll iPad Pro<\/a> erweitern m\u00f6chten. <\/p>\n<p>Im <a href=\"http:\/\/www.apple.com\/de\/shop\/product\/MK0X2ZM\/A\/lightning-auf-usb-c-kabel-1-m\">Online Store<\/a> bietet Apple jetzt eine Lightning zu USB-C Kabel zum schnellen laden des neuen iPads an. Die Strippe, die den Saft vom MacBook an das iPad Pro weitergibt steht in den Varianten <a href=\"http:\/\/www.apple.com\/de\/shop\/product\/MK0X2ZM\/A\/lightning-auf-usb-c-kabel-1-m\">1-Meter<\/a> und <a href=\"http:\/\/www.apple.com\/de\/shop\/product\/MKQ42ZM\/A\/lightning-auf-usb-c-kabel-2-m\">2-Meter<\/a> zur Verf\u00fcgung und kostet 29\u20ac bzw. 39\u20ac. <\/p>\n<blockquote><p>Mit diesem USB-C Kabel verbindest du dein iPhone, iPad oder deinen iPod \u00fcber den Lightning Connector mit dem USB-C Anschluss deines Computers zum Synchronisieren und Laden. Du kannst das Kabel auch mit einem Apple 29W USB-C Power Adapter (Netzteil) verwenden und die Funktion zum schnellen Laden des 12,9&#8243; iPad Pro nutzen.<\/p><\/blockquote>\n<p><a href=\"http:\/\/images.iphone-ticker.de\/wp-content\/uploads\/2016\/03\/light.jpg\" rel=\"attachment wp-att-94465\"><img loading=\"lazy\" decoding=\"async\" src=\"http:\/\/images.iphone-ticker.de\/wp-content\/uploads\/2016\/03\/light.jpg\" alt=\"light\" width=\"700\" height=\"310\" class=\"aligncenter size-full wp-image-94465\" srcset=\"https:\/\/images.iphone-ticker.de\/wp-content\/uploads\/2016\/03\/light.jpg 700w, https:\/\/images.iphone-ticker.de\/wp-content\/uploads\/2016\/03\/light-300x133.jpg 300w\" sizes=\"auto, (max-width: 700px) 100vw, 700px\" \/><\/a><\/p>\n","protected":false},"excerpt":{"rendered":"<a href=\"https:\/\/www.iphone-ticker.de\/watchos-2-2-telekom-mit-volte-alle-videos-und-ein-neuer-lightning-stecker-94463\/\"><img width=\"150\" height=\"150\" src=\"https:\/\/images.iphone-ticker.de\/wp-content\/uploads\/2016\/03\/event-1-150x150.jpg\" class=\"alignright tfe wp-post-image\" alt=\"\" decoding=\"async\" loading=\"lazy\" \/><\/a><p>Apple-Watch-Update 2.2 verf\u00fcgbar Nach iOS 9.3, OS X 10.11.4 und tvOS 9.2 hat Apple mittlerweile auch watchOS 2.2 mit diversen Fehlerbehebungen und Verbesserungen f\u00fcr alle Nutzer freigegeben. Unter anderem k\u00f6nnen nun mehrere Apple-Uhren mit ein und dem selben iPhone gekoppelt werden, die Karten-App auf der Uhr zeigt nun \u201eIn der N\u00e4he\u201c-Suchergebnisse wie Lokale oder Einkaufsm\u00f6glichkeiten [&hellip;]<\/p>\n","protected":false},"author":1,"featured_media":94466,"comment_status":"open","ping_status":"closed","sticky":false,"template":"","format":"standard","meta":{"footnotes":""},"categories":[14],"tags":[3912,1653,363,2692,5239],"class_list":["post-94463","post","type-post","status-publish","format-standard","has-post-thumbnail","hentry","category-apple","tag-apple","tag-lightning","tag-telekom","tag-volte","tag-zubehoer"],"aioseo_notices":[],"featured_image":["http:\/\/images.iphone-ticker.de\/wp-content\/uploads\/2016\/03\/event-1.jpg"],"subheadline":["Event-Nachlese"],"rest_api_enabler":{"featured_image":"http:\/\/images.iphone-ticker.de\/wp-content\/uploads\/2016\/03\/event-1.jpg","subheadline":"Event-Nachlese"},"_links":{"self":[{"href":"https:\/\/www.iphone-ticker.de\/apiv2\/wp\/v2\/posts\/94463","targetHints":{"allow":["GET"]}}],"collection":[{"href":"https:\/\/www.iphone-ticker.de\/apiv2\/wp\/v2\/posts"}],"about":[{"href":"https:\/\/www.iphone-ticker.de\/apiv2\/wp\/v2\/types\/post"}],"author":[{"embeddable":true,"href":"https:\/\/www.iphone-ticker.de\/apiv2\/wp\/v2\/users\/1"}],"replies":[{"embeddable":true,"href":"https:\/\/www.iphone-ticker.de\/apiv2\/wp\/v2\/comments?post=94463"}],"version-history":[{"count":2,"href":"https:\/\/www.iphone-ticker.de\/apiv2\/wp\/v2\/posts\/94463\/revisions"}],"predecessor-version":[{"id":94468,"href":"https:\/\/www.iphone-ticker.de\/apiv2\/wp\/v2\/posts\/94463\/revisions\/94468"}],"wp:featuredmedia":[{"embeddable":true,"href":"https:\/\/www.iphone-ticker.de\/apiv2\/wp\/v2\/media\/94466"}],"wp:attachment":[{"href":"https:\/\/www.iphone-ticker.de\/apiv2\/wp\/v2\/media?parent=94463"}],"wp:term":[{"taxonomy":"category","embeddable":true,"href":"https:\/\/www.iphone-ticker.de\/apiv2\/wp\/v2\/categories?post=94463"},{"taxonomy":"post_tag","embeddable":true,"href":"https:\/\/www.iphone-ticker.de\/apiv2\/wp\/v2\/tags?post=94463"}],"curies":[{"name":"wp","href":"https:\/\/api.w.org\/{rel}","templated":true}]}}