{"id":94424,"date":"2016-03-21T18:31:18","date_gmt":"2016-03-21T17:31:18","guid":{"rendered":"http:\/\/www.iphone-ticker.de\/?p=94424"},"modified":"2016-03-21T19:32:06","modified_gmt":"2016-03-21T18:32:06","slug":"299-apple-reduziert-die-apple-watch","status":"publish","type":"post","link":"https:\/\/www.iphone-ticker.de\/299-apple-reduziert-die-apple-watch-94424\/","title":{"rendered":"Ab 349 Euro: Apple reduziert die Apple Watch"},"content":{"rendered":"<p>Auf seinem Medien-Event in San Francisco hat Apple heute mehrere neue Armb\u00e4nder f\u00fcr die Apple Watch angek\u00fcndigt und den Preis der smarten Armbanduhr massiv reduziert. Zuk\u00fcnftig, so Tim Cook auf der noch laufenden Veranstaltung, wird Cupertino die Apple Watch f\u00fcr $299 anbieten. <\/p>\n<p><a href=\"http:\/\/images.iphone-ticker.de\/wp-content\/uploads\/2016\/03\/blau-uhr.jpg\" rel=\"attachment wp-att-94447\"><img loading=\"lazy\" decoding=\"async\" src=\"http:\/\/images.iphone-ticker.de\/wp-content\/uploads\/2016\/03\/blau-uhr.jpg\" alt=\"blau-uhr\" width=\"500\" height=\"342\" class=\"aligncenter size-full wp-image-94447\" srcset=\"https:\/\/images.iphone-ticker.de\/wp-content\/uploads\/2016\/03\/blau-uhr.jpg 500w, https:\/\/images.iphone-ticker.de\/wp-content\/uploads\/2016\/03\/blau-uhr-300x205.jpg 300w\" sizes=\"auto, (max-width: 500px) 100vw, 500px\" \/><\/a><\/p>\n<p>Eine Preisreduktion, die sich durch die Spezial-Angebote hiesiger Elektrom\u00e4rkte bereits in den vergangenen Woche ank\u00fcndigte. Zudem hat Apple eine Handvoll neuer Armb\u00e4nder angek\u00fcndigt. Unter anderem wird sich die Apple Watch zuk\u00fcnftig mit dem Textilarmband &#8222;Woven Nylon&#8220; ausstatten lassen. Weitere Informationen liefern wir im Laufe des Abends nach. <\/p>\n","protected":false},"excerpt":{"rendered":"<a href=\"https:\/\/www.iphone-ticker.de\/299-apple-reduziert-die-apple-watch-94424\/\"><img width=\"150\" height=\"150\" src=\"https:\/\/images.iphone-ticker.de\/wp-content\/uploads\/2016\/03\/band-150x150.jpg\" class=\"alignright tfe wp-post-image\" alt=\"\" decoding=\"async\" loading=\"lazy\" \/><\/a><p>Auf seinem Medien-Event in San Francisco hat Apple heute mehrere neue Armb\u00e4nder f\u00fcr die Apple Watch angek\u00fcndigt und den Preis der smarten Armbanduhr massiv reduziert. Zuk\u00fcnftig, so Tim Cook auf der noch laufenden Veranstaltung, wird Cupertino die Apple Watch f\u00fcr $299 anbieten. Eine Preisreduktion, die sich durch die Spezial-Angebote hiesiger Elektrom\u00e4rkte bereits in den vergangenen [&hellip;]<\/p>\n","protected":false},"author":1,"featured_media":94426,"comment_status":"open","ping_status":"closed","sticky":false,"template":"","format":"standard","meta":{"footnotes":""},"categories":[14],"tags":[2759],"class_list":["post-94424","post","type-post","status-publish","format-standard","has-post-thumbnail","hentry","category-apple","tag-apple-watch"],"aioseo_notices":[],"featured_image":["http:\/\/images.iphone-ticker.de\/wp-content\/uploads\/2016\/03\/bander.jpg"],"rest_api_enabler":{"featured_image":"http:\/\/images.iphone-ticker.de\/wp-content\/uploads\/2016\/03\/bander.jpg"},"_links":{"self":[{"href":"https:\/\/www.iphone-ticker.de\/apiv2\/wp\/v2\/posts\/94424","targetHints":{"allow":["GET"]}}],"collection":[{"href":"https:\/\/www.iphone-ticker.de\/apiv2\/wp\/v2\/posts"}],"about":[{"href":"https:\/\/www.iphone-ticker.de\/apiv2\/wp\/v2\/types\/post"}],"author":[{"embeddable":true,"href":"https:\/\/www.iphone-ticker.de\/apiv2\/wp\/v2\/users\/1"}],"replies":[{"embeddable":true,"href":"https:\/\/www.iphone-ticker.de\/apiv2\/wp\/v2\/comments?post=94424"}],"version-history":[{"count":4,"href":"https:\/\/www.iphone-ticker.de\/apiv2\/wp\/v2\/posts\/94424\/revisions"}],"predecessor-version":[{"id":94449,"href":"https:\/\/www.iphone-ticker.de\/apiv2\/wp\/v2\/posts\/94424\/revisions\/94449"}],"wp:featuredmedia":[{"embeddable":true,"href":"https:\/\/www.iphone-ticker.de\/apiv2\/wp\/v2\/media\/94426"}],"wp:attachment":[{"href":"https:\/\/www.iphone-ticker.de\/apiv2\/wp\/v2\/media?parent=94424"}],"wp:term":[{"taxonomy":"category","embeddable":true,"href":"https:\/\/www.iphone-ticker.de\/apiv2\/wp\/v2\/categories?post=94424"},{"taxonomy":"post_tag","embeddable":true,"href":"https:\/\/www.iphone-ticker.de\/apiv2\/wp\/v2\/tags?post=94424"}],"curies":[{"name":"wp","href":"https:\/\/api.w.org\/{rel}","templated":true}]}}