{"id":9421,"date":"2010-01-20T21:01:40","date_gmt":"2010-01-20T20:01:40","guid":{"rendered":"http:\/\/www.iphone-ticker.de\/2010\/01\/20\/apple-tablet-mogliche-grunde-fur-spateren-europa-start\/"},"modified":"2010-01-21T10:14:11","modified_gmt":"2010-01-21T09:14:11","slug":"apple-tablet-mogliche-grunde-fur-spateren-europa-start","status":"publish","type":"post","link":"https:\/\/www.iphone-ticker.de\/apple-tablet-mogliche-grunde-fur-spateren-europa-start-9421\/","title":{"rendered":"Apple-Tablet: M\u00f6gliche Gr\u00fcnde f\u00fcr sp\u00e4teren Europa-Start [Update]"},"content":{"rendered":"<p><strong>UPDATE: Damit es mit den Tablet-Ger\u00fcchten hier nicht \u00fcberhand nimmt, nur der Link <a href=\"http:\/\/www.ifun.de\/content\/view\/6083\/1\/\">r\u00fcber zu iFUN<\/a>, dort gibt&#8217;s eine neue Liste mit vermeintlichen Features\u2026<\/strong><\/p>\n<p>Kaum jemand zweifelt noch daran, dass Apple-Boss Steve Jobs n\u00e4chsten Mittwoch h\u00f6chstpers\u00f6nlich einen Tablet-Computer als Apples neueste Kreation vorstellt. \u00dcber die Details jedoch ist bis auf eine Menge mehr oder weniger realistischer Spekulationen weiterhin so gut wie nichts bekannt. Allerdings h\u00e4ufen sich in den letzten Tagen die Hinweise darauf, dass Apple das neue Ger\u00e4t zum Verkaufsstart nur in den USA anbieten wird. D\u00e9j\u00e0-vu? Genau, beim iPhone war es 2007 genauso.<\/p>\n<p>Auf Basis dessen, was aktuell vom Apple-Tablet erwartet wird sprechen zwei gewichtige Gr\u00fcnde f\u00fcr diese Strategie:<br \/>\n1. Apple muss wie bereits beim iPhone einen verl\u00e4sslichen Partner auf Providerseite finden, der nicht nur attraktive Konditionen, sondern auch die passende Infrastruktur anbieten kann: Zumindest ger\u00fcchteweise soll das Tablet ja per UMTS-Flatrate jederzeit mit dem Internet verbunden sein.<br \/>\n2. Fast noch schwieriger: Inhalte. Wenn wir davon ausgehen, dass das Tablet auch als Magazin- oder E-Book-Reader zu gebrauchen ist, muss Apple hier von Anfang an auch Zugriff auf hochwertige Inhalte bieten. Entsprechende Vertr\u00e4ge lassen sich &#8211; nicht nur mit Hinblick auf die Geheimhaltung &#8211; sicherlich einfacher f\u00fcr ein begrenztes Territorium aushandeln. Will man zus\u00e4tzliche Sprachen anbieten, muss man deutlich mehr Partner mit ins Boot nehmen und diese vor allem auch \u00fcberzeugen. Das ist, wenn wir uns die deutsche Verlagswelt vor Augen halten, sicherlich kein einfacher Job &#8211; da tut man sich mit einem bereits existenten (Erfolgs-)Modell sicher deutlich leichter.<\/p>\n<p>Aber es kann ja alles noch ganz anders kommen, oder auch gar nicht. Einmal mehr und sicher nicht zum letzten Mal verweisen wir auf unseren Live-Ticker am Mittwoch Abend.<\/p>\n","protected":false},"excerpt":{"rendered":"<p>UPDATE: Damit es mit den Tablet-Ger\u00fcchten hier nicht \u00fcberhand nimmt, nur der Link r\u00fcber zu iFUN, dort gibt&#8217;s eine neue Liste mit vermeintlichen Features\u2026 Kaum jemand zweifelt noch daran, dass Apple-Boss Steve Jobs n\u00e4chsten Mittwoch h\u00f6chstpers\u00f6nlich einen Tablet-Computer als Apples neueste Kreation vorstellt. \u00dcber die Details jedoch ist bis auf eine Menge mehr oder weniger [&hellip;]<\/p>\n","protected":false},"author":2,"featured_media":0,"comment_status":"open","ping_status":"closed","sticky":false,"template":"","format":"standard","meta":{"footnotes":""},"categories":[1],"tags":[2064,3910,504],"class_list":["post-9421","post","type-post","status-publish","format-standard","hentry","category-news","tag-geruechte","tag-rumors","tag-tablet-mac"],"aioseo_notices":[],"rest_api_enabler":[],"_links":{"self":[{"href":"https:\/\/www.iphone-ticker.de\/apiv2\/wp\/v2\/posts\/9421","targetHints":{"allow":["GET"]}}],"collection":[{"href":"https:\/\/www.iphone-ticker.de\/apiv2\/wp\/v2\/posts"}],"about":[{"href":"https:\/\/www.iphone-ticker.de\/apiv2\/wp\/v2\/types\/post"}],"author":[{"embeddable":true,"href":"https:\/\/www.iphone-ticker.de\/apiv2\/wp\/v2\/users\/2"}],"replies":[{"embeddable":true,"href":"https:\/\/www.iphone-ticker.de\/apiv2\/wp\/v2\/comments?post=9421"}],"version-history":[{"count":0,"href":"https:\/\/www.iphone-ticker.de\/apiv2\/wp\/v2\/posts\/9421\/revisions"}],"wp:attachment":[{"href":"https:\/\/www.iphone-ticker.de\/apiv2\/wp\/v2\/media?parent=9421"}],"wp:term":[{"taxonomy":"category","embeddable":true,"href":"https:\/\/www.iphone-ticker.de\/apiv2\/wp\/v2\/categories?post=9421"},{"taxonomy":"post_tag","embeddable":true,"href":"https:\/\/www.iphone-ticker.de\/apiv2\/wp\/v2\/tags?post=9421"}],"curies":[{"name":"wp","href":"https:\/\/api.w.org\/{rel}","templated":true}]}}