{"id":9419,"date":"2010-01-20T13:15:29","date_gmt":"2010-01-20T12:15:29","guid":{"rendered":"http:\/\/www.iphone-ticker.de\/2010\/01\/20\/macobserver-legt-nach-zweites-foto-des-tablet-front-panels\/"},"modified":"2010-01-20T13:31:13","modified_gmt":"2010-01-20T12:31:13","slug":"macobserver-legt-nach-zweites-foto-des-tablet-front-panels","status":"publish","type":"post","link":"https:\/\/www.iphone-ticker.de\/macobserver-legt-nach-zweites-foto-des-tablet-front-panels-9419\/","title":{"rendered":"Macobserver legt nach: Zweites &#8222;Foto&#8220; des Tablet Front-Panels"},"content":{"rendered":"<p>Acht Tage nach <a href=\"http:\/\/www.iphone-ticker.de\/2010\/01\/12\/geruchte-nachste-iphone-generation-im-mai-erstes-tablet-bauteil-im-foto\/\">dem hier ver\u00f6ffentlichten Bild<\/a> eines vermeintlichen Bauteils des Apple Tablets, legt die anonyme Quelle <a href=\"http:\/\/tmo.to\/edmM\">des Macobservers<\/a> nun zwei weitere Fotos des iPhone-\u00e4hnlichen Front-Panels nach. Diesmal im direkten Gr\u00f6\u00dfenvergleich mit einer MacBook-Tastatur abgelichtet, \u00fcberzeugen die verwaschenen Bilder noch nicht wirklich, erinnern uns jedoch an <a href=\"http:\/\/www.iphone-ticker.de\/2008\/04\/03\/news-mix-neues-iphone-gehause-winpwn-firmware-20-und-safaridl\/\">die vom iPodobserver ver\u00f6ffentlichten<\/a> Fotos der iPhone-R\u00fcckseite im April 2008. Damals landete das Partner-Magazin des Macobservers einen Treffer.<\/p>\n<p style=\"text-align: center\"><img decoding=\"async\" src=\"http:\/\/www.iphone-ticker.de\/wp-content\/uploads\/2010\/01\/macobserver.jpg\" alt=\"macobserver.jpg\" \/><\/p>\n<p>Wir bleiben weiterhin skeptisch und fragen uns aufs neue, wozu das Tablet im Hochformat und zudem mit einer H\u00f6rer-Aussparung ausgeliefert werden sollte. Der Macobserver schreibt:<\/p>\n<blockquote><p><em>We received two new photos today, the first of which shows the glass sitting on top of a MacBook Pro&#8217;s keyboard. The trackpad is the rectangle below the glass at the bottom of the image. The caveat is that we still have not been able to double source the photos, but we trust our source.<\/em><\/p><\/blockquote>\n","protected":false},"excerpt":{"rendered":"<a href=\"https:\/\/www.iphone-ticker.de\/macobserver-legt-nach-zweites-foto-des-tablet-front-panels-9419\/\"><img decoding=\"async\" width=\"150\" src=\"http:\/\/www.iphone-ticker.de\/wp-content\/uploads\/2010\/01\/macobserver.jpg\" class=\"alignright wp-post-image tfe\" alt=\"macobserver.jpg\" title=\"\" \/><\/a><p>Acht Tage nach dem hier ver\u00f6ffentlichten Bild eines vermeintlichen Bauteils des Apple Tablets, legt die anonyme Quelle des Macobservers nun zwei weitere Fotos des iPhone-\u00e4hnlichen Front-Panels nach. Diesmal im direkten Gr\u00f6\u00dfenvergleich mit einer MacBook-Tastatur abgelichtet, \u00fcberzeugen die verwaschenen Bilder noch nicht wirklich, erinnern uns jedoch an die vom iPodobserver ver\u00f6ffentlichten Fotos der iPhone-R\u00fcckseite im April [&hellip;]<\/p>\n","protected":false},"author":1,"featured_media":0,"comment_status":"open","ping_status":"closed","sticky":false,"template":"","format":"standard","meta":{"footnotes":""},"categories":[1],"tags":[3912,10,3910],"class_list":["post-9419","post","type-post","status-publish","format-standard","hentry","category-news","tag-apple","tag-bilder","tag-rumors"],"aioseo_notices":[],"rest_api_enabler":[],"_links":{"self":[{"href":"https:\/\/www.iphone-ticker.de\/apiv2\/wp\/v2\/posts\/9419","targetHints":{"allow":["GET"]}}],"collection":[{"href":"https:\/\/www.iphone-ticker.de\/apiv2\/wp\/v2\/posts"}],"about":[{"href":"https:\/\/www.iphone-ticker.de\/apiv2\/wp\/v2\/types\/post"}],"author":[{"embeddable":true,"href":"https:\/\/www.iphone-ticker.de\/apiv2\/wp\/v2\/users\/1"}],"replies":[{"embeddable":true,"href":"https:\/\/www.iphone-ticker.de\/apiv2\/wp\/v2\/comments?post=9419"}],"version-history":[{"count":0,"href":"https:\/\/www.iphone-ticker.de\/apiv2\/wp\/v2\/posts\/9419\/revisions"}],"wp:attachment":[{"href":"https:\/\/www.iphone-ticker.de\/apiv2\/wp\/v2\/media?parent=9419"}],"wp:term":[{"taxonomy":"category","embeddable":true,"href":"https:\/\/www.iphone-ticker.de\/apiv2\/wp\/v2\/categories?post=9419"},{"taxonomy":"post_tag","embeddable":true,"href":"https:\/\/www.iphone-ticker.de\/apiv2\/wp\/v2\/tags?post=9419"}],"curies":[{"name":"wp","href":"https:\/\/api.w.org\/{rel}","templated":true}]}}