{"id":93823,"date":"2016-03-08T08:10:11","date_gmt":"2016-03-08T07:10:11","guid":{"rendered":"http:\/\/www.iphone-ticker.de\/?p=93823"},"modified":"2016-03-09T11:47:15","modified_gmt":"2016-03-09T10:47:15","slug":"doppel-kamera-im-iphone-7-apples-patent-skizze-im-video","status":"publish","type":"post","link":"https:\/\/www.iphone-ticker.de\/doppel-kamera-im-iphone-7-apples-patent-skizze-im-video-93823\/","title":{"rendered":"Doppel-Kamera im iPhone 7: Apples Patent-Skizze im Video"},"content":{"rendered":"<p>Die ersten Spekulationen \u00fcber die Integration eines zweifachen Kamera-Moduls in das iPhone liegen ziemlich genau ein Jahr <a href=\"http:\/\/www.iphone-ticker.de\/?p=76246\">zur\u00fcck<\/a>. Am 15. Januar informierten wir euch \u00fcber taiwanesische Medienberichte, die eine deutlich bessere Kamera im iPhone 6s herbeiredeten und nicht etwa \u201eLive Photos\u201c, sondern den Einbau von zwei Linsen vorhersagten.<\/p>\n<p><a href=\"http:\/\/images.iphone-ticker.de\/wp-content\/uploads\/2016\/03\/zoom.jpg\" rel=\"attachment wp-att-93825\"><img loading=\"lazy\" decoding=\"async\" src=\"http:\/\/images.iphone-ticker.de\/wp-content\/uploads\/2016\/03\/zoom.jpg\" alt=\"zoom\" width=\"500\" height=\"338\" class=\"aligncenter size-full wp-image-93825\" srcset=\"https:\/\/images.iphone-ticker.de\/wp-content\/uploads\/2016\/03\/zoom.jpg 500w, https:\/\/images.iphone-ticker.de\/wp-content\/uploads\/2016\/03\/zoom-300x203.jpg 300w\" sizes=\"auto, (max-width: 500px) 100vw, 500px\" \/><\/a><\/p>\n<p>Dar\u00fcber hinaus wurde ein optischer Zoom und eine deutlich bessere Bildqualit\u00e4t erwartet. Prognosen, die im Fahrwasser der konstruierten Aufregung um das Bendgate-Spektakel damals fast untergingen. <a href=\"http:\/\/www.iphone-ticker.de\/doppel-kamera-im-iphone-7-apple-patent-skizziert-die-vorzuege-91262\/\">Anfang Januar<\/a> ver\u00f6ffentlichte die amerikanische Patent- und Marken-Beh\u00f6rde USPTO dann ein Apple-Patent zum Thema und feuerte die Ger\u00fcchte um den Ausbau der iPhone-Kamera wieder an.<\/p>\n<p>Die im zweiten Quartal 2015 eingereichte Ideen-Schrift mit der Kennziffer <a href=\"http:\/\/appft.uspto.gov\/netacgi\/nph-Parser?Sect1=PTO1&#038;Sect2=HITOFF&#038;d=PG01&#038;p=1&#038;u=%2Fnetahtml%2FPTO%2Fsrchnum.html&#038;r=1&#038;f=G&#038;l=50&#038;s1=%2220160007008%22.PGNR.&#038;OS=DN\/20150301565&#038;RS=DN\/20150301565\">#20160007008<\/a> beschrieb unterschiedliche Einsatzm\u00f6glichkeiten einer zweifachen Kameralinse. Diese k\u00f6nnte hinter dem bislang standardm\u00e4\u00dfig verbauten Kameraobjektiv platziert sein und zusammen mit diesem als logische Einheit vom iPhone-Betriebssystem angesprochen werden.<\/p>\n<p>Ein Patent, dessen Umsetzung die Kollegen von Macrumors jetzt <a href=\"http:\/\/youtu.be\/ZdP7h_O2rzo\">im Video<\/a> visualisiert haben und versuchen einen realistischen Eindruck der m\u00f6glichen iOS-Integration abzuliefern.<\/p>\n<p>Derzeit wird <a href=\"http:\/\/www.iphone-ticker.de\/doppel-kamera-nur-im-grossen-iphone-7-plus-92127\/\">davon ausgegangen<\/a>, dass Apple die umfangreiche Kamera-Ausstattung als Alleinstellungsmerkmal des iPhone 7 Plus vermarkten k\u00f6nnte.<\/p>\n<p><div class=\"responsive-video\"><iframe loading=\"lazy\" width=\"700\" height=\"371\" src=\"http:\/\/www.youtube.com\/embed\/ZdP7h_O2rzo\" frameborder=\"0\" allowfullscreen><\/iframe><\/div><\/p>\n","protected":false},"excerpt":{"rendered":"<a href=\"https:\/\/www.iphone-ticker.de\/doppel-kamera-im-iphone-7-apples-patent-skizze-im-video-93823\/\"><img width=\"150\" height=\"150\" src=\"https:\/\/images.iphone-ticker.de\/wp-content\/uploads\/2016\/03\/zoom-150x150.jpg\" class=\"alignright tfe wp-post-image\" alt=\"\" decoding=\"async\" loading=\"lazy\" \/><\/a><p>Die ersten Spekulationen \u00fcber die Integration eines zweifachen Kamera-Moduls in das iPhone liegen ziemlich genau ein Jahr zur\u00fcck. Am 15. Januar informierten wir euch \u00fcber taiwanesische Medienberichte, die eine deutlich bessere Kamera im iPhone 6s herbeiredeten und nicht etwa \u201eLive Photos\u201c, sondern den Einbau von zwei Linsen vorhersagten. Dar\u00fcber hinaus wurde ein optischer Zoom und [&hellip;]<\/p>\n","protected":false},"author":1,"featured_media":93825,"comment_status":"open","ping_status":"closed","sticky":false,"template":"","format":"standard","meta":{"footnotes":""},"categories":[489],"tags":[2064,2903,139,3910,8],"class_list":["post-93823","post","type-post","status-publish","format-standard","has-post-thumbnail","hentry","category-videos","tag-geruechte","tag-iphone-7","tag-kamera","tag-rumors","tag-video"],"aioseo_notices":[],"aioseo_head":"\n\t\t<!-- All in One SEO Pro 5.0.1 - aioseo.com -->\n\t<meta name=\"description\" content=\"Die ersten Spekulationen \u00fcber die Integration eines zweifachen Kamera-Moduls in das iPhone liegen ziemlich genau ein Jahr zur\u00fcck. Am 15. Januar informierten wir euch \u00fcber taiwanesische Medienberichte, die eine deutlich bessere Kamera im iPhone 6s herbeiredeten und nicht etwa \u201eLive Photos\u201c, sondern den Einbau von zwei Linsen vorhersagten. Dar\u00fcber hinaus wurde ein optischer Zoom und\" \/>\n\t<meta name=\"robots\" content=\"max-image-preview:large\" \/>\n\t<meta name=\"author\" content=\"Nicolas\"\/>\n\t<meta name=\"google-site-verification\" content=\"bRuV4_wqNuoQLypC9HVKibZ0X7EtNyELtju97qgyflM\" \/>\n\t<link rel=\"canonical\" href=\"https:\/\/www.iphone-ticker.de\/doppel-kamera-im-iphone-7-apples-patent-skizze-im-video-93823\/\" \/>\n\t<meta name=\"generator\" content=\"All in One SEO Pro (AIOSEO) 5.0.1\" \/>\n\t\t<meta property=\"og:locale\" content=\"de_DE\" \/>\n\t\t<meta property=\"og:site_name\" content=\"iphone-ticker.de | Alles zum iPhone. Seit 2007.\" \/>\n\t\t<meta property=\"og:type\" content=\"article\" \/>\n\t\t<meta property=\"og:title\" content=\"Doppel-Kamera im iPhone 7: Apples Patent-Skizze im Video | iphone-ticker.de\" \/>\n\t\t<meta property=\"og:description\" content=\"Die ersten Spekulationen \u00fcber die Integration eines zweifachen Kamera-Moduls in das iPhone liegen ziemlich genau ein Jahr zur\u00fcck. Am 15. Januar informierten wir euch \u00fcber taiwanesische Medienberichte, die eine deutlich bessere Kamera im iPhone 6s herbeiredeten und nicht etwa \u201eLive Photos\u201c, sondern den Einbau von zwei Linsen vorhersagten. Dar\u00fcber hinaus wurde ein optischer Zoom und\" \/>\n\t\t<meta property=\"og:url\" content=\"https:\/\/www.iphone-ticker.de\/doppel-kamera-im-iphone-7-apples-patent-skizze-im-video-93823\/\" \/>\n\t\t<meta property=\"article:published_time\" content=\"2016-03-08T07:10:11+00:00\" \/>\n\t\t<meta property=\"article:modified_time\" content=\"2016-03-09T10:47:15+00:00\" \/>\n\t\t<meta property=\"article:publisher\" content=\"https:\/\/facebook.com\/ifun.de\" \/>\n\t\t<meta name=\"twitter:card\" content=\"summary_large_image\" \/>\n\t\t<meta name=\"twitter:site\" content=\"@iphoneticker\" \/>\n\t\t<meta name=\"twitter:title\" content=\"Doppel-Kamera im iPhone 7: Apples Patent-Skizze im Video | iphone-ticker.de\" \/>\n\t\t<meta name=\"twitter:description\" content=\"Die ersten Spekulationen \u00fcber die Integration eines zweifachen Kamera-Moduls in das iPhone liegen ziemlich genau ein Jahr zur\u00fcck. Am 15. Januar informierten wir euch \u00fcber taiwanesische Medienberichte, die eine deutlich bessere Kamera im iPhone 6s herbeiredeten und nicht etwa \u201eLive Photos\u201c, sondern den Einbau von zwei Linsen vorhersagten. Dar\u00fcber hinaus wurde ein optischer Zoom und\" \/>\n\t\t<meta name=\"twitter:creator\" content=\"@iphoneticker\" \/>\n\t\t<script type=\"application\/ld+json\" class=\"aioseo-schema\">\n\t\t\t{\"@context\":\"https:\\\/\\\/schema.org\",\"@graph\":[{\"@type\":\"BreadcrumbList\",\"@id\":\"https:\\\/\\\/www.iphone-ticker.de\\\/doppel-kamera-im-iphone-7-apples-patent-skizze-im-video-93823\\\/#breadcrumblist\",\"itemListElement\":[{\"@type\":\"ListItem\",\"@id\":\"https:\\\/\\\/www.iphone-ticker.de#listItem\",\"position\":1,\"name\":\"Home\",\"item\":\"https:\\\/\\\/www.iphone-ticker.de\",\"nextItem\":{\"@type\":\"ListItem\",\"@id\":\"https:\\\/\\\/www.iphone-ticker.de\\\/category\\\/videos\\\/#listItem\",\"name\":\"Videos\"}},{\"@type\":\"ListItem\",\"@id\":\"https:\\\/\\\/www.iphone-ticker.de\\\/category\\\/videos\\\/#listItem\",\"position\":2,\"name\":\"Videos\",\"item\":\"https:\\\/\\\/www.iphone-ticker.de\\\/category\\\/videos\\\/\",\"nextItem\":{\"@type\":\"ListItem\",\"@id\":\"https:\\\/\\\/www.iphone-ticker.de\\\/doppel-kamera-im-iphone-7-apples-patent-skizze-im-video-93823\\\/#listItem\",\"name\":\"Doppel-Kamera im iPhone 7: Apples Patent-Skizze im Video\"},\"previousItem\":{\"@type\":\"ListItem\",\"@id\":\"https:\\\/\\\/www.iphone-ticker.de#listItem\",\"name\":\"Home\"}},{\"@type\":\"ListItem\",\"@id\":\"https:\\\/\\\/www.iphone-ticker.de\\\/doppel-kamera-im-iphone-7-apples-patent-skizze-im-video-93823\\\/#listItem\",\"position\":3,\"name\":\"Doppel-Kamera im iPhone 7: Apples Patent-Skizze im Video\",\"previousItem\":{\"@type\":\"ListItem\",\"@id\":\"https:\\\/\\\/www.iphone-ticker.de\\\/category\\\/videos\\\/#listItem\",\"name\":\"Videos\"}}]},{\"@type\":\"NewsArticle\",\"@id\":\"https:\\\/\\\/www.iphone-ticker.de\\\/doppel-kamera-im-iphone-7-apples-patent-skizze-im-video-93823\\\/#newsarticle\",\"name\":\"Doppel-Kamera im iPhone 7: Apples Patent-Skizze im Video | iphone-ticker.de\",\"headline\":\"Doppel-Kamera im iPhone 7: Apples Patent-Skizze im Video\",\"author\":{\"@id\":\"https:\\\/\\\/www.iphone-ticker.de\\\/author\\\/admin\\\/#author\"},\"publisher\":{\"@id\":\"https:\\\/\\\/www.iphone-ticker.de\\\/#organization\"},\"image\":{\"@type\":\"ImageObject\",\"url\":\"https:\\\/\\\/images.iphone-ticker.de\\\/wp-content\\\/uploads\\\/2016\\\/03\\\/zoom.jpg\",\"width\":500,\"height\":338},\"datePublished\":\"2016-03-08T08:10:11+01:00\",\"dateModified\":\"2016-03-09T11:47:15+01:00\",\"inLanguage\":\"de-DE\",\"commentCount\":15,\"mainEntityOfPage\":{\"@id\":\"https:\\\/\\\/www.iphone-ticker.de\\\/doppel-kamera-im-iphone-7-apples-patent-skizze-im-video-93823\\\/#webpage\"},\"isPartOf\":{\"@id\":\"https:\\\/\\\/www.iphone-ticker.de\\\/doppel-kamera-im-iphone-7-apples-patent-skizze-im-video-93823\\\/#webpage\"},\"articleSection\":\"Videos, Ger\\u00fcchte, iPhone 7, Kamera, Rumors, Video\",\"dateline\":\"Ver\\u00f6ffentlicht am M\\u00e4rz 8, 2016.\"},{\"@type\":\"Organization\",\"@id\":\"https:\\\/\\\/www.iphone-ticker.de\\\/#organization\",\"name\":\"aketo GmbH\",\"description\":\"Die aketo GmbH versorgt das deutschsprachige Internet mit den f\\u00fchrenden Nachrichtenangeboten zu Apple, dem iPhone, dem iPad und Apples Lifestyle-Produkten. Konzepte, Redaktion, Recherchen und Archiv.\",\"url\":\"https:\\\/\\\/www.iphone-ticker.de\\\/\",\"email\":\"ifun.de@gmail.com\",\"telephone\":\"+493057707123\",\"foundingDate\":\"2007-01-01\",\"logo\":{\"@type\":\"ImageObject\",\"url\":\"https:\\\/\\\/images.iphone-ticker.de\\\/wp-content\\\/uploads\\\/2026\\\/02\\\/apple-touch-icon.png\",\"@id\":\"https:\\\/\\\/www.iphone-ticker.de\\\/doppel-kamera-im-iphone-7-apples-patent-skizze-im-video-93823\\\/#organizationLogo\",\"width\":1024,\"height\":1024,\"caption\":\"Apple Touch Icon\"},\"image\":{\"@id\":\"https:\\\/\\\/www.iphone-ticker.de\\\/doppel-kamera-im-iphone-7-apples-patent-skizze-im-video-93823\\\/#organizationLogo\"},\"sameAs\":[\"https:\\\/\\\/facebook.com\\\/ifun.de\",\"https:\\\/\\\/x.com\\\/iphoneticker\"]},{\"@type\":\"Person\",\"@id\":\"https:\\\/\\\/www.iphone-ticker.de\\\/author\\\/admin\\\/#author\",\"url\":\"https:\\\/\\\/www.iphone-ticker.de\\\/author\\\/admin\\\/\",\"name\":\"Nicolas\"},{\"@type\":\"WebPage\",\"@id\":\"https:\\\/\\\/www.iphone-ticker.de\\\/doppel-kamera-im-iphone-7-apples-patent-skizze-im-video-93823\\\/#webpage\",\"url\":\"https:\\\/\\\/www.iphone-ticker.de\\\/doppel-kamera-im-iphone-7-apples-patent-skizze-im-video-93823\\\/\",\"name\":\"Doppel-Kamera im iPhone 7: Apples Patent-Skizze im Video | iphone-ticker.de\",\"description\":\"Die ersten Spekulationen \\u00fcber die Integration eines zweifachen Kamera-Moduls in das iPhone liegen ziemlich genau ein Jahr zur\\u00fcck. Am 15. Januar informierten wir euch \\u00fcber taiwanesische Medienberichte, die eine deutlich bessere Kamera im iPhone 6s herbeiredeten und nicht etwa \\u201eLive Photos\\u201c, sondern den Einbau von zwei Linsen vorhersagten. Dar\\u00fcber hinaus wurde ein optischer Zoom und\",\"inLanguage\":\"de-DE\",\"isPartOf\":{\"@id\":\"https:\\\/\\\/www.iphone-ticker.de\\\/#website\"},\"breadcrumb\":{\"@id\":\"https:\\\/\\\/www.iphone-ticker.de\\\/doppel-kamera-im-iphone-7-apples-patent-skizze-im-video-93823\\\/#breadcrumblist\"},\"author\":{\"@id\":\"https:\\\/\\\/www.iphone-ticker.de\\\/author\\\/admin\\\/#author\"},\"creator\":{\"@id\":\"https:\\\/\\\/www.iphone-ticker.de\\\/author\\\/admin\\\/#author\"},\"image\":{\"@type\":\"ImageObject\",\"url\":\"https:\\\/\\\/images.iphone-ticker.de\\\/wp-content\\\/uploads\\\/2016\\\/03\\\/zoom.jpg\",\"@id\":\"https:\\\/\\\/www.iphone-ticker.de\\\/doppel-kamera-im-iphone-7-apples-patent-skizze-im-video-93823\\\/#mainImage\",\"width\":500,\"height\":338},\"primaryImageOfPage\":{\"@id\":\"https:\\\/\\\/www.iphone-ticker.de\\\/doppel-kamera-im-iphone-7-apples-patent-skizze-im-video-93823\\\/#mainImage\"},\"datePublished\":\"2016-03-08T08:10:11+01:00\",\"dateModified\":\"2016-03-09T11:47:15+01:00\"},{\"@type\":\"WebSite\",\"@id\":\"https:\\\/\\\/www.iphone-ticker.de\\\/#website\",\"url\":\"https:\\\/\\\/www.iphone-ticker.de\\\/\",\"name\":\"iphone-ticker.de\",\"description\":\"Alles zum iPhone. Seit 2007.\",\"inLanguage\":\"de-DE\",\"publisher\":{\"@id\":\"https:\\\/\\\/www.iphone-ticker.de\\\/#organization\"}}]}\n\t\t<\/script>\n\t\t<!-- All in One SEO Pro -->\r\n\t\t<title>Doppel-Kamera im iPhone 7: Apples Patent-Skizze im Video | iphone-ticker.de<\/title>\n\n","aioseo_head_json":{"title":"Doppel-Kamera im iPhone 7: Apples Patent-Skizze im Video | iphone-ticker.de","description":"Die ersten Spekulationen \u00fcber die Integration eines zweifachen Kamera-Moduls in das iPhone liegen ziemlich genau ein Jahr zur\u00fcck. Am 15. Januar informierten wir euch \u00fcber taiwanesische Medienberichte, die eine deutlich bessere Kamera im iPhone 6s herbeiredeten und nicht etwa \u201eLive Photos\u201c, sondern den Einbau von zwei Linsen vorhersagten. Dar\u00fcber hinaus wurde ein optischer Zoom und","canonical_url":"https:\/\/www.iphone-ticker.de\/doppel-kamera-im-iphone-7-apples-patent-skizze-im-video-93823\/","robots":"max-image-preview:large","keywords":"","webmasterTools":{"google-site-verification":"bRuV4_wqNuoQLypC9HVKibZ0X7EtNyELtju97qgyflM","miscellaneous":""},"schema":{"@context":"https:\/\/schema.org","@graph":[{"@type":"BreadcrumbList","@id":"https:\/\/www.iphone-ticker.de\/doppel-kamera-im-iphone-7-apples-patent-skizze-im-video-93823\/#breadcrumblist","itemListElement":[{"@type":"ListItem","@id":"https:\/\/www.iphone-ticker.de#listItem","position":1,"name":"Home","item":"https:\/\/www.iphone-ticker.de","nextItem":{"@type":"ListItem","@id":"https:\/\/www.iphone-ticker.de\/category\/videos\/#listItem","name":"Videos"}},{"@type":"ListItem","@id":"https:\/\/www.iphone-ticker.de\/category\/videos\/#listItem","position":2,"name":"Videos","item":"https:\/\/www.iphone-ticker.de\/category\/videos\/","nextItem":{"@type":"ListItem","@id":"https:\/\/www.iphone-ticker.de\/doppel-kamera-im-iphone-7-apples-patent-skizze-im-video-93823\/#listItem","name":"Doppel-Kamera im iPhone 7: Apples Patent-Skizze im Video"},"previousItem":{"@type":"ListItem","@id":"https:\/\/www.iphone-ticker.de#listItem","name":"Home"}},{"@type":"ListItem","@id":"https:\/\/www.iphone-ticker.de\/doppel-kamera-im-iphone-7-apples-patent-skizze-im-video-93823\/#listItem","position":3,"name":"Doppel-Kamera im iPhone 7: Apples Patent-Skizze im Video","previousItem":{"@type":"ListItem","@id":"https:\/\/www.iphone-ticker.de\/category\/videos\/#listItem","name":"Videos"}}]},{"@type":"NewsArticle","@id":"https:\/\/www.iphone-ticker.de\/doppel-kamera-im-iphone-7-apples-patent-skizze-im-video-93823\/#newsarticle","name":"Doppel-Kamera im iPhone 7: Apples Patent-Skizze im Video | iphone-ticker.de","headline":"Doppel-Kamera im iPhone 7: Apples Patent-Skizze im Video","author":{"@id":"https:\/\/www.iphone-ticker.de\/author\/admin\/#author"},"publisher":{"@id":"https:\/\/www.iphone-ticker.de\/#organization"},"image":{"@type":"ImageObject","url":"https:\/\/images.iphone-ticker.de\/wp-content\/uploads\/2016\/03\/zoom.jpg","width":500,"height":338},"datePublished":"2016-03-08T08:10:11+01:00","dateModified":"2016-03-09T11:47:15+01:00","inLanguage":"de-DE","commentCount":15,"mainEntityOfPage":{"@id":"https:\/\/www.iphone-ticker.de\/doppel-kamera-im-iphone-7-apples-patent-skizze-im-video-93823\/#webpage"},"isPartOf":{"@id":"https:\/\/www.iphone-ticker.de\/doppel-kamera-im-iphone-7-apples-patent-skizze-im-video-93823\/#webpage"},"articleSection":"Videos, Ger\u00fcchte, iPhone 7, Kamera, Rumors, Video","dateline":"Ver\u00f6ffentlicht am M\u00e4rz 8, 2016."},{"@type":"Organization","@id":"https:\/\/www.iphone-ticker.de\/#organization","name":"aketo GmbH","description":"Die aketo GmbH versorgt das deutschsprachige Internet mit den f\u00fchrenden Nachrichtenangeboten zu Apple, dem iPhone, dem iPad und Apples Lifestyle-Produkten. Konzepte, Redaktion, Recherchen und Archiv.","url":"https:\/\/www.iphone-ticker.de\/","email":"ifun.de@gmail.com","telephone":"+493057707123","foundingDate":"2007-01-01","logo":{"@type":"ImageObject","url":"https:\/\/images.iphone-ticker.de\/wp-content\/uploads\/2026\/02\/apple-touch-icon.png","@id":"https:\/\/www.iphone-ticker.de\/doppel-kamera-im-iphone-7-apples-patent-skizze-im-video-93823\/#organizationLogo","width":1024,"height":1024,"caption":"Apple Touch Icon"},"image":{"@id":"https:\/\/www.iphone-ticker.de\/doppel-kamera-im-iphone-7-apples-patent-skizze-im-video-93823\/#organizationLogo"},"sameAs":["https:\/\/facebook.com\/ifun.de","https:\/\/x.com\/iphoneticker"]},{"@type":"Person","@id":"https:\/\/www.iphone-ticker.de\/author\/admin\/#author","url":"https:\/\/www.iphone-ticker.de\/author\/admin\/","name":"Nicolas"},{"@type":"WebPage","@id":"https:\/\/www.iphone-ticker.de\/doppel-kamera-im-iphone-7-apples-patent-skizze-im-video-93823\/#webpage","url":"https:\/\/www.iphone-ticker.de\/doppel-kamera-im-iphone-7-apples-patent-skizze-im-video-93823\/","name":"Doppel-Kamera im iPhone 7: Apples Patent-Skizze im Video | iphone-ticker.de","description":"Die ersten Spekulationen \u00fcber die Integration eines zweifachen Kamera-Moduls in das iPhone liegen ziemlich genau ein Jahr zur\u00fcck. Am 15. Januar informierten wir euch \u00fcber taiwanesische Medienberichte, die eine deutlich bessere Kamera im iPhone 6s herbeiredeten und nicht etwa \u201eLive Photos\u201c, sondern den Einbau von zwei Linsen vorhersagten. Dar\u00fcber hinaus wurde ein optischer Zoom und","inLanguage":"de-DE","isPartOf":{"@id":"https:\/\/www.iphone-ticker.de\/#website"},"breadcrumb":{"@id":"https:\/\/www.iphone-ticker.de\/doppel-kamera-im-iphone-7-apples-patent-skizze-im-video-93823\/#breadcrumblist"},"author":{"@id":"https:\/\/www.iphone-ticker.de\/author\/admin\/#author"},"creator":{"@id":"https:\/\/www.iphone-ticker.de\/author\/admin\/#author"},"image":{"@type":"ImageObject","url":"https:\/\/images.iphone-ticker.de\/wp-content\/uploads\/2016\/03\/zoom.jpg","@id":"https:\/\/www.iphone-ticker.de\/doppel-kamera-im-iphone-7-apples-patent-skizze-im-video-93823\/#mainImage","width":500,"height":338},"primaryImageOfPage":{"@id":"https:\/\/www.iphone-ticker.de\/doppel-kamera-im-iphone-7-apples-patent-skizze-im-video-93823\/#mainImage"},"datePublished":"2016-03-08T08:10:11+01:00","dateModified":"2016-03-09T11:47:15+01:00"},{"@type":"WebSite","@id":"https:\/\/www.iphone-ticker.de\/#website","url":"https:\/\/www.iphone-ticker.de\/","name":"iphone-ticker.de","description":"Alles zum iPhone. Seit 2007.","inLanguage":"de-DE","publisher":{"@id":"https:\/\/www.iphone-ticker.de\/#organization"}}]},"og:locale":"de_DE","og:site_name":"iphone-ticker.de | Alles zum iPhone. Seit 2007.","og:type":"article","og:title":"Doppel-Kamera im iPhone 7: Apples Patent-Skizze im Video | iphone-ticker.de","og:description":"Die ersten Spekulationen \u00fcber die Integration eines zweifachen Kamera-Moduls in das iPhone liegen ziemlich genau ein Jahr zur\u00fcck. Am 15. Januar informierten wir euch \u00fcber taiwanesische Medienberichte, die eine deutlich bessere Kamera im iPhone 6s herbeiredeten und nicht etwa \u201eLive Photos\u201c, sondern den Einbau von zwei Linsen vorhersagten. Dar\u00fcber hinaus wurde ein optischer Zoom und","og:url":"https:\/\/www.iphone-ticker.de\/doppel-kamera-im-iphone-7-apples-patent-skizze-im-video-93823\/","article:published_time":"2016-03-08T07:10:11+00:00","article:modified_time":"2016-03-09T10:47:15+00:00","article:publisher":"https:\/\/facebook.com\/ifun.de","twitter:card":"summary_large_image","twitter:site":"@iphoneticker","twitter:title":"Doppel-Kamera im iPhone 7: Apples Patent-Skizze im Video | iphone-ticker.de","twitter:description":"Die ersten Spekulationen \u00fcber die Integration eines zweifachen Kamera-Moduls in das iPhone liegen ziemlich genau ein Jahr zur\u00fcck. Am 15. Januar informierten wir euch \u00fcber taiwanesische Medienberichte, die eine deutlich bessere Kamera im iPhone 6s herbeiredeten und nicht etwa \u201eLive Photos\u201c, sondern den Einbau von zwei Linsen vorhersagten. Dar\u00fcber hinaus wurde ein optischer Zoom und","twitter:creator":"@iphoneticker"},"aioseo_meta_data":{"post_id":"93823","title":null,"description":null,"keywords":null,"keyphrases":null,"primary_term":null,"canonical_url":null,"og_title":null,"og_description":null,"og_object_type":"default","og_image_type":"default","og_image_url":null,"og_image_width":null,"og_image_height":null,"og_image_custom_url":null,"og_image_custom_fields":null,"og_video":null,"og_custom_url":null,"og_article_section":null,"og_article_tags":null,"twitter_use_og":false,"twitter_card":"default","twitter_image_type":"default","twitter_image_url":null,"twitter_image_custom_url":null,"twitter_image_custom_fields":null,"twitter_title":null,"twitter_description":null,"schema":{"blockGraphs":[],"customGraphs":[],"default":{"data":{"Article":[],"Course":[],"Dataset":[],"FAQPage":[],"Movie":[],"Person":[],"Product":[],"ProductReview":[],"Car":[],"Recipe":[],"Service":[],"SoftwareApplication":[],"WebPage":[]},"graphName":"NewsArticle","isEnabled":true},"graphs":[]},"schema_type":"default","schema_type_options":null,"pillar_content":false,"robots_default":true,"robots_noindex":false,"robots_noarchive":false,"robots_nosnippet":false,"robots_nofollow":false,"robots_noimageindex":false,"robots_noodp":false,"robots_notranslate":false,"robots_max_snippet":null,"robots_max_videopreview":null,"robots_max_imagepreview":"large","priority":null,"frequency":null,"local_seo":null,"seo_analyzer_scan_date":"2026-07-02 19:13:58","breadcrumb_settings":null,"limit_modified_date":false,"open_ai":null,"ai":null,"created":"2026-02-20 21:11:23","updated":"2026-07-02 19:13:58","focus_keyword":null,"additional_keywords":null,"truseo_locale":null},"aioseo_breadcrumb":"<div class=\"aioseo-breadcrumbs\"><span class=\"aioseo-breadcrumb\">\n\t<a href=\"https:\/\/www.iphone-ticker.de\" title=\"Home\">Home<\/a>\n<\/span><span class=\"aioseo-breadcrumb-separator\">\u00bb<\/span><span class=\"aioseo-breadcrumb\">\n\t<a href=\"https:\/\/www.iphone-ticker.de\/category\/videos\/\" title=\"Videos\">Videos<\/a>\n<\/span><span class=\"aioseo-breadcrumb-separator\">\u00bb<\/span><span class=\"aioseo-breadcrumb\">\n\tDoppel-Kamera im iPhone 7: Apples Patent-Skizze im Video\n<\/span><\/div>","aioseo_breadcrumb_json":[{"label":"Home","link":"https:\/\/www.iphone-ticker.de"},{"label":"Videos","link":"https:\/\/www.iphone-ticker.de\/category\/videos\/"},{"label":"Doppel-Kamera im iPhone 7: Apples Patent-Skizze im Video","link":"https:\/\/www.iphone-ticker.de\/doppel-kamera-im-iphone-7-apples-patent-skizze-im-video-93823\/"}],"featured_image":["http:\/\/images.iphone-ticker.de\/wp-content\/uploads\/2016\/03\/camera.jpg"],"rest_api_enabler":{"featured_image":"http:\/\/images.iphone-ticker.de\/wp-content\/uploads\/2016\/03\/camera.jpg"},"_links":{"self":[{"href":"https:\/\/www.iphone-ticker.de\/apiv2\/wp\/v2\/posts\/93823","targetHints":{"allow":["GET"]}}],"collection":[{"href":"https:\/\/www.iphone-ticker.de\/apiv2\/wp\/v2\/posts"}],"about":[{"href":"https:\/\/www.iphone-ticker.de\/apiv2\/wp\/v2\/types\/post"}],"author":[{"embeddable":true,"href":"https:\/\/www.iphone-ticker.de\/apiv2\/wp\/v2\/users\/1"}],"replies":[{"embeddable":true,"href":"https:\/\/www.iphone-ticker.de\/apiv2\/wp\/v2\/comments?post=93823"}],"version-history":[{"count":1,"href":"https:\/\/www.iphone-ticker.de\/apiv2\/wp\/v2\/posts\/93823\/revisions"}],"predecessor-version":[{"id":93826,"href":"https:\/\/www.iphone-ticker.de\/apiv2\/wp\/v2\/posts\/93823\/revisions\/93826"}],"wp:featuredmedia":[{"embeddable":true,"href":"https:\/\/www.iphone-ticker.de\/apiv2\/wp\/v2\/media\/93825"}],"wp:attachment":[{"href":"https:\/\/www.iphone-ticker.de\/apiv2\/wp\/v2\/media?parent=93823"}],"wp:term":[{"taxonomy":"category","embeddable":true,"href":"https:\/\/www.iphone-ticker.de\/apiv2\/wp\/v2\/categories?post=93823"},{"taxonomy":"post_tag","embeddable":true,"href":"https:\/\/www.iphone-ticker.de\/apiv2\/wp\/v2\/tags?post=93823"}],"curies":[{"name":"wp","href":"https:\/\/api.w.org\/{rel}","templated":true}]}}