{"id":93812,"date":"2016-03-07T17:48:19","date_gmt":"2016-03-07T16:48:19","guid":{"rendered":"http:\/\/www.iphone-ticker.de\/?p=93812"},"modified":"2016-03-07T17:52:58","modified_gmt":"2016-03-07T16:52:58","slug":"iphone-entsperrung-vereinte-nationen-an-apples-seite","status":"publish","type":"post","link":"https:\/\/www.iphone-ticker.de\/iphone-entsperrung-vereinte-nationen-an-apples-seite-93812\/","title":{"rendered":"iPhone-Entsperrung: Vereinte Nationen an Apples Seite"},"content":{"rendered":"<p>\u00dcber die Unterst\u00fctzer-Briefe, die Apple in der laufenden Auseinandersetzung mit dem FBI am 3. M\u00e4rz <a href=\"http:\/\/www.iphone-ticker.de\/fbi-fall-apple-legt-unterstuetzer-briefe-vor-93649\/\">vorgelegt hat<\/a>, haben wir euch bereits informiert.<\/p>\n<p><a href=\"http:\/\/images.iphone-ticker.de\/wp-content\/uploads\/2016\/03\/zeid.jpg\" rel=\"attachment wp-att-93813\"><img loading=\"lazy\" decoding=\"async\" class=\"aligncenter size-full wp-image-93813\" src=\"http:\/\/images.iphone-ticker.de\/wp-content\/uploads\/2016\/03\/zeid.jpg\" alt=\"zeid\" width=\"500\" height=\"288\" srcset=\"https:\/\/images.iphone-ticker.de\/wp-content\/uploads\/2016\/03\/zeid.jpg 500w, https:\/\/images.iphone-ticker.de\/wp-content\/uploads\/2016\/03\/zeid-300x173.jpg 300w\" sizes=\"auto, (max-width: 500px) 100vw, 500px\" \/><\/a><\/p>\n<p>Unter den Verfassern &#8211; Apple hat die Schreiben der prominenten Unterst\u00fctzer auf der eigens eingerichteten <a href=\"http:\/\/www.apple.com\/pr\/library\/2016\/03\/03Amicus-Briefs-in-Support-of-Apple.html\">Sonderseite<\/a> \u201eAmicus Briefs in Support of Apple\u201c ver\u00f6ffentlicht &#8211; befanden sich unter anderem David Kaye, Sonderberichterstatter der Vereinten Nationen f\u00fcr die F\u00f6rderung und den Schutz des Rechts auf freie Meinungs\u00e4u\u00dferung, sowie Salihin Kondoker, dessen Frau in San Bernardino von drei Kugeln getroffen wurde.<\/p>\n<p>Seit dem vergangenen Donnerstag ist viel passiert. Inzwischen hat sich nicht nur die Liste der Unterst\u00fctzer <a href=\"http:\/\/www.ifun.de\/streit-um-iphone-entsperrung-apples-unterstuetzerliste-waechst-enorm-89262\/\">enorm vergr\u00f6\u00dfert<\/a>, auch die Vereinten Nationen haben sich ein zweites Mal zu Wort gemeldet und auf m\u00f6gliche Auswirkungen f\u00fcr die Menschenrechte auf der ganzen Welt hingewiesen. Die Deutsche Welle <a href=\"http:\/\/www.dw.com\/de\/silicon-valley-st%C3%A4rkt-apple-den-r%C3%BCcken\/a-19094406\">berichtet<\/a>:<\/p>\n<blockquote><p>Nach Einsch\u00e4tzung des UN-Hochkommissars f\u00fcr Menschenrechte, Zeid Raad Al-Hussein, riskiert die US-Regierung die \u00d6ffnung der &#8222;B\u00fcchse der Pandora&#8220;. Zeid zeigte Verst\u00e4ndnis, dass das FBI alles versuche, um die Hintergr\u00fcnde der &#8222;abscheulichen Tat&#8220; aufzukl\u00e4ren. Bei dem Streit \u00fcber die Handy-Entschl\u00fcsselung gehe es aber nicht um den Versuch von Apple, Kriminelle und Terroristen zu sch\u00fctzen, sondern um eine &#8222;rote Linie&#8220; zum Schutz vor Kriminalit\u00e4t und Repression. Sollte Apple gezwungen werden, eine Entschl\u00fcsselungs-Software zum Knacken seiner Ger\u00e4te bereitzustellen, w\u00e4re dies &#8222;ein Geschenk f\u00fcr autorit\u00e4re Regime und kriminelle Hacker&#8220;.<\/p><\/blockquote>\n<p><div class=\"responsive-video\"><iframe loading=\"lazy\" src=\"http:\/\/www.youtube-nocookie.com\/embed\/sRM5s0AciyM\" width=\"700\" height=\"371\" frameborder=\"0\" allowfullscreen=\"allowfullscreen\"><\/iframe><\/div><\/p>\n","protected":false},"excerpt":{"rendered":"<a href=\"https:\/\/www.iphone-ticker.de\/iphone-entsperrung-vereinte-nationen-an-apples-seite-93812\/\"><img width=\"150\" height=\"150\" src=\"https:\/\/images.iphone-ticker.de\/wp-content\/uploads\/2016\/03\/zeid-150x150.jpg\" class=\"alignright tfe wp-post-image\" alt=\"\" decoding=\"async\" loading=\"lazy\" \/><\/a><p>\u00dcber die Unterst\u00fctzer-Briefe, die Apple in der laufenden Auseinandersetzung mit dem FBI am 3. M\u00e4rz vorgelegt hat, haben wir euch bereits informiert. Unter den Verfassern &#8211; Apple hat die Schreiben der prominenten Unterst\u00fctzer auf der eigens eingerichteten Sonderseite \u201eAmicus Briefs in Support of Apple\u201c ver\u00f6ffentlicht &#8211; befanden sich unter anderem David Kaye, Sonderberichterstatter der Vereinten [&hellip;]<\/p>\n","protected":false},"author":1,"featured_media":93813,"comment_status":"open","ping_status":"closed","sticky":false,"template":"","format":"standard","meta":{"footnotes":""},"categories":[749],"tags":[3912,3314,8],"class_list":["post-93812","post","type-post","status-publish","format-standard","has-post-thumbnail","hentry","category-iphone-2","tag-apple","tag-fbi","tag-video"],"aioseo_notices":[],"featured_image":["http:\/\/images.iphone-ticker.de\/wp-content\/uploads\/2016\/03\/cook-team.jpg"],"subheadline":["Video-Interview"],"rest_api_enabler":{"featured_image":"http:\/\/images.iphone-ticker.de\/wp-content\/uploads\/2016\/03\/cook-team.jpg","subheadline":"Video-Interview"},"_links":{"self":[{"href":"https:\/\/www.iphone-ticker.de\/apiv2\/wp\/v2\/posts\/93812","targetHints":{"allow":["GET"]}}],"collection":[{"href":"https:\/\/www.iphone-ticker.de\/apiv2\/wp\/v2\/posts"}],"about":[{"href":"https:\/\/www.iphone-ticker.de\/apiv2\/wp\/v2\/types\/post"}],"author":[{"embeddable":true,"href":"https:\/\/www.iphone-ticker.de\/apiv2\/wp\/v2\/users\/1"}],"replies":[{"embeddable":true,"href":"https:\/\/www.iphone-ticker.de\/apiv2\/wp\/v2\/comments?post=93812"}],"version-history":[{"count":2,"href":"https:\/\/www.iphone-ticker.de\/apiv2\/wp\/v2\/posts\/93812\/revisions"}],"predecessor-version":[{"id":93816,"href":"https:\/\/www.iphone-ticker.de\/apiv2\/wp\/v2\/posts\/93812\/revisions\/93816"}],"wp:featuredmedia":[{"embeddable":true,"href":"https:\/\/www.iphone-ticker.de\/apiv2\/wp\/v2\/media\/93813"}],"wp:attachment":[{"href":"https:\/\/www.iphone-ticker.de\/apiv2\/wp\/v2\/media?parent=93812"}],"wp:term":[{"taxonomy":"category","embeddable":true,"href":"https:\/\/www.iphone-ticker.de\/apiv2\/wp\/v2\/categories?post=93812"},{"taxonomy":"post_tag","embeddable":true,"href":"https:\/\/www.iphone-ticker.de\/apiv2\/wp\/v2\/tags?post=93812"}],"curies":[{"name":"wp","href":"https:\/\/api.w.org\/{rel}","templated":true}]}}