{"id":93427,"date":"2016-02-28T11:07:25","date_gmt":"2016-02-28T10:07:25","guid":{"rendered":"http:\/\/www.iphone-ticker.de\/?p=93427"},"modified":"2016-02-29T17:28:34","modified_gmt":"2016-02-29T16:28:34","slug":"mit-4-zoll-und-ohne-3d-touch-iphone-se-soll-am-21-maerz-kommen","status":"publish","type":"post","link":"https:\/\/www.iphone-ticker.de\/mit-4-zoll-und-ohne-3d-touch-iphone-se-soll-am-21-maerz-kommen-93427\/","title":{"rendered":"Mit 4 Zoll und ohne 3D-Touch: iPhone SE soll am 21. M\u00e4rz kommen"},"content":{"rendered":"<p>Die <a href=\"http:\/\/www.ifun.de\/bericht-apples-maerz-event-verschiebt-sich-nach-hinten-88990\/\" title=\"Bericht: Apples M\u00e4rz-Event verschiebt sich nach hinten\">Hinweise dahingehend<\/a>, dass wir uns bis zur Vorstellung von Apples neuem 4-Zoll-iPhone und dem iPad Air 3 eine Woche l\u00e4nger gedulden m\u00fcssen, scheinen sich zu best\u00e4tigen. Neben dem US-Magazin <a href=\"http:\/\/recode.net\/2016\/02\/27\/remark-your-calendars-apples-product-event-will-week-of-march-21\/\">Re\/code<\/a> wirft nun auch das Onlineportal <a href=\"http:\/\/www.buzzfeed.com\/johnpaczkowski\/apple-to-debut-new-ipad-smaller-iphone-at-march-15-event\">Buzzfeed<\/a> die zw\u00f6lfte Kalenderwoche ins Rennen, konkret wird nun Montag, der 21. M\u00e4rz genannt. Beide Seiten berufen sich auf gut informierte Quellen.<\/p>\n<p><a href=\"http:\/\/images.iphone-ticker.de\/wp-content\/uploads\/2016\/02\/500-7.jpg\" rel=\"attachment wp-att-93429\"><img loading=\"lazy\" decoding=\"async\" src=\"http:\/\/images.iphone-ticker.de\/wp-content\/uploads\/2016\/02\/500-7.jpg\" alt=\"500\" width=\"500\" height=\"356\" class=\"alignnone size-full wp-image-93429\" srcset=\"https:\/\/images.iphone-ticker.de\/wp-content\/uploads\/2016\/02\/500-7.jpg 500w, https:\/\/images.iphone-ticker.de\/wp-content\/uploads\/2016\/02\/500-7-300x214.jpg 300w\" sizes=\"auto, (max-width: 500px) 100vw, 500px\" \/><\/a><\/p>\n<p>Apple wird im Rahmen dieser Veranstaltung die ersten Produktneuheiten f\u00fcr das Jahr 2016 vorstellen. Konkret wird das <a href=\"http:\/\/www.ifun.de\/ipad-air-3-huellen-deuten-auf-vier-lautsprecher-blitz-und-smart-connector-hin-87906\/\" title=\"iPad Air 3: H\u00fcllen-Fotos deuten auf vier Lautsprecher, Blitz und Smart Connector hin\">iPad Air 3<\/a> sowie ein neues iPhone-Modell mit kleinerem 4-Zoll-Bildschirm erwartet. Das neue iPhone soll dem Vernehmen nach nun \u201eiPhone SE\u201c hei\u00dfen und neben verbesserter Prozessorleistung und Kamera auch mit Fingerabdrucksensor und einem NFC-Chip f\u00fcr Apple Pay ausgestattet sein. Der druckempfindliche 3D-Touch-Bildschirm bleibt zun\u00e4chst allerdings wohl weiterhin ein Premium-Feature der iPhone-Modelle 6s und 6s Plus. Dies best\u00e4tigen auch auf der franz\u00f6sischen Webseite <a href=\"http:\/\/www.nowhereelse.fr\/iphone-se-photos-nouvel-iphone-5se-112697\/\">Nowhereelse<\/a> gezeigte Bauteile, die Apples neuem 4-Zoll-iPhone zugeordnet werden.<\/p>\n<h2>Neues 4\u201c-iPhone im Eigenbau<\/h2>\n<p>Dar\u00fcber, wie Apples neues \u201eiPhone SE\u201c tats\u00e4chlich aussieht, wird derzeit noch gestritten. W\u00e4hrend zun\u00e4chst alle Welt davon ausging, dass Apple das Geh\u00e4use der aktuellen 6er-Modelle entsprechend adaptiert, soll sich die Optik <a href=\"http:\/\/www.iphone-ticker.de\/iphone-5se-aeusserlich-nur-marginale-abweichungen-vom-iphone-5-93335\/\">letzten Ger\u00fcchten<\/a> zufolge hier nun doch st\u00e4rker an der f\u00fcnften Generation orientieren.<\/p>\n<p>Wie sich ein 4-Zoll-iPhone im Design der aktuellen Generation machen w\u00fcrde, k\u00f6nnt ihr auf den Bildern auf dieser Seite sehen. ifun-Leser Aydin hat sein iPhone 5s mithilfe eines der diversen <a href=\"http:\/\/www.ebay.de\/sch\/i.html?_nkw=iPhone+6+mini&amp;isNewKw=1&amp;isRefine=true&amp;mfs=GOCLK&amp;acimp=0&amp;_trksid=p2056088.m2428.l1313.TR0.TRC0.Xiphone+6+mini&amp;sqp=iphone+6+mini\">bei eBay<\/a> erh\u00e4ltlichen Umbaugeh\u00e4use entsprechend modifiziert und ist mit dem Ergebnis hoch zufrieden:<\/p>\n<blockquote>\n<p>Alles funktioniert einwandfrei, meines Erachtens sogar besser, da es besser in der Hand liegt und sich sehr gut bedienen l\u00e4sst.<\/p>\n<\/blockquote>\n<p><a href=\"http:\/\/images.iphone-ticker.de\/wp-content\/uploads\/2016\/02\/iphone-6-4-zoll.jpg\" rel=\"attachment wp-att-93431\"><img loading=\"lazy\" decoding=\"async\" src=\"http:\/\/images.iphone-ticker.de\/wp-content\/uploads\/2016\/02\/iphone-6-4-zoll.jpg\" alt=\"iphone-6-4-zoll\" width=\"700\" height=\"472\" class=\"alignnone size-full wp-image-93431\" srcset=\"https:\/\/images.iphone-ticker.de\/wp-content\/uploads\/2016\/02\/iphone-6-4-zoll.jpg 700w, https:\/\/images.iphone-ticker.de\/wp-content\/uploads\/2016\/02\/iphone-6-4-zoll-300x202.jpg 300w\" sizes=\"auto, (max-width: 700px) 100vw, 700px\" \/><\/a><\/p>\n","protected":false},"excerpt":{"rendered":"<a href=\"https:\/\/www.iphone-ticker.de\/mit-4-zoll-und-ohne-3d-touch-iphone-se-soll-am-21-maerz-kommen-93427\/\"><img width=\"150\" height=\"150\" src=\"https:\/\/images.iphone-ticker.de\/wp-content\/uploads\/2016\/02\/iphone-6-4-zoll-150x150.jpg\" class=\"alignright tfe wp-post-image\" alt=\"\" decoding=\"async\" loading=\"lazy\" \/><\/a><p>Die Hinweise dahingehend, dass wir uns bis zur Vorstellung von Apples neuem 4-Zoll-iPhone und dem iPad Air 3 eine Woche l\u00e4nger gedulden m\u00fcssen, scheinen sich zu best\u00e4tigen. Neben dem US-Magazin Re\/code wirft nun auch das Onlineportal Buzzfeed die zw\u00f6lfte Kalenderwoche ins Rennen, konkret wird nun Montag, der 21. M\u00e4rz genannt. Beide Seiten berufen sich auf [&hellip;]<\/p>\n","protected":false},"author":2,"featured_media":93431,"comment_status":"open","ping_status":"closed","sticky":false,"template":"","format":"standard","meta":{"footnotes":""},"categories":[6],"tags":[3322,2064,3279],"class_list":["post-93427","post","type-post","status-publish","format-standard","has-post-thumbnail","hentry","category-rumors","tag-4-zoll","tag-geruechte","tag-iphone-5se"],"aioseo_notices":[],"featured_image":["http:\/\/images.iphone-ticker.de\/wp-content\/uploads\/2016\/02\/iphone-6-4-zoll-header.jpg"],"rest_api_enabler":{"featured_image":"http:\/\/images.iphone-ticker.de\/wp-content\/uploads\/2016\/02\/iphone-6-4-zoll-header.jpg"},"_links":{"self":[{"href":"https:\/\/www.iphone-ticker.de\/apiv2\/wp\/v2\/posts\/93427","targetHints":{"allow":["GET"]}}],"collection":[{"href":"https:\/\/www.iphone-ticker.de\/apiv2\/wp\/v2\/posts"}],"about":[{"href":"https:\/\/www.iphone-ticker.de\/apiv2\/wp\/v2\/types\/post"}],"author":[{"embeddable":true,"href":"https:\/\/www.iphone-ticker.de\/apiv2\/wp\/v2\/users\/2"}],"replies":[{"embeddable":true,"href":"https:\/\/www.iphone-ticker.de\/apiv2\/wp\/v2\/comments?post=93427"}],"version-history":[{"count":5,"href":"https:\/\/www.iphone-ticker.de\/apiv2\/wp\/v2\/posts\/93427\/revisions"}],"predecessor-version":[{"id":93435,"href":"https:\/\/www.iphone-ticker.de\/apiv2\/wp\/v2\/posts\/93427\/revisions\/93435"}],"wp:featuredmedia":[{"embeddable":true,"href":"https:\/\/www.iphone-ticker.de\/apiv2\/wp\/v2\/media\/93431"}],"wp:attachment":[{"href":"https:\/\/www.iphone-ticker.de\/apiv2\/wp\/v2\/media?parent=93427"}],"wp:term":[{"taxonomy":"category","embeddable":true,"href":"https:\/\/www.iphone-ticker.de\/apiv2\/wp\/v2\/categories?post=93427"},{"taxonomy":"post_tag","embeddable":true,"href":"https:\/\/www.iphone-ticker.de\/apiv2\/wp\/v2\/tags?post=93427"}],"curies":[{"name":"wp","href":"https:\/\/api.w.org\/{rel}","templated":true}]}}