{"id":93420,"date":"2016-02-26T18:31:15","date_gmt":"2016-02-26T17:31:15","guid":{"rendered":"http:\/\/www.iphone-ticker.de\/?p=93420"},"modified":"2016-02-28T11:07:37","modified_gmt":"2016-02-28T10:07:37","slug":"das-iphone-6s-hat-ein-kaelte-problem","status":"publish","type":"post","link":"https:\/\/www.iphone-ticker.de\/das-iphone-6s-hat-ein-kaelte-problem-93420\/","title":{"rendered":"Das iPhone 6s hat ein K\u00e4lte-Problem"},"content":{"rendered":"<p>Wahrscheinlich. Pers\u00f6nlich konnten wir zwar keine Fehler an unseren Modellen ausmachen &#8211; auch nicht <a href=\"http:\/\/www.iphone-ticker.de\/skifahren-mit-dem-iphone-nur-zwei-apps-haben-sich-gelohnt-93255\/\">im Ski-Urlaub<\/a> &#8211; die Diskussion, die seit den fr\u00fchen Vormittagsstunden in den ifun.de Kommentaren zum Thema <a href=\"http:\/\/www.iphone-ticker.de\/coconutbattery-zeigt-akku-gesundheit-des-iphones-an-93377\/\">gef\u00fchrt wird<\/a>, zeichnet allerdings ein anderes Bild. <\/p>\n<p><a href=\"http:\/\/images.iphone-ticker.de\/wp-content\/uploads\/2015\/03\/akku-leer.gif\" rel=\"attachment wp-att-78456\"><img loading=\"lazy\" decoding=\"async\" src=\"http:\/\/images.iphone-ticker.de\/wp-content\/uploads\/2015\/03\/akku-leer.gif\" alt=\"akku-leer\" width=\"500\" height=\"280\" class=\"aligncenter size-full wp-image-78456\" \/><\/a><\/p>\n<p>Mehrere Leser berichten dort von Ger\u00e4te-Aussetzern, die bei niedrigen Umgebungstemperaturen f\u00fcr eine unvorhergesehenes Ausschalten des iPhones sorgen k\u00f6nnen. Unabh\u00e4ngig davon, wie gut die Akku-Ladung zum Zeitpunkt des Einknickens noch war.  <\/p>\n<p>Unter anderem berichtet ifun.de-Leser Stephan: <\/p>\n<blockquote><p>Drau\u00dfen bei knapp \u00fcber null Grad bricht der Akku extrem ein\u2026 Von 74 auf 48 Prozent innerhalb weniger Minuten und teilweise geht es direkt aus und sagt, dass es leer ist. Lade ich dann, f\u00e4ngt es nicht bei Null an, sondern 23, 48 usw. Prozent. Support sagt, zur\u00fccksetzen \u00fcber iTunes und Backup einspielen.\n<\/p><\/blockquote>\n<p>Ein Erfahrungsbericht, der uns \u00e4hnlich formuliert auch per E-Mail erreicht hat. So scheint Apples Support zwar grunds\u00e4tzlich auf <a href=\"http:\/\/www.apple.com\/de\/batteries\/maximizing-performance\/\">den Hilfeartikel<\/a> zu &#8222;Laufzeit und Lebensdauer der Batterie&#8220; zu verweisen, bietet aber keine anderen Optionen als das Zur\u00fccksetzen des iPhones bzw. den Austausch des kompletten Modells an. <\/p>\n<p><a href=\"http:\/\/images.iphone-ticker.de\/wp-content\/uploads\/2016\/02\/ideal.jpg\" rel=\"attachment wp-att-93421\"><img loading=\"lazy\" decoding=\"async\" src=\"http:\/\/images.iphone-ticker.de\/wp-content\/uploads\/2016\/02\/ideal.jpg\" alt=\"ideal\" width=\"700\" height=\"185\" class=\"aligncenter size-full wp-image-93421\" srcset=\"https:\/\/images.iphone-ticker.de\/wp-content\/uploads\/2016\/02\/ideal.jpg 700w, https:\/\/images.iphone-ticker.de\/wp-content\/uploads\/2016\/02\/ideal-300x79.jpg 300w\" sizes=\"auto, (max-width: 700px) 100vw, 700px\" \/><\/a><\/p>\n<p>Die Fehlfunktion l\u00e4sst sich \u00fcbrigens nicht nur bei garstigen Minusgraden, sondern auch bei Temperaturen beobachten, die noch locker im Idealbereich des iPhone liegen sollte. Diesen gibt Apple mit 0 \u00b0C bis 35 \u00b0C an. Die Lagertemperatur betr\u00e4gt zudem \u201320 \u00b0C bis 45 \u00b0C.<\/p>\n<p>ifun.de-Leser Venne merkt an: <\/p>\n<blockquote><p>[&#8230;] Also es ist mein erstes iPhone was bei \u201ekalten\u201c Temperaturen so abschmiert. Wir reden hier nicht von minus Temperaturen, sondern von Temperaturen im Bereich 4-7 \u00b0C. Ich finde das sehr entt\u00e4uschend!\n<\/p><\/blockquote>\n<p>Anders als bei einer bevorstehenden \u00dcberhitzung informiert das iPhone bei der beobachteten K\u00e4lteabschaltung seine Anwender nicht mit einem Warnhinweis im Display sondern stellt den Betrieb einfach ein. <\/p>\n<p>Freuen darf sich, wer mit einem Austausch-Ger\u00e4t begl\u00fcckt wurde, das auch bei niedrigen Temperaturen weiter problemlos Funktioniert. So berichtet Redmonk: <\/p>\n<blockquote><p>Das hatte ich auch. Bei meinem 4S und bei meinem 6S. Beim 6S war schon bei 15\u00b0C und 20% Restakku pl\u00f6tzlich Schicht im Schacht. Habe das Handy dann (wegen anderer M\u00e4ngel) tauschen lassen und jetzt ist es okay.<\/p><\/blockquote>\n","protected":false},"excerpt":{"rendered":"<a href=\"https:\/\/www.iphone-ticker.de\/das-iphone-6s-hat-ein-kaelte-problem-93420\/\"><img width=\"150\" height=\"150\" src=\"https:\/\/images.iphone-ticker.de\/wp-content\/uploads\/2016\/02\/ideal-150x150.jpg\" class=\"alignright tfe wp-post-image\" alt=\"\" decoding=\"async\" loading=\"lazy\" \/><\/a><p>Wahrscheinlich. Pers\u00f6nlich konnten wir zwar keine Fehler an unseren Modellen ausmachen &#8211; auch nicht im Ski-Urlaub &#8211; die Diskussion, die seit den fr\u00fchen Vormittagsstunden in den ifun.de Kommentaren zum Thema gef\u00fchrt wird, zeichnet allerdings ein anderes Bild. Mehrere Leser berichten dort von Ger\u00e4te-Aussetzern, die bei niedrigen Umgebungstemperaturen f\u00fcr eine unvorhergesehenes Ausschalten des iPhones sorgen k\u00f6nnen. [&hellip;]<\/p>\n","protected":false},"author":1,"featured_media":93421,"comment_status":"open","ping_status":"closed","sticky":false,"template":"","format":"standard","meta":{"footnotes":""},"categories":[749,1975],"tags":[27,70,344,210],"class_list":["post-93420","post","type-post","status-publish","format-standard","has-post-thumbnail","hentry","category-iphone-2","category-feature","tag-akku","tag-bug","tag-iphone","tag-problem"],"aioseo_notices":[],"featured_image":["http:\/\/images.iphone-ticker.de\/wp-content\/uploads\/2015\/11\/akku.jpg"],"subheadline":["Pl\u00f6tzlich aus"],"rest_api_enabler":{"featured_image":"http:\/\/images.iphone-ticker.de\/wp-content\/uploads\/2015\/11\/akku.jpg","subheadline":"Pl\u00f6tzlich aus"},"_links":{"self":[{"href":"https:\/\/www.iphone-ticker.de\/apiv2\/wp\/v2\/posts\/93420","targetHints":{"allow":["GET"]}}],"collection":[{"href":"https:\/\/www.iphone-ticker.de\/apiv2\/wp\/v2\/posts"}],"about":[{"href":"https:\/\/www.iphone-ticker.de\/apiv2\/wp\/v2\/types\/post"}],"author":[{"embeddable":true,"href":"https:\/\/www.iphone-ticker.de\/apiv2\/wp\/v2\/users\/1"}],"replies":[{"embeddable":true,"href":"https:\/\/www.iphone-ticker.de\/apiv2\/wp\/v2\/comments?post=93420"}],"version-history":[{"count":4,"href":"https:\/\/www.iphone-ticker.de\/apiv2\/wp\/v2\/posts\/93420\/revisions"}],"predecessor-version":[{"id":93426,"href":"https:\/\/www.iphone-ticker.de\/apiv2\/wp\/v2\/posts\/93420\/revisions\/93426"}],"wp:featuredmedia":[{"embeddable":true,"href":"https:\/\/www.iphone-ticker.de\/apiv2\/wp\/v2\/media\/93421"}],"wp:attachment":[{"href":"https:\/\/www.iphone-ticker.de\/apiv2\/wp\/v2\/media?parent=93420"}],"wp:term":[{"taxonomy":"category","embeddable":true,"href":"https:\/\/www.iphone-ticker.de\/apiv2\/wp\/v2\/categories?post=93420"},{"taxonomy":"post_tag","embeddable":true,"href":"https:\/\/www.iphone-ticker.de\/apiv2\/wp\/v2\/tags?post=93420"}],"curies":[{"name":"wp","href":"https:\/\/api.w.org\/{rel}","templated":true}]}}