{"id":9303,"date":"2010-01-12T14:13:28","date_gmt":"2010-01-12T13:13:28","guid":{"rendered":"http:\/\/www.iphone-ticker.de\/2010\/01\/12\/geruchte-nachste-iphone-generation-im-mai-erstes-tablet-bauteil-im-foto\/"},"modified":"2010-01-12T14:15:41","modified_gmt":"2010-01-12T13:15:41","slug":"geruchte-nachste-iphone-generation-im-mai-erstes-tablet-bauteil-im-foto","status":"publish","type":"post","link":"https:\/\/www.iphone-ticker.de\/geruchte-nachste-iphone-generation-im-mai-erstes-tablet-bauteil-im-foto-9303\/","title":{"rendered":"Ger\u00fcchte: N\u00e4chste iPhone-Generation im Mai, erstes Tablet-Bauteil im Foto"},"content":{"rendered":"<p><img decoding=\"async\" src=\"http:\/\/www.iphone-ticker.de\/wp-content\/uploads\/2010\/01\/tableglas.gif\" alt=\"tableglas.gif\" align=\"right\" \/>Der <a href=\"http:\/\/www.macobserver.com\/tmo\/article\/source_offers_photo_of_10_apple_tablet_glass\/\">MacObserver<\/a> macht mit <a href=\"http:\/\/www.macobserver.com\/tmo\/article\/source_offers_photo_of_10_apple_tablet_glass\/\">diesem Foto<\/a> eines vermeintlichen Bauteils des Apple Tablets auf sich aufmerksam. Das von anonymer Quelle zugespielte Bild zeigt ein iPhone-\u00e4hnliches Front-Panel aus Glas und soll gut 10&#8243; in der Diagonale messen. Wozu das Tablet im Hochformat und dann noch mit einer H\u00f6rer-Aussparung ausgeliefert werden sollte, k\u00f6nnte uns bislang wohl nur der verantwortliche Photoshopper erkl\u00e4ren. MacObserver schreibt zur\u00fcckhaltend:<\/p>\n<blockquote><p><em>&#8222;We aren&#8217;t positive about how this device would be presented, but we thought it made the most sense in a vertical alignment. If it is legit, one would think that the slot at the top is for a speaker, while the hole in the upper left could be for a camera lens. The button on the bottom, of course, would likely be a Home button, the same with the iPhone.<\/em>&#8222;<\/p><\/blockquote>\n<p>Passend dazu lohnt sich ein Blick auf <a href=\"http:\/\/hightech.challenges.fr\/actualites\/20100111.CHA0466\/un_nouvel_iphone_pour_le_mois_de_mai.html\">diesen Beitrag des franz\u00f6sischen Wirtschaftsmagazins Challenges<\/a>. Demnach k\u00f6nnte die n\u00e4chste iPhone-Generation bereits im Mai 2010 gelauncht oder zumindest vorgestellt werden. Wir schlie\u00dfen uns diesbez\u00fcglich <a href=\"http:\/\/www.fscklog.com\/2010\/01\/franz%C3%B6sisches-wirtschaftsmagazin-n%C3%A4chste-iphone-generation-erscheint-anfang-mai.html\">den \u00dcberlegungen des fscklogs<\/a> an. Sollte Apple bereits auf dem Januar-Event einen Ausblick auf das iPhone OS in Version 4.0 geben, liegt ein vorgezogener Verkaufsstart der 4. iPhone-Generation im Bereich des M\u00f6glichen.<\/p>\n","protected":false},"excerpt":{"rendered":"<a href=\"https:\/\/www.iphone-ticker.de\/geruchte-nachste-iphone-generation-im-mai-erstes-tablet-bauteil-im-foto-9303\/\"><img decoding=\"async\" width=\"150\" src=\"http:\/\/www.iphone-ticker.de\/wp-content\/uploads\/2010\/01\/tableglas.gif\" class=\"alignright wp-post-image tfe\" alt=\"tableglas.gif\" title=\"\" \/><\/a><p>Der MacObserver macht mit diesem Foto eines vermeintlichen Bauteils des Apple Tablets auf sich aufmerksam. Das von anonymer Quelle zugespielte Bild zeigt ein iPhone-\u00e4hnliches Front-Panel aus Glas und soll gut 10&#8243; in der Diagonale messen. Wozu das Tablet im Hochformat und dann noch mit einer H\u00f6rer-Aussparung ausgeliefert werden sollte, k\u00f6nnte uns bislang wohl nur der [&hellip;]<\/p>\n","protected":false},"author":1,"featured_media":0,"comment_status":"open","ping_status":"closed","sticky":false,"template":"","format":"standard","meta":{"footnotes":""},"categories":[1],"tags":[3912,3910],"class_list":["post-9303","post","type-post","status-publish","format-standard","hentry","category-news","tag-apple","tag-rumors"],"aioseo_notices":[],"rest_api_enabler":[],"_links":{"self":[{"href":"https:\/\/www.iphone-ticker.de\/apiv2\/wp\/v2\/posts\/9303","targetHints":{"allow":["GET"]}}],"collection":[{"href":"https:\/\/www.iphone-ticker.de\/apiv2\/wp\/v2\/posts"}],"about":[{"href":"https:\/\/www.iphone-ticker.de\/apiv2\/wp\/v2\/types\/post"}],"author":[{"embeddable":true,"href":"https:\/\/www.iphone-ticker.de\/apiv2\/wp\/v2\/users\/1"}],"replies":[{"embeddable":true,"href":"https:\/\/www.iphone-ticker.de\/apiv2\/wp\/v2\/comments?post=9303"}],"version-history":[{"count":0,"href":"https:\/\/www.iphone-ticker.de\/apiv2\/wp\/v2\/posts\/9303\/revisions"}],"wp:attachment":[{"href":"https:\/\/www.iphone-ticker.de\/apiv2\/wp\/v2\/media?parent=9303"}],"wp:term":[{"taxonomy":"category","embeddable":true,"href":"https:\/\/www.iphone-ticker.de\/apiv2\/wp\/v2\/categories?post=9303"},{"taxonomy":"post_tag","embeddable":true,"href":"https:\/\/www.iphone-ticker.de\/apiv2\/wp\/v2\/tags?post=9303"}],"curies":[{"name":"wp","href":"https:\/\/api.w.org\/{rel}","templated":true}]}}