{"id":92992,"date":"2016-02-17T10:26:45","date_gmt":"2016-02-17T09:26:45","guid":{"rendered":"http:\/\/www.iphone-ticker.de\/?p=92992"},"modified":"2016-02-24T11:52:27","modified_gmt":"2016-02-24T10:52:27","slug":"offener-brief-von-tim-cook-forderungen-des-fbi-gefaehrden-sicherheit-unserer-kunden","status":"publish","type":"post","link":"https:\/\/www.iphone-ticker.de\/offener-brief-von-tim-cook-forderungen-des-fbi-gefaehrden-sicherheit-unserer-kunden-92992\/","title":{"rendered":"Offener Brief von Tim Cook: &#8222;Forderungen des FBI gef\u00e4hrden Sicherheit unserer Kunden&#8220;"},"content":{"rendered":"<p>Schneller als erwartet hat Apple auf den Gerichtsbeschluss reagiert, Apple m\u00fcsse die US-Beh\u00f6rden beim Entschl\u00fcsseln der auf einem von Terroristen genutzten iPhone gespeicherten Daten unterst\u00fctzen (<a href=\"http:\/\/www.iphone-ticker.de\/von-terroristen-genutztes-iphone-gericht-verlangt-von-apple-unterstuetzung-der-behoerden-92970\/\">wir berichteten<\/a>). Apple-Chef Tim Cook widerspricht dieser Forderung in einem <a href=\"http:\/\/www.apple.com\/customer-letter\/\">offenen Brief<\/a> vehement. Die US-Regierung habe verlangt, dass Apple einen beispiellosen Schritt tut, der die Sicherheit der eigenen Kunden gef\u00e4hrdet. Apple lehne diese Forderungen ab.<\/p>\n<p><img loading=\"lazy\" decoding=\"async\" src=\"http:\/\/images.ifun.de\/wp-content\/uploads\/2013\/12\/tim-cook.jpg\" width=\"500\" height=\"333\" class=\"alignnone\" \/><\/p>\n<p>Cook betont, wie wertvoll und sensibel die von Kunden auf dem iPhone gespeicherten Daten sind, darunter private Kommunikation, Fotos, Notizen, Kontakte, Kalender sowie Finanz- und Gesundheitsdaten. Man habe sich dazu entschieden, dieses Gut mit allen erdenklichen Mitteln vor dem Zugriff von Hackern und Kriminellen zu sch\u00fctzen. Verschl\u00fcsselung sei die einzige M\u00f6glichkeit, diesem Anspruch gerecht zu werden. Auch Apple habe keinen Zugriff auf diese Daten.<\/p>\n<p>Mit Blick auf die Vorg\u00e4nge in San Bernardino stellt Cook klar, dass man keinerlei Sympathien f\u00fcr die T\u00e4ter habe und man das FBI auf jede erdenkliche Art unterst\u00fctze. In diesem Zuge wurden auch Daten, die sich im Besitz Apples befanden, nach Vorlage entsprechender Gerichtsbeschl\u00fcsse ausgeh\u00e4ndigt. Mit der von den Beh\u00f6rden nun geforderten Hintert\u00fcr k\u00f6nne Apple allerdings nicht dienen. Cook zufolge berge das Bereitstellen eines solchen Zugangs unkontrollierbare Gefahren, Apple habe sich daher grunds\u00e4tzlich dagegen entschieden, dergleichen in die eigenen Produkte zu implementieren.<\/p>\n<p>Konkret hatte das FBI offenbar verlangt, dass Apple eine modifizierte iOS-Version erstellt, die bestimmte Sicherheitsfunktionen au\u00dfer Kraft setzt.<\/p>\n<blockquote>\n<p>The FBI may use different words to describe this tool, but make no mistake: Building a version of iOS that bypasses security in this way would undeniably create a backdoor. And while the government may argue that its use would be limited&nbsp;to this case, there is no way to guarantee such control. [\u2026] The government is asking Apple to hack our own users and undermine decades of security advancements that protect our customer.<\/p>\n<\/blockquote>\n<p>Apple sehe sich verpflichtet, die pers\u00f6nlichen Daten von Millionen Nutzern wie versprochen zu sch\u00fctzen. Man nehme die Weigerung gegen\u00fcber den Beh\u00f6rden nicht auf die leichte Schulter und k\u00f6nne die W\u00fcnsche der Beh\u00f6rden nachvollziehen. Allerdings w\u00fcrde das Schaffen einer Hintert\u00fcr die Freiheit der B\u00fcrger gef\u00e4hrden, ein Gut, dessen Schutz der Regierung auferlegt sei.<img loading=\"lazy\" decoding=\"async\" src=\"http:\/\/vg05.met.vgwort.de\/na\/2dd02991c1464542b961b70f69da2b60\" width=\"1\" height=\"1\" class=\"tracking\"><\/p>\n","protected":false},"excerpt":{"rendered":"<a href=\"https:\/\/www.iphone-ticker.de\/offener-brief-von-tim-cook-forderungen-des-fbi-gefaehrden-sicherheit-unserer-kunden-92992\/\"><img decoding=\"async\" width=\"150\" src=\"http:\/\/images.ifun.de\/wp-content\/uploads\/2013\/12\/tim-cook.jpg\" class=\"alignright wp-post-image tfe\" alt=\"\" title=\"\" \/><\/a><p>Schneller als erwartet hat Apple auf den Gerichtsbeschluss reagiert, Apple m\u00fcsse die US-Beh\u00f6rden beim Entschl\u00fcsseln der auf einem von Terroristen genutzten iPhone gespeicherten Daten unterst\u00fctzen (wir berichteten). Apple-Chef Tim Cook widerspricht dieser Forderung in einem offenen Brief vehement. Die US-Regierung habe verlangt, dass Apple einen beispiellosen Schritt tut, der die Sicherheit der eigenen Kunden gef\u00e4hrdet. [&hellip;]<\/p>\n","protected":false},"author":2,"featured_media":0,"comment_status":"open","ping_status":"closed","sticky":false,"template":"","format":"standard","meta":{"footnotes":""},"categories":[14,1975],"tags":[3912,3314,90,1439],"class_list":["post-92992","post","type-post","status-publish","format-standard","hentry","category-apple","category-feature","tag-apple","tag-fbi","tag-sicherheit","tag-tim-cook"],"aioseo_notices":[],"featured_image":["http:\/\/images.iphone-ticker.de\/wp-content\/uploads\/2015\/09\/cook-team.jpg"],"rest_api_enabler":{"featured_image":"http:\/\/images.iphone-ticker.de\/wp-content\/uploads\/2015\/09\/cook-team.jpg"},"_links":{"self":[{"href":"https:\/\/www.iphone-ticker.de\/apiv2\/wp\/v2\/posts\/92992","targetHints":{"allow":["GET"]}}],"collection":[{"href":"https:\/\/www.iphone-ticker.de\/apiv2\/wp\/v2\/posts"}],"about":[{"href":"https:\/\/www.iphone-ticker.de\/apiv2\/wp\/v2\/types\/post"}],"author":[{"embeddable":true,"href":"https:\/\/www.iphone-ticker.de\/apiv2\/wp\/v2\/users\/2"}],"replies":[{"embeddable":true,"href":"https:\/\/www.iphone-ticker.de\/apiv2\/wp\/v2\/comments?post=92992"}],"version-history":[{"count":3,"href":"https:\/\/www.iphone-ticker.de\/apiv2\/wp\/v2\/posts\/92992\/revisions"}],"predecessor-version":[{"id":92995,"href":"https:\/\/www.iphone-ticker.de\/apiv2\/wp\/v2\/posts\/92992\/revisions\/92995"}],"wp:attachment":[{"href":"https:\/\/www.iphone-ticker.de\/apiv2\/wp\/v2\/media?parent=92992"}],"wp:term":[{"taxonomy":"category","embeddable":true,"href":"https:\/\/www.iphone-ticker.de\/apiv2\/wp\/v2\/categories?post=92992"},{"taxonomy":"post_tag","embeddable":true,"href":"https:\/\/www.iphone-ticker.de\/apiv2\/wp\/v2\/tags?post=92992"}],"curies":[{"name":"wp","href":"https:\/\/api.w.org\/{rel}","templated":true}]}}