{"id":92916,"date":"2016-02-16T07:24:51","date_gmt":"2016-02-16T06:24:51","guid":{"rendered":"http:\/\/www.iphone-ticker.de\/?p=92916"},"modified":"2016-02-16T07:25:38","modified_gmt":"2016-02-16T06:25:38","slug":"apple-pay-in-europa-spanien-offiziell-auf-dem-plan-angeblich-auch-frankreich","status":"publish","type":"post","link":"https:\/\/www.iphone-ticker.de\/apple-pay-in-europa-spanien-offiziell-auf-dem-plan-angeblich-auch-frankreich-92916\/","title":{"rendered":"Apple Pay in Europa: Spanien offiziell auf dem Plan, angeblich auch Frankreich"},"content":{"rendered":"<p>F\u00fcr 2016 ist der Start von Apple Pay auf dem europ\u00e4ischen Festland vorgesehen. Apple hat dies bereits offiziell <a href=\"http:\/\/www.iphone-ticker.de\/apple-pay-kein-wort-zum-deutschland-start-88566\/\">angek\u00fcndigt<\/a> und dabei Spanien namentlich genannt. Die franz\u00f6sische Website <a href=\"http:\/\/www.igen.fr\/iphone\/2016\/02\/apple-pay-est-en-preparation-en-france-94818\">iGeneration<\/a> will nun Informationen dahingehend erhalten haben, dass auch ein Start in Frankreich f\u00fcr dieses Jahr geplant sei. Eine entsprechende Ank\u00fcndigung soll im ersten Halbjahr 2016 erfolgen. Als potenziellen Termin hierf\u00fcr werfen die Franzosen die voraussichtlich wieder im Juni stattfindende Entwicklerkonferenz WWDC ins Rennen.<\/p>\n<p><a href=\"http:\/\/images.iphone-ticker.de\/wp-content\/uploads\/2015\/08\/apple-pay-500.jpg\" rel=\"attachment wp-att-85567\"><img loading=\"lazy\" decoding=\"async\" src=\"http:\/\/images.iphone-ticker.de\/wp-content\/uploads\/2015\/08\/apple-pay-500.jpg\" alt=\"apple-pay-500\" width=\"500\" height=\"276\" class=\"alignnone size-full wp-image-85567\" srcset=\"https:\/\/images.iphone-ticker.de\/wp-content\/uploads\/2015\/08\/apple-pay-500.jpg 500w, https:\/\/images.iphone-ticker.de\/wp-content\/uploads\/2015\/08\/apple-pay-500-300x166.jpg 300w\" sizes=\"auto, (max-width: 500px) 100vw, 500px\" \/><\/a><\/p>\n<p>Grunds\u00e4tzlich ist davon auszugehen, dass der von Apple angek\u00fcndigte Spanien-Start nicht der einzige Auftritt von Apple Pay in diesem Jahr auf dem europ\u00e4ischen Festland ist. Allerdings bleibt spannend, welche Partner zun\u00e4chst mit im Boot sind. Der Start in Spanien wurde zumindest offiziell als Partnerschaft mit American Express angek\u00fcndigt und der Bezahldienst d\u00fcrfte dort dann zumindest f\u00fcr begrenzte Zeit auch nur f\u00fcr Kunden dieses Kreditkartenanbieters verf\u00fcgbar sein.<\/p>\n<p>Eine Ank\u00fcndigung f\u00fcr den Spanien-Start w\u00fcrde \u00fcbrigens perfekt in die n\u00e4chste Woche passen. Dort findet dann in Barcelona mit dem Mobile World Congress die gr\u00f6\u00dfte Mobilfunkmesse Europas statt. Die Veranstaltung wird von Samsung und anderen namhaften Herstellern regelm\u00e4\u00dfig zur Vorstellung neuer Android-Smartphones genutzt, allerdings spielt dort mittlerweile auch der Mobile-Payment-Bereich eine gro\u00dfe Rolle und alle in diesem Bereich relevanten Kreditkartenanbieter, darunter auch American Express, sind vor Ort.<\/p>\n<p>Bislang ist Apple Pay in den USA, Kanada, Australien und Gro\u00dfbritannien verf\u00fcgbar. Offiziell wurde von Apple f\u00fcr 2016 der Ausbau nach Spanien, Singapur und Hong Kong angek\u00fcndigt, <a href=\"http:\/\/www.iphone-ticker.de\/apple-pay-naechste-haltestelle-china-89646\/\" title=\"Apple Pay. N\u00e4chste Haltestelle: China\">Ger\u00fcchten<\/a> zufolge steht zudem ein Apple-Pay-Start in China f\u00fcr dieses Jahr an.<\/p>\n","protected":false},"excerpt":{"rendered":"<a href=\"https:\/\/www.iphone-ticker.de\/apple-pay-in-europa-spanien-offiziell-auf-dem-plan-angeblich-auch-frankreich-92916\/\"><img decoding=\"async\" width=\"150\" src=\"http:\/\/images.iphone-ticker.de\/wp-content\/uploads\/2015\/08\/apple-pay-500.jpg\" class=\"alignright wp-post-image tfe\" alt=\"apple-pay-500\" title=\"\" \/><\/a><p>F\u00fcr 2016 ist der Start von Apple Pay auf dem europ\u00e4ischen Festland vorgesehen. Apple hat dies bereits offiziell angek\u00fcndigt und dabei Spanien namentlich genannt. Die franz\u00f6sische Website iGeneration will nun Informationen dahingehend erhalten haben, dass auch ein Start in Frankreich f\u00fcr dieses Jahr geplant sei. Eine entsprechende Ank\u00fcndigung soll im ersten Halbjahr 2016 erfolgen. Als [&hellip;]<\/p>\n","protected":false},"author":2,"featured_media":0,"comment_status":"open","ping_status":"closed","sticky":false,"template":"","format":"standard","meta":{"footnotes":""},"categories":[1],"tags":[3303,2758,158,3302],"class_list":["post-92916","post","type-post","status-publish","format-standard","hentry","category-news","tag-american-express","tag-apple-pay","tag-frankreich","tag-spanien"],"aioseo_notices":[],"aioseo_head":"\n\t\t<!-- All in One SEO Pro 5.0.1 - aioseo.com -->\n\t<meta name=\"description\" content=\"F\u00fcr 2016 ist der Start von Apple Pay auf dem europ\u00e4ischen Festland vorgesehen. Apple hat dies bereits offiziell angek\u00fcndigt und dabei Spanien namentlich genannt. Die franz\u00f6sische Website iGeneration will nun Informationen dahingehend erhalten haben, dass auch ein Start in Frankreich f\u00fcr dieses Jahr geplant sei. Eine entsprechende Ank\u00fcndigung soll im ersten Halbjahr 2016 erfolgen. Als\" \/>\n\t<meta name=\"robots\" content=\"max-image-preview:large\" \/>\n\t<meta name=\"author\" content=\"chris\"\/>\n\t<meta name=\"google-site-verification\" content=\"bRuV4_wqNuoQLypC9HVKibZ0X7EtNyELtju97qgyflM\" \/>\n\t<link rel=\"canonical\" href=\"https:\/\/www.iphone-ticker.de\/apple-pay-in-europa-spanien-offiziell-auf-dem-plan-angeblich-auch-frankreich-92916\/\" \/>\n\t<meta name=\"generator\" content=\"All in One SEO Pro (AIOSEO) 5.0.1\" \/>\n\t\t<meta property=\"og:locale\" content=\"de_DE\" \/>\n\t\t<meta property=\"og:site_name\" content=\"iphone-ticker.de | Alles zum iPhone. Seit 2007.\" \/>\n\t\t<meta property=\"og:type\" content=\"article\" \/>\n\t\t<meta property=\"og:title\" content=\"Apple Pay in Europa: Spanien offiziell auf dem Plan, angeblich auch Frankreich | iphone-ticker.de\" \/>\n\t\t<meta property=\"og:description\" content=\"F\u00fcr 2016 ist der Start von Apple Pay auf dem europ\u00e4ischen Festland vorgesehen. Apple hat dies bereits offiziell angek\u00fcndigt und dabei Spanien namentlich genannt. Die franz\u00f6sische Website iGeneration will nun Informationen dahingehend erhalten haben, dass auch ein Start in Frankreich f\u00fcr dieses Jahr geplant sei. Eine entsprechende Ank\u00fcndigung soll im ersten Halbjahr 2016 erfolgen. Als\" \/>\n\t\t<meta property=\"og:url\" content=\"https:\/\/www.iphone-ticker.de\/apple-pay-in-europa-spanien-offiziell-auf-dem-plan-angeblich-auch-frankreich-92916\/\" \/>\n\t\t<meta property=\"article:published_time\" content=\"2016-02-16T06:24:51+00:00\" \/>\n\t\t<meta property=\"article:modified_time\" content=\"2016-02-16T06:25:38+00:00\" \/>\n\t\t<meta property=\"article:publisher\" content=\"https:\/\/facebook.com\/ifun.de\" \/>\n\t\t<meta name=\"twitter:card\" content=\"summary_large_image\" \/>\n\t\t<meta name=\"twitter:site\" content=\"@iphoneticker\" \/>\n\t\t<meta name=\"twitter:title\" content=\"Apple Pay in Europa: Spanien offiziell auf dem Plan, angeblich auch Frankreich | iphone-ticker.de\" \/>\n\t\t<meta name=\"twitter:description\" content=\"F\u00fcr 2016 ist der Start von Apple Pay auf dem europ\u00e4ischen Festland vorgesehen. Apple hat dies bereits offiziell angek\u00fcndigt und dabei Spanien namentlich genannt. Die franz\u00f6sische Website iGeneration will nun Informationen dahingehend erhalten haben, dass auch ein Start in Frankreich f\u00fcr dieses Jahr geplant sei. Eine entsprechende Ank\u00fcndigung soll im ersten Halbjahr 2016 erfolgen. Als\" \/>\n\t\t<meta name=\"twitter:creator\" content=\"@iphoneticker\" \/>\n\t\t<script type=\"application\/ld+json\" class=\"aioseo-schema\">\n\t\t\t{\"@context\":\"https:\\\/\\\/schema.org\",\"@graph\":[{\"@type\":\"BreadcrumbList\",\"@id\":\"https:\\\/\\\/www.iphone-ticker.de\\\/apple-pay-in-europa-spanien-offiziell-auf-dem-plan-angeblich-auch-frankreich-92916\\\/#breadcrumblist\",\"itemListElement\":[{\"@type\":\"ListItem\",\"@id\":\"https:\\\/\\\/www.iphone-ticker.de#listItem\",\"position\":1,\"name\":\"Home\",\"item\":\"https:\\\/\\\/www.iphone-ticker.de\",\"nextItem\":{\"@type\":\"ListItem\",\"@id\":\"https:\\\/\\\/www.iphone-ticker.de\\\/category\\\/news\\\/#listItem\",\"name\":\"News\"}},{\"@type\":\"ListItem\",\"@id\":\"https:\\\/\\\/www.iphone-ticker.de\\\/category\\\/news\\\/#listItem\",\"position\":2,\"name\":\"News\",\"item\":\"https:\\\/\\\/www.iphone-ticker.de\\\/category\\\/news\\\/\",\"nextItem\":{\"@type\":\"ListItem\",\"@id\":\"https:\\\/\\\/www.iphone-ticker.de\\\/apple-pay-in-europa-spanien-offiziell-auf-dem-plan-angeblich-auch-frankreich-92916\\\/#listItem\",\"name\":\"Apple Pay in Europa: Spanien offiziell auf dem Plan, angeblich auch Frankreich\"},\"previousItem\":{\"@type\":\"ListItem\",\"@id\":\"https:\\\/\\\/www.iphone-ticker.de#listItem\",\"name\":\"Home\"}},{\"@type\":\"ListItem\",\"@id\":\"https:\\\/\\\/www.iphone-ticker.de\\\/apple-pay-in-europa-spanien-offiziell-auf-dem-plan-angeblich-auch-frankreich-92916\\\/#listItem\",\"position\":3,\"name\":\"Apple Pay in Europa: Spanien offiziell auf dem Plan, angeblich auch Frankreich\",\"previousItem\":{\"@type\":\"ListItem\",\"@id\":\"https:\\\/\\\/www.iphone-ticker.de\\\/category\\\/news\\\/#listItem\",\"name\":\"News\"}}]},{\"@type\":\"NewsArticle\",\"@id\":\"https:\\\/\\\/www.iphone-ticker.de\\\/apple-pay-in-europa-spanien-offiziell-auf-dem-plan-angeblich-auch-frankreich-92916\\\/#newsarticle\",\"name\":\"Apple Pay in Europa: Spanien offiziell auf dem Plan, angeblich auch Frankreich | iphone-ticker.de\",\"headline\":\"Apple Pay in Europa: Spanien offiziell auf dem Plan, angeblich auch Frankreich\",\"author\":{\"@id\":\"https:\\\/\\\/www.iphone-ticker.de\\\/author\\\/chris\\\/#author\"},\"publisher\":{\"@id\":\"https:\\\/\\\/www.iphone-ticker.de\\\/#organization\"},\"image\":{\"@type\":\"ImageObject\",\"url\":\"https:\\\/\\\/images.iphone-ticker.de\\\/wp-content\\\/uploads\\\/2015\\\/08\\\/apple-pay-500.jpg\",\"@id\":\"https:\\\/\\\/www.iphone-ticker.de\\\/apple-pay-in-europa-spanien-offiziell-auf-dem-plan-angeblich-auch-frankreich-92916\\\/#articleImage\",\"width\":500,\"height\":276},\"datePublished\":\"2016-02-16T07:24:51+01:00\",\"dateModified\":\"2016-02-16T07:25:38+01:00\",\"inLanguage\":\"de-DE\",\"commentCount\":85,\"mainEntityOfPage\":{\"@id\":\"https:\\\/\\\/www.iphone-ticker.de\\\/apple-pay-in-europa-spanien-offiziell-auf-dem-plan-angeblich-auch-frankreich-92916\\\/#webpage\"},\"isPartOf\":{\"@id\":\"https:\\\/\\\/www.iphone-ticker.de\\\/apple-pay-in-europa-spanien-offiziell-auf-dem-plan-angeblich-auch-frankreich-92916\\\/#webpage\"},\"articleSection\":\"News, American Express, Apple Pay, Frankreich, Spanien\",\"dateline\":\"Ver\\u00f6ffentlicht am Februar 16, 2016.\"},{\"@type\":\"Organization\",\"@id\":\"https:\\\/\\\/www.iphone-ticker.de\\\/#organization\",\"name\":\"aketo GmbH\",\"description\":\"Die aketo GmbH versorgt das deutschsprachige Internet mit den f\\u00fchrenden Nachrichtenangeboten zu Apple, dem iPhone, dem iPad und Apples Lifestyle-Produkten. Konzepte, Redaktion, Recherchen und Archiv.\",\"url\":\"https:\\\/\\\/www.iphone-ticker.de\\\/\",\"email\":\"ifun.de@gmail.com\",\"telephone\":\"+493057707123\",\"foundingDate\":\"2007-01-01\",\"logo\":{\"@type\":\"ImageObject\",\"url\":\"https:\\\/\\\/images.iphone-ticker.de\\\/wp-content\\\/uploads\\\/2026\\\/02\\\/apple-touch-icon.png\",\"@id\":\"https:\\\/\\\/www.iphone-ticker.de\\\/apple-pay-in-europa-spanien-offiziell-auf-dem-plan-angeblich-auch-frankreich-92916\\\/#organizationLogo\",\"width\":1024,\"height\":1024,\"caption\":\"Apple Touch Icon\"},\"image\":{\"@id\":\"https:\\\/\\\/www.iphone-ticker.de\\\/apple-pay-in-europa-spanien-offiziell-auf-dem-plan-angeblich-auch-frankreich-92916\\\/#organizationLogo\"},\"sameAs\":[\"https:\\\/\\\/facebook.com\\\/ifun.de\",\"https:\\\/\\\/x.com\\\/iphoneticker\"]},{\"@type\":\"Person\",\"@id\":\"https:\\\/\\\/www.iphone-ticker.de\\\/author\\\/chris\\\/#author\",\"url\":\"https:\\\/\\\/www.iphone-ticker.de\\\/author\\\/chris\\\/\",\"name\":\"chris\"},{\"@type\":\"WebPage\",\"@id\":\"https:\\\/\\\/www.iphone-ticker.de\\\/apple-pay-in-europa-spanien-offiziell-auf-dem-plan-angeblich-auch-frankreich-92916\\\/#webpage\",\"url\":\"https:\\\/\\\/www.iphone-ticker.de\\\/apple-pay-in-europa-spanien-offiziell-auf-dem-plan-angeblich-auch-frankreich-92916\\\/\",\"name\":\"Apple Pay in Europa: Spanien offiziell auf dem Plan, angeblich auch Frankreich | iphone-ticker.de\",\"description\":\"F\\u00fcr 2016 ist der Start von Apple Pay auf dem europ\\u00e4ischen Festland vorgesehen. Apple hat dies bereits offiziell angek\\u00fcndigt und dabei Spanien namentlich genannt. Die franz\\u00f6sische Website iGeneration will nun Informationen dahingehend erhalten haben, dass auch ein Start in Frankreich f\\u00fcr dieses Jahr geplant sei. Eine entsprechende Ank\\u00fcndigung soll im ersten Halbjahr 2016 erfolgen. Als\",\"inLanguage\":\"de-DE\",\"isPartOf\":{\"@id\":\"https:\\\/\\\/www.iphone-ticker.de\\\/#website\"},\"breadcrumb\":{\"@id\":\"https:\\\/\\\/www.iphone-ticker.de\\\/apple-pay-in-europa-spanien-offiziell-auf-dem-plan-angeblich-auch-frankreich-92916\\\/#breadcrumblist\"},\"author\":{\"@id\":\"https:\\\/\\\/www.iphone-ticker.de\\\/author\\\/chris\\\/#author\"},\"creator\":{\"@id\":\"https:\\\/\\\/www.iphone-ticker.de\\\/author\\\/chris\\\/#author\"},\"datePublished\":\"2016-02-16T07:24:51+01:00\",\"dateModified\":\"2016-02-16T07:25:38+01:00\"},{\"@type\":\"WebSite\",\"@id\":\"https:\\\/\\\/www.iphone-ticker.de\\\/#website\",\"url\":\"https:\\\/\\\/www.iphone-ticker.de\\\/\",\"name\":\"iphone-ticker.de\",\"description\":\"Alles zum iPhone. Seit 2007.\",\"inLanguage\":\"de-DE\",\"publisher\":{\"@id\":\"https:\\\/\\\/www.iphone-ticker.de\\\/#organization\"}}]}\n\t\t<\/script>\n\t\t<!-- All in One SEO Pro -->\r\n\t\t<title>Apple Pay in Europa: Spanien offiziell auf dem Plan, angeblich auch Frankreich | iphone-ticker.de<\/title>\n\n","aioseo_head_json":{"title":"Apple Pay in Europa: Spanien offiziell auf dem Plan, angeblich auch Frankreich | iphone-ticker.de","description":"F\u00fcr 2016 ist der Start von Apple Pay auf dem europ\u00e4ischen Festland vorgesehen. Apple hat dies bereits offiziell angek\u00fcndigt und dabei Spanien namentlich genannt. Die franz\u00f6sische Website iGeneration will nun Informationen dahingehend erhalten haben, dass auch ein Start in Frankreich f\u00fcr dieses Jahr geplant sei. Eine entsprechende Ank\u00fcndigung soll im ersten Halbjahr 2016 erfolgen. Als","canonical_url":"https:\/\/www.iphone-ticker.de\/apple-pay-in-europa-spanien-offiziell-auf-dem-plan-angeblich-auch-frankreich-92916\/","robots":"max-image-preview:large","keywords":"","webmasterTools":{"google-site-verification":"bRuV4_wqNuoQLypC9HVKibZ0X7EtNyELtju97qgyflM","miscellaneous":""},"schema":{"@context":"https:\/\/schema.org","@graph":[{"@type":"BreadcrumbList","@id":"https:\/\/www.iphone-ticker.de\/apple-pay-in-europa-spanien-offiziell-auf-dem-plan-angeblich-auch-frankreich-92916\/#breadcrumblist","itemListElement":[{"@type":"ListItem","@id":"https:\/\/www.iphone-ticker.de#listItem","position":1,"name":"Home","item":"https:\/\/www.iphone-ticker.de","nextItem":{"@type":"ListItem","@id":"https:\/\/www.iphone-ticker.de\/category\/news\/#listItem","name":"News"}},{"@type":"ListItem","@id":"https:\/\/www.iphone-ticker.de\/category\/news\/#listItem","position":2,"name":"News","item":"https:\/\/www.iphone-ticker.de\/category\/news\/","nextItem":{"@type":"ListItem","@id":"https:\/\/www.iphone-ticker.de\/apple-pay-in-europa-spanien-offiziell-auf-dem-plan-angeblich-auch-frankreich-92916\/#listItem","name":"Apple Pay in Europa: Spanien offiziell auf dem Plan, angeblich auch Frankreich"},"previousItem":{"@type":"ListItem","@id":"https:\/\/www.iphone-ticker.de#listItem","name":"Home"}},{"@type":"ListItem","@id":"https:\/\/www.iphone-ticker.de\/apple-pay-in-europa-spanien-offiziell-auf-dem-plan-angeblich-auch-frankreich-92916\/#listItem","position":3,"name":"Apple Pay in Europa: Spanien offiziell auf dem Plan, angeblich auch Frankreich","previousItem":{"@type":"ListItem","@id":"https:\/\/www.iphone-ticker.de\/category\/news\/#listItem","name":"News"}}]},{"@type":"NewsArticle","@id":"https:\/\/www.iphone-ticker.de\/apple-pay-in-europa-spanien-offiziell-auf-dem-plan-angeblich-auch-frankreich-92916\/#newsarticle","name":"Apple Pay in Europa: Spanien offiziell auf dem Plan, angeblich auch Frankreich | iphone-ticker.de","headline":"Apple Pay in Europa: Spanien offiziell auf dem Plan, angeblich auch Frankreich","author":{"@id":"https:\/\/www.iphone-ticker.de\/author\/chris\/#author"},"publisher":{"@id":"https:\/\/www.iphone-ticker.de\/#organization"},"image":{"@type":"ImageObject","url":"https:\/\/images.iphone-ticker.de\/wp-content\/uploads\/2015\/08\/apple-pay-500.jpg","@id":"https:\/\/www.iphone-ticker.de\/apple-pay-in-europa-spanien-offiziell-auf-dem-plan-angeblich-auch-frankreich-92916\/#articleImage","width":500,"height":276},"datePublished":"2016-02-16T07:24:51+01:00","dateModified":"2016-02-16T07:25:38+01:00","inLanguage":"de-DE","commentCount":85,"mainEntityOfPage":{"@id":"https:\/\/www.iphone-ticker.de\/apple-pay-in-europa-spanien-offiziell-auf-dem-plan-angeblich-auch-frankreich-92916\/#webpage"},"isPartOf":{"@id":"https:\/\/www.iphone-ticker.de\/apple-pay-in-europa-spanien-offiziell-auf-dem-plan-angeblich-auch-frankreich-92916\/#webpage"},"articleSection":"News, American Express, Apple Pay, Frankreich, Spanien","dateline":"Ver\u00f6ffentlicht am Februar 16, 2016."},{"@type":"Organization","@id":"https:\/\/www.iphone-ticker.de\/#organization","name":"aketo GmbH","description":"Die aketo GmbH versorgt das deutschsprachige Internet mit den f\u00fchrenden Nachrichtenangeboten zu Apple, dem iPhone, dem iPad und Apples Lifestyle-Produkten. Konzepte, Redaktion, Recherchen und Archiv.","url":"https:\/\/www.iphone-ticker.de\/","email":"ifun.de@gmail.com","telephone":"+493057707123","foundingDate":"2007-01-01","logo":{"@type":"ImageObject","url":"https:\/\/images.iphone-ticker.de\/wp-content\/uploads\/2026\/02\/apple-touch-icon.png","@id":"https:\/\/www.iphone-ticker.de\/apple-pay-in-europa-spanien-offiziell-auf-dem-plan-angeblich-auch-frankreich-92916\/#organizationLogo","width":1024,"height":1024,"caption":"Apple Touch Icon"},"image":{"@id":"https:\/\/www.iphone-ticker.de\/apple-pay-in-europa-spanien-offiziell-auf-dem-plan-angeblich-auch-frankreich-92916\/#organizationLogo"},"sameAs":["https:\/\/facebook.com\/ifun.de","https:\/\/x.com\/iphoneticker"]},{"@type":"Person","@id":"https:\/\/www.iphone-ticker.de\/author\/chris\/#author","url":"https:\/\/www.iphone-ticker.de\/author\/chris\/","name":"chris"},{"@type":"WebPage","@id":"https:\/\/www.iphone-ticker.de\/apple-pay-in-europa-spanien-offiziell-auf-dem-plan-angeblich-auch-frankreich-92916\/#webpage","url":"https:\/\/www.iphone-ticker.de\/apple-pay-in-europa-spanien-offiziell-auf-dem-plan-angeblich-auch-frankreich-92916\/","name":"Apple Pay in Europa: Spanien offiziell auf dem Plan, angeblich auch Frankreich | iphone-ticker.de","description":"F\u00fcr 2016 ist der Start von Apple Pay auf dem europ\u00e4ischen Festland vorgesehen. Apple hat dies bereits offiziell angek\u00fcndigt und dabei Spanien namentlich genannt. Die franz\u00f6sische Website iGeneration will nun Informationen dahingehend erhalten haben, dass auch ein Start in Frankreich f\u00fcr dieses Jahr geplant sei. Eine entsprechende Ank\u00fcndigung soll im ersten Halbjahr 2016 erfolgen. Als","inLanguage":"de-DE","isPartOf":{"@id":"https:\/\/www.iphone-ticker.de\/#website"},"breadcrumb":{"@id":"https:\/\/www.iphone-ticker.de\/apple-pay-in-europa-spanien-offiziell-auf-dem-plan-angeblich-auch-frankreich-92916\/#breadcrumblist"},"author":{"@id":"https:\/\/www.iphone-ticker.de\/author\/chris\/#author"},"creator":{"@id":"https:\/\/www.iphone-ticker.de\/author\/chris\/#author"},"datePublished":"2016-02-16T07:24:51+01:00","dateModified":"2016-02-16T07:25:38+01:00"},{"@type":"WebSite","@id":"https:\/\/www.iphone-ticker.de\/#website","url":"https:\/\/www.iphone-ticker.de\/","name":"iphone-ticker.de","description":"Alles zum iPhone. Seit 2007.","inLanguage":"de-DE","publisher":{"@id":"https:\/\/www.iphone-ticker.de\/#organization"}}]},"og:locale":"de_DE","og:site_name":"iphone-ticker.de | Alles zum iPhone. Seit 2007.","og:type":"article","og:title":"Apple Pay in Europa: Spanien offiziell auf dem Plan, angeblich auch Frankreich | iphone-ticker.de","og:description":"F\u00fcr 2016 ist der Start von Apple Pay auf dem europ\u00e4ischen Festland vorgesehen. Apple hat dies bereits offiziell angek\u00fcndigt und dabei Spanien namentlich genannt. Die franz\u00f6sische Website iGeneration will nun Informationen dahingehend erhalten haben, dass auch ein Start in Frankreich f\u00fcr dieses Jahr geplant sei. Eine entsprechende Ank\u00fcndigung soll im ersten Halbjahr 2016 erfolgen. Als","og:url":"https:\/\/www.iphone-ticker.de\/apple-pay-in-europa-spanien-offiziell-auf-dem-plan-angeblich-auch-frankreich-92916\/","article:published_time":"2016-02-16T06:24:51+00:00","article:modified_time":"2016-02-16T06:25:38+00:00","article:publisher":"https:\/\/facebook.com\/ifun.de","twitter:card":"summary_large_image","twitter:site":"@iphoneticker","twitter:title":"Apple Pay in Europa: Spanien offiziell auf dem Plan, angeblich auch Frankreich | iphone-ticker.de","twitter:description":"F\u00fcr 2016 ist der Start von Apple Pay auf dem europ\u00e4ischen Festland vorgesehen. Apple hat dies bereits offiziell angek\u00fcndigt und dabei Spanien namentlich genannt. Die franz\u00f6sische Website iGeneration will nun Informationen dahingehend erhalten haben, dass auch ein Start in Frankreich f\u00fcr dieses Jahr geplant sei. Eine entsprechende Ank\u00fcndigung soll im ersten Halbjahr 2016 erfolgen. Als","twitter:creator":"@iphoneticker"},"aioseo_meta_data":{"post_id":"92916","title":null,"description":null,"keywords":null,"keyphrases":null,"primary_term":null,"canonical_url":null,"og_title":null,"og_description":null,"og_object_type":"default","og_image_type":"default","og_image_url":null,"og_image_width":null,"og_image_height":null,"og_image_custom_url":null,"og_image_custom_fields":null,"og_video":null,"og_custom_url":null,"og_article_section":null,"og_article_tags":null,"twitter_use_og":false,"twitter_card":"default","twitter_image_type":"default","twitter_image_url":null,"twitter_image_custom_url":null,"twitter_image_custom_fields":null,"twitter_title":null,"twitter_description":null,"schema":{"blockGraphs":[],"customGraphs":[],"default":{"data":{"Article":[],"Course":[],"Dataset":[],"FAQPage":[],"Movie":[],"Person":[],"Product":[],"ProductReview":[],"Car":[],"Recipe":[],"Service":[],"SoftwareApplication":[],"WebPage":[]},"graphName":"NewsArticle","isEnabled":true},"graphs":[]},"schema_type":"default","schema_type_options":null,"pillar_content":false,"robots_default":true,"robots_noindex":false,"robots_noarchive":false,"robots_nosnippet":false,"robots_nofollow":false,"robots_noimageindex":false,"robots_noodp":false,"robots_notranslate":false,"robots_max_snippet":null,"robots_max_videopreview":null,"robots_max_imagepreview":"large","priority":null,"frequency":null,"local_seo":null,"seo_analyzer_scan_date":"2026-07-09 18:35:25","breadcrumb_settings":null,"limit_modified_date":false,"open_ai":null,"ai":null,"created":"2026-02-21 06:12:21","updated":"2026-07-09 18:35:25","focus_keyword":null,"additional_keywords":null,"truseo_locale":null},"aioseo_breadcrumb":"<div class=\"aioseo-breadcrumbs\"><span class=\"aioseo-breadcrumb\">\n\t<a href=\"https:\/\/www.iphone-ticker.de\" title=\"Home\">Home<\/a>\n<\/span><span class=\"aioseo-breadcrumb-separator\">\u00bb<\/span><span class=\"aioseo-breadcrumb\">\n\t<a href=\"https:\/\/www.iphone-ticker.de\/category\/news\/\" title=\"News\">News<\/a>\n<\/span><span class=\"aioseo-breadcrumb-separator\">\u00bb<\/span><span class=\"aioseo-breadcrumb\">\n\tApple Pay in Europa: Spanien offiziell auf dem Plan, angeblich auch Frankreich\n<\/span><\/div>","aioseo_breadcrumb_json":[{"label":"Home","link":"https:\/\/www.iphone-ticker.de"},{"label":"News","link":"https:\/\/www.iphone-ticker.de\/category\/news\/"},{"label":"Apple Pay in Europa: Spanien offiziell auf dem Plan, angeblich auch Frankreich","link":"https:\/\/www.iphone-ticker.de\/apple-pay-in-europa-spanien-offiziell-auf-dem-plan-angeblich-auch-frankreich-92916\/"}],"featured_image":["http:\/\/images.iphone-ticker.de\/wp-content\/uploads\/2015\/06\/apple-pay1.jpg"],"rest_api_enabler":{"featured_image":"http:\/\/images.iphone-ticker.de\/wp-content\/uploads\/2015\/06\/apple-pay1.jpg"},"_links":{"self":[{"href":"https:\/\/www.iphone-ticker.de\/apiv2\/wp\/v2\/posts\/92916","targetHints":{"allow":["GET"]}}],"collection":[{"href":"https:\/\/www.iphone-ticker.de\/apiv2\/wp\/v2\/posts"}],"about":[{"href":"https:\/\/www.iphone-ticker.de\/apiv2\/wp\/v2\/types\/post"}],"author":[{"embeddable":true,"href":"https:\/\/www.iphone-ticker.de\/apiv2\/wp\/v2\/users\/2"}],"replies":[{"embeddable":true,"href":"https:\/\/www.iphone-ticker.de\/apiv2\/wp\/v2\/comments?post=92916"}],"version-history":[{"count":3,"href":"https:\/\/www.iphone-ticker.de\/apiv2\/wp\/v2\/posts\/92916\/revisions"}],"predecessor-version":[{"id":92919,"href":"https:\/\/www.iphone-ticker.de\/apiv2\/wp\/v2\/posts\/92916\/revisions\/92919"}],"wp:attachment":[{"href":"https:\/\/www.iphone-ticker.de\/apiv2\/wp\/v2\/media?parent=92916"}],"wp:term":[{"taxonomy":"category","embeddable":true,"href":"https:\/\/www.iphone-ticker.de\/apiv2\/wp\/v2\/categories?post=92916"},{"taxonomy":"post_tag","embeddable":true,"href":"https:\/\/www.iphone-ticker.de\/apiv2\/wp\/v2\/tags?post=92916"}],"curies":[{"name":"wp","href":"https:\/\/api.w.org\/{rel}","templated":true}]}}