{"id":92288,"date":"2016-02-02T09:16:57","date_gmt":"2016-02-02T08:16:57","guid":{"rendered":"http:\/\/www.iphone-ticker.de\/?p=92288"},"modified":"2016-02-02T09:16:57","modified_gmt":"2016-02-02T08:16:57","slug":"eine-milliarde-nutzer-whatsapp-mit-neuer-rekordmarke","status":"publish","type":"post","link":"https:\/\/www.iphone-ticker.de\/eine-milliarde-nutzer-whatsapp-mit-neuer-rekordmarke-92288\/","title":{"rendered":"Eine Milliarde Nutzer: WhatsApp mit neuer Rekordmarke"},"content":{"rendered":"<p>Jan Koum, Chef und Gr\u00fcnder des Instant-Messenger WhatsApp, hat auf Facebook <a href=\"https:\/\/www.facebook.com\/photo.php?fbid=10153874647095011&#038;set=a.10150731994525011.456435.500035010&#038;type=3&#038;theater\">neue Zahlen<\/a> zum Kurznachrichtendienst vorgelegt und freut sich \u00fcber einen neuen Rekord. Erstmals in der Geschichte des Unternehmens wird die Facebook-Tochter inzwischen von einer Milliarde aktiven Anwendern pro Monat genutzt. <\/p>\n<p><a href=\"https:\/\/scontent-fra3-1.xx.fbcdn.net\/hphotos-xtl1\/t31.0-8\/12604668_10153874647095011_2120389486210587170_o.jpg\" rel=\"attachment wp-att-92289\"><img loading=\"lazy\" decoding=\"async\" src=\"http:\/\/images.iphone-ticker.de\/wp-content\/uploads\/2016\/02\/million.jpg\" alt=\"million\" width=\"500\" height=\"281\" class=\"aligncenter size-full wp-image-92289\" srcset=\"https:\/\/images.iphone-ticker.de\/wp-content\/uploads\/2016\/02\/million.jpg 500w, https:\/\/images.iphone-ticker.de\/wp-content\/uploads\/2016\/02\/million-300x169.jpg 300w\" sizes=\"auto, (max-width: 500px) 100vw, 500px\" \/><\/a><\/p>\n<p>Jan Koum \u00e4u\u00dfert sich nur kurz zum Meilenstein: <\/p>\n<blockquote><p>Eine Milliarde Anwender. Ich k\u00f6nnte nicht stolzer darauf sein, was unser kleines Team in den letzten sieben Jahren erreicht hat. <\/p><\/blockquote>\n<p>Die App zum Versenden von Kurznachrichten und Gruppenchats hatte erst <a href=\"http:\/\/www.iphone-ticker.de\/whatsapp-rueckzug-vom-abo-modell-mehr-angebote-fuer-unternehmen-91697\/\">k\u00fcrzlich angek\u00fcndigt<\/a> zuk\u00fcnftig komplett auf ihren j\u00e4hrlichen Abo-Preis in H\u00f6he von 99 Cent verzichten zu wollen und sich vermehrt auf die Monetarisierung des Businesskunden-Gesch\u00e4fts zu konzentrieren. <\/p>\n<p>WhatsApp konkurriert mit Facebooks eigenem Messenger und verteilt t\u00e4glich \u00fcber 42 Milliarden Nachrichten in 52 Sprachen. Hinzu kommen 1,6 Milliarden verschickte Fotos, 250 Millionen verschckte Videos und eine Milliarde Gruppenchats. <\/p>\n","protected":false},"excerpt":{"rendered":"<a href=\"https:\/\/www.iphone-ticker.de\/eine-milliarde-nutzer-whatsapp-mit-neuer-rekordmarke-92288\/\"><img width=\"150\" height=\"150\" src=\"https:\/\/images.iphone-ticker.de\/wp-content\/uploads\/2016\/02\/million-150x150.jpg\" class=\"alignright tfe wp-post-image\" alt=\"\" decoding=\"async\" loading=\"lazy\" \/><\/a><p>Jan Koum, Chef und Gr\u00fcnder des Instant-Messenger WhatsApp, hat auf Facebook neue Zahlen zum Kurznachrichtendienst vorgelegt und freut sich \u00fcber einen neuen Rekord. Erstmals in der Geschichte des Unternehmens wird die Facebook-Tochter inzwischen von einer Milliarde aktiven Anwendern pro Monat genutzt. Jan Koum \u00e4u\u00dfert sich nur kurz zum Meilenstein: Eine Milliarde Anwender. Ich k\u00f6nnte nicht [&hellip;]<\/p>\n","protected":false},"author":1,"featured_media":92289,"comment_status":"open","ping_status":"closed","sticky":false,"template":"","format":"standard","meta":{"footnotes":""},"categories":[39],"tags":[1260,49],"class_list":["post-92288","post","type-post","status-publish","format-standard","has-post-thumbnail","hentry","category-apps","tag-whatsapp","tag-zahlen"],"aioseo_notices":[],"featured_image":["http:\/\/images.iphone-ticker.de\/wp-content\/uploads\/2015\/02\/whatsapp-web-f.jpg"],"rest_api_enabler":{"featured_image":"http:\/\/images.iphone-ticker.de\/wp-content\/uploads\/2015\/02\/whatsapp-web-f.jpg"},"_links":{"self":[{"href":"https:\/\/www.iphone-ticker.de\/apiv2\/wp\/v2\/posts\/92288","targetHints":{"allow":["GET"]}}],"collection":[{"href":"https:\/\/www.iphone-ticker.de\/apiv2\/wp\/v2\/posts"}],"about":[{"href":"https:\/\/www.iphone-ticker.de\/apiv2\/wp\/v2\/types\/post"}],"author":[{"embeddable":true,"href":"https:\/\/www.iphone-ticker.de\/apiv2\/wp\/v2\/users\/1"}],"replies":[{"embeddable":true,"href":"https:\/\/www.iphone-ticker.de\/apiv2\/wp\/v2\/comments?post=92288"}],"version-history":[{"count":3,"href":"https:\/\/www.iphone-ticker.de\/apiv2\/wp\/v2\/posts\/92288\/revisions"}],"predecessor-version":[{"id":92292,"href":"https:\/\/www.iphone-ticker.de\/apiv2\/wp\/v2\/posts\/92288\/revisions\/92292"}],"wp:featuredmedia":[{"embeddable":true,"href":"https:\/\/www.iphone-ticker.de\/apiv2\/wp\/v2\/media\/92289"}],"wp:attachment":[{"href":"https:\/\/www.iphone-ticker.de\/apiv2\/wp\/v2\/media?parent=92288"}],"wp:term":[{"taxonomy":"category","embeddable":true,"href":"https:\/\/www.iphone-ticker.de\/apiv2\/wp\/v2\/categories?post=92288"},{"taxonomy":"post_tag","embeddable":true,"href":"https:\/\/www.iphone-ticker.de\/apiv2\/wp\/v2\/tags?post=92288"}],"curies":[{"name":"wp","href":"https:\/\/api.w.org\/{rel}","templated":true}]}}