{"id":92194,"date":"2016-01-29T09:01:21","date_gmt":"2016-01-29T08:01:21","guid":{"rendered":"http:\/\/www.iphone-ticker.de\/?p=92194"},"modified":"2016-01-29T09:01:21","modified_gmt":"2016-01-29T08:01:21","slug":"video-drahtlose-iphone-ladestationen-ab-2017","status":"publish","type":"post","link":"https:\/\/www.iphone-ticker.de\/video-drahtlose-iphone-ladestationen-ab-2017-92194\/","title":{"rendered":"Video: Drahtlose iPhone-Ladestationen ab 2017"},"content":{"rendered":"<p>Treffen <a href=\"http:\/\/www.bloomberg.com\/news\/articles\/2016-01-29\/apple-said-developing-wireless-charged-phone-for-as-soon-as-2017-ijz3i4si\">die Informationen<\/a> des Finanznachrichten-Portals Bloomberg zu, dann k\u00f6nnte Apple das iPhone bereits ab 2017 mit drahtlosen Ladeger\u00e4ten ausliefern und auch sein Smartphone um die Stromspender erg\u00e4nzen, die bei der Apple Watch bereits zum Lieferumfang geh\u00f6ren. <\/p>\n<p><a href=\"http:\/\/images.iphone-ticker.de\/wp-content\/uploads\/2015\/03\/akku-leer.gif\" rel=\"attachment wp-att-78456\"><img loading=\"lazy\" decoding=\"async\" src=\"http:\/\/images.iphone-ticker.de\/wp-content\/uploads\/2015\/03\/akku-leer.gif\" alt=\"akku-leer\" width=\"500\" height=\"280\" class=\"aligncenter size-full wp-image-78456\" \/><\/a><\/p>\n<p>Zwar wollte sich Apple auf R\u00fcckfrage nicht zu den Pl\u00e4nen \u00e4u\u00dfern, die von Bloomberg zitierten Quellen unterstreichen jedoch, dass schon der iPhone 7-Nachfolger im kommenden Jahr mit entsprechenden Modulen ausgestattet sein k\u00f6nnte. Aktuell w\u00fcrde Apple diesbez\u00fcglich einen neuen Standard mit amerikanischen und asiatischen Partnern finalisieren, der ein Laden der Ger\u00e4te auch \u00fcber gr\u00f6\u00dfere Entfernungen hin gestatten soll.  <\/p>\n<blockquote><p>Apple is exploring cutting-edge technologies that would allow iPhones and iPads to be powered from further away than the charging mats used with current smartphones, the people said, asking not to be identified as the details are private. The iPhone maker is looking to overcome technical barriers including loss of power over distance with a decision on implementing the technology still being assessed, they said.<\/p><\/blockquote>\n<p><div class=\"responsive-video\"><iframe loading=\"lazy\" width=\"700\" height=\"371\" src=\"http:\/\/www.youtube-nocookie.com\/embed\/PIBAOmciJiA\" frameborder=\"0\" allowfullscreen><\/iframe><\/div><\/p>\n","protected":false},"excerpt":{"rendered":"<a href=\"https:\/\/www.iphone-ticker.de\/video-drahtlose-iphone-ladestationen-ab-2017-92194\/\"><img width=\"150\" height=\"150\" src=\"https:\/\/images.iphone-ticker.de\/wp-content\/uploads\/2016\/01\/ladeuhr-150x150.jpg\" class=\"alignright tfe wp-post-image\" alt=\"\" decoding=\"async\" loading=\"lazy\" \/><\/a><p>Treffen die Informationen des Finanznachrichten-Portals Bloomberg zu, dann k\u00f6nnte Apple das iPhone bereits ab 2017 mit drahtlosen Ladeger\u00e4ten ausliefern und auch sein Smartphone um die Stromspender erg\u00e4nzen, die bei der Apple Watch bereits zum Lieferumfang geh\u00f6ren. Zwar wollte sich Apple auf R\u00fcckfrage nicht zu den Pl\u00e4nen \u00e4u\u00dfern, die von Bloomberg zitierten Quellen unterstreichen jedoch, dass [&hellip;]<\/p>\n","protected":false},"author":1,"featured_media":92195,"comment_status":"open","ping_status":"closed","sticky":false,"template":"","format":"standard","meta":{"footnotes":""},"categories":[14],"tags":[27,3912,2064,3910,8],"class_list":["post-92194","post","type-post","status-publish","format-standard","has-post-thumbnail","hentry","category-apple","tag-akku","tag-apple","tag-geruechte","tag-rumors","tag-video"],"aioseo_notices":[],"featured_image":["http:\/\/images.iphone-ticker.de\/wp-content\/uploads\/2016\/01\/ladeuhr.jpg"],"rest_api_enabler":{"featured_image":"http:\/\/images.iphone-ticker.de\/wp-content\/uploads\/2016\/01\/ladeuhr.jpg"},"_links":{"self":[{"href":"https:\/\/www.iphone-ticker.de\/apiv2\/wp\/v2\/posts\/92194","targetHints":{"allow":["GET"]}}],"collection":[{"href":"https:\/\/www.iphone-ticker.de\/apiv2\/wp\/v2\/posts"}],"about":[{"href":"https:\/\/www.iphone-ticker.de\/apiv2\/wp\/v2\/types\/post"}],"author":[{"embeddable":true,"href":"https:\/\/www.iphone-ticker.de\/apiv2\/wp\/v2\/users\/1"}],"replies":[{"embeddable":true,"href":"https:\/\/www.iphone-ticker.de\/apiv2\/wp\/v2\/comments?post=92194"}],"version-history":[{"count":1,"href":"https:\/\/www.iphone-ticker.de\/apiv2\/wp\/v2\/posts\/92194\/revisions"}],"predecessor-version":[{"id":92196,"href":"https:\/\/www.iphone-ticker.de\/apiv2\/wp\/v2\/posts\/92194\/revisions\/92196"}],"wp:featuredmedia":[{"embeddable":true,"href":"https:\/\/www.iphone-ticker.de\/apiv2\/wp\/v2\/media\/92195"}],"wp:attachment":[{"href":"https:\/\/www.iphone-ticker.de\/apiv2\/wp\/v2\/media?parent=92194"}],"wp:term":[{"taxonomy":"category","embeddable":true,"href":"https:\/\/www.iphone-ticker.de\/apiv2\/wp\/v2\/categories?post=92194"},{"taxonomy":"post_tag","embeddable":true,"href":"https:\/\/www.iphone-ticker.de\/apiv2\/wp\/v2\/tags?post=92194"}],"curies":[{"name":"wp","href":"https:\/\/api.w.org\/{rel}","templated":true}]}}