{"id":92018,"date":"2016-01-26T09:09:17","date_gmt":"2016-01-26T08:09:17","guid":{"rendered":"http:\/\/www.iphone-ticker.de\/?p=92018"},"modified":"2016-01-26T09:10:41","modified_gmt":"2016-01-26T08:10:41","slug":"nachtschicht-ios-9-3-integriert-kurzbefehl-im-kontrollzentrum","status":"publish","type":"post","link":"https:\/\/www.iphone-ticker.de\/nachtschicht-ios-9-3-integriert-kurzbefehl-im-kontrollzentrum-92018\/","title":{"rendered":"Nachtschicht: iOS 9.3 integriert Kurzbefehl im Kontrollzentrum"},"content":{"rendered":"<p>Die am <a href=\"http:\/\/www.ifun.de\/apple-verteilt-tvos-9-1-1-und-ios-9-3-beta2-87642\/\">sp\u00e4ten Montagabend<\/a> ausgegebene zweite Vorabversion der iOS-Aktualisierung auf Version 9.3 k\u00fcmmert sich um die bessere Platzierung des neuen Nachtmodus und integriert diesen nun auch in das iOS-Kontrollzentrum &#8211; ein Schritt der sich bereits im Vorfeld <a href=\"http:\/\/www.iphone-ticker.de\/ios-9-3-nachtmodus-im-kontrollzentrum-91849\/\">abzeichnete<\/a>. <\/p>\n<p><a href=\"http:\/\/images.iphone-ticker.de\/wp-content\/uploads\/2016\/01\/kontroll.jpg\" rel=\"attachment wp-att-92019\"><img loading=\"lazy\" decoding=\"async\" src=\"http:\/\/images.iphone-ticker.de\/wp-content\/uploads\/2016\/01\/kontroll.jpg\" alt=\"kontroll\" width=\"500\" height=\"281\" class=\"aligncenter size-full wp-image-92019\" srcset=\"https:\/\/images.iphone-ticker.de\/wp-content\/uploads\/2016\/01\/kontroll.jpg 500w, https:\/\/images.iphone-ticker.de\/wp-content\/uploads\/2016\/01\/kontroll-300x169.jpg 300w\" sizes=\"auto, (max-width: 500px) 100vw, 500px\" \/><\/a><\/p>\n<p>So l\u00e4sst sich der Nachtmodus &#8211; dieser ist auf deutschen iPhone-Einheiten nun mit &#8222;Nachtschicht&#8220; \u00fcberschrieben &#8211; jetzt manuell aktivieren, sobald die Kontroll-Elemente vom unteren Display-Rand in den Bildschirm gewischt wurden. <\/p>\n<p>Das neue Icon mit dem Auge hat Apple dazu zwischen dem Schnellzugriff auf den Taschenrechner und dem Link zur Uhren-Applikation positioniert. Einmal angetippt, haben Nutzer die M\u00f6glichkeit den Nachtmodus direkt zu aktivieren, k\u00f6nnen aber auch eine tempor\u00e4re Aktivierung bis zum n\u00e4chsten Morgen vornehmen. <\/p>\n<p><a href=\"http:\/\/images.iphone-ticker.de\/wp-content\/uploads\/2016\/01\/kontroll-700.jpg\" rel=\"attachment wp-att-92020\"><img loading=\"lazy\" decoding=\"async\" src=\"http:\/\/images.iphone-ticker.de\/wp-content\/uploads\/2016\/01\/kontroll-700.jpg\" alt=\"kontroll-700\" width=\"700\" height=\"623\" class=\"aligncenter size-full wp-image-92020\" srcset=\"https:\/\/images.iphone-ticker.de\/wp-content\/uploads\/2016\/01\/kontroll-700.jpg 700w, https:\/\/images.iphone-ticker.de\/wp-content\/uploads\/2016\/01\/kontroll-700-300x267.jpg 300w\" sizes=\"auto, (max-width: 700px) 100vw, 700px\" \/><\/a><\/p>\n","protected":false},"excerpt":{"rendered":"<a href=\"https:\/\/www.iphone-ticker.de\/nachtschicht-ios-9-3-integriert-kurzbefehl-im-kontrollzentrum-92018\/\"><img width=\"150\" height=\"150\" src=\"https:\/\/images.iphone-ticker.de\/wp-content\/uploads\/2016\/01\/kontroll-700-150x150.jpg\" class=\"alignright tfe wp-post-image\" alt=\"\" decoding=\"async\" loading=\"lazy\" \/><\/a><p>Die am sp\u00e4ten Montagabend ausgegebene zweite Vorabversion der iOS-Aktualisierung auf Version 9.3 k\u00fcmmert sich um die bessere Platzierung des neuen Nachtmodus und integriert diesen nun auch in das iOS-Kontrollzentrum &#8211; ein Schritt der sich bereits im Vorfeld abzeichnete. So l\u00e4sst sich der Nachtmodus &#8211; dieser ist auf deutschen iPhone-Einheiten nun mit &#8222;Nachtschicht&#8220; \u00fcberschrieben &#8211; jetzt [&hellip;]<\/p>\n","protected":false},"author":1,"featured_media":92020,"comment_status":"open","ping_status":"closed","sticky":false,"template":"","format":"standard","meta":{"footnotes":""},"categories":[639],"tags":[5661,3261,2952,2810],"class_list":["post-92018","post","type-post","status-publish","format-standard","has-post-thumbnail","hentry","category-ios","tag-ios","tag-ios-9-3","tag-ios9","tag-nachtmodus"],"aioseo_notices":[],"featured_image":["http:\/\/images.iphone-ticker.de\/wp-content\/uploads\/2016\/01\/nachtmodus.jpg"],"rest_api_enabler":{"featured_image":"http:\/\/images.iphone-ticker.de\/wp-content\/uploads\/2016\/01\/nachtmodus.jpg"},"_links":{"self":[{"href":"https:\/\/www.iphone-ticker.de\/apiv2\/wp\/v2\/posts\/92018","targetHints":{"allow":["GET"]}}],"collection":[{"href":"https:\/\/www.iphone-ticker.de\/apiv2\/wp\/v2\/posts"}],"about":[{"href":"https:\/\/www.iphone-ticker.de\/apiv2\/wp\/v2\/types\/post"}],"author":[{"embeddable":true,"href":"https:\/\/www.iphone-ticker.de\/apiv2\/wp\/v2\/users\/1"}],"replies":[{"embeddable":true,"href":"https:\/\/www.iphone-ticker.de\/apiv2\/wp\/v2\/comments?post=92018"}],"version-history":[{"count":3,"href":"https:\/\/www.iphone-ticker.de\/apiv2\/wp\/v2\/posts\/92018\/revisions"}],"predecessor-version":[{"id":92023,"href":"https:\/\/www.iphone-ticker.de\/apiv2\/wp\/v2\/posts\/92018\/revisions\/92023"}],"wp:featuredmedia":[{"embeddable":true,"href":"https:\/\/www.iphone-ticker.de\/apiv2\/wp\/v2\/media\/92020"}],"wp:attachment":[{"href":"https:\/\/www.iphone-ticker.de\/apiv2\/wp\/v2\/media?parent=92018"}],"wp:term":[{"taxonomy":"category","embeddable":true,"href":"https:\/\/www.iphone-ticker.de\/apiv2\/wp\/v2\/categories?post=92018"},{"taxonomy":"post_tag","embeddable":true,"href":"https:\/\/www.iphone-ticker.de\/apiv2\/wp\/v2\/tags?post=92018"}],"curies":[{"name":"wp","href":"https:\/\/api.w.org\/{rel}","templated":true}]}}