{"id":89739,"date":"2015-11-25T16:46:36","date_gmt":"2015-11-25T15:46:36","guid":{"rendered":"http:\/\/www.iphone-ticker.de\/?p=89739"},"modified":"2015-11-25T16:46:36","modified_gmt":"2015-11-25T15:46:36","slug":"apple-weihnachtsvideo-2015-mit-stevie-wonder-und-andra-daye","status":"publish","type":"post","link":"https:\/\/www.iphone-ticker.de\/apple-weihnachtsvideo-2015-mit-stevie-wonder-und-andra-daye-89739\/","title":{"rendered":"Apple Weihnachtsvideo 2015: Mit Stevie Wonder und Andra Daye"},"content":{"rendered":"<p>Am morgigen Donnerstag feiern die Amerikaner <a href=\"https:\/\/de.wikipedia.org\/wiki\/Thanksgiving\">Thanksgiving<\/a>, der anschlie\u00dfende Br\u00fcckentag leitet in \u00dcbersee dann die traditionelle Weihnachtszeit ein. Um diese zumindest mit einem Gru\u00df zu ber\u00fccksichtigen, hat Apple heute sein diesj\u00e4hriges <a href=\"https:\/\/www.youtube.com\/watch?v=hjBZoOs_dXg\">Weihnachtsvideo<\/a> ver\u00f6ffentlicht und schickt unter anderem Stevie Wonder ins Rennen.<\/p>\n<p>Das Video verzichtet fast vollst\u00e4ndig auf die Pr\u00e4sentation ausgew\u00e4hlter Produkte und konzentriert sich ausschlie\u00dflich auf eines der Apple-Themen, die mit dem Start des hauseigenen Spotify-Konkurrenten wieder an Gewicht gewonnen haben: Musik.<br \/>\nDie Weihnachtsvideos ver\u00f6ffentlicht Apple <a href=\"http:\/\/www.ifun.de\/apple-will-auf-black-friday-verzichten-alle-apple-weihnachtsvideos-in-8-minuten-84415\/\">seit 1982 in loser Folge<\/a>, im letzten Jahr war Mitte Dezember der Clip \u201e<a href=\"http:\/\/www.ifun.de\/the-song-apples-weihnachtsvideo-2014-70655\/\">The Song<\/a>\u201c an der Reihe.<\/p>\n<p><div class=\"responsive-video\"><iframe loading=\"lazy\" width=\"700\" height=\"371\" src=\"http:\/\/www.youtube-nocookie.com\/embed\/hjBZoOs_dXg\" frameborder=\"0\" allowfullscreen><\/iframe><\/div><\/p>\n<p>Einen Blick auf die vergangenen Jahre bietet der YouTube-Kanal <a href=\"https:\/\/www.youtube.com\/channel\/UCKB83fAKU3YoXXuGDH5B1YA\">EveryAppleAd<\/a> an. Hier hat man sich die M\u00fche gemacht, alle noch auffindbaren Apple-Weihnachtsvideos zu einem 8-Minuten-Clip zusammenzuschneiden.<\/p>\n<p>Der 2014er-Clip fehlt in diesem Mix, los gehts mit dem sehr guten \u201eMisunderstood\u201c aus dem Jahr 2013, das \u00e4lteste Video stammt aus dem Jahr 1982 bewirbt den Apple II.<\/p>\n<p><div class=\"responsive-video\"><iframe loading=\"lazy\" width=\"700\" height=\"371\" src=\"http:\/\/www.youtube-nocookie.com\/embed\/zwiHlUg4Hsk\" frameborder=\"0\" allowfullscreen><\/iframe><\/div><\/p>\n","protected":false},"excerpt":{"rendered":"<a href=\"https:\/\/www.iphone-ticker.de\/apple-weihnachtsvideo-2015-mit-stevie-wonder-und-andra-daye-89739\/\"><img width=\"150\" height=\"150\" src=\"https:\/\/images.iphone-ticker.de\/wp-content\/uploads\/2015\/11\/steve-150x150.jpg\" class=\"alignright tfe wp-post-image\" alt=\"\" decoding=\"async\" loading=\"lazy\" \/><\/a><p>Am morgigen Donnerstag feiern die Amerikaner Thanksgiving, der anschlie\u00dfende Br\u00fcckentag leitet in \u00dcbersee dann die traditionelle Weihnachtszeit ein. Um diese zumindest mit einem Gru\u00df zu ber\u00fccksichtigen, hat Apple heute sein diesj\u00e4hriges Weihnachtsvideo ver\u00f6ffentlicht und schickt unter anderem Stevie Wonder ins Rennen. Das Video verzichtet fast vollst\u00e4ndig auf die Pr\u00e4sentation ausgew\u00e4hlter Produkte und konzentriert sich ausschlie\u00dflich [&hellip;]<\/p>\n","protected":false},"author":1,"featured_media":89740,"comment_status":"open","ping_status":"closed","sticky":false,"template":"","format":"standard","meta":{"footnotes":""},"categories":[489],"tags":[3912,8],"class_list":["post-89739","post","type-post","status-publish","format-standard","has-post-thumbnail","hentry","category-videos","tag-apple","tag-video"],"aioseo_notices":[],"featured_image":["http:\/\/images.iphone-ticker.de\/wp-content\/uploads\/2015\/11\/steve.jpg"],"rest_api_enabler":{"featured_image":"http:\/\/images.iphone-ticker.de\/wp-content\/uploads\/2015\/11\/steve.jpg"},"_links":{"self":[{"href":"https:\/\/www.iphone-ticker.de\/apiv2\/wp\/v2\/posts\/89739","targetHints":{"allow":["GET"]}}],"collection":[{"href":"https:\/\/www.iphone-ticker.de\/apiv2\/wp\/v2\/posts"}],"about":[{"href":"https:\/\/www.iphone-ticker.de\/apiv2\/wp\/v2\/types\/post"}],"author":[{"embeddable":true,"href":"https:\/\/www.iphone-ticker.de\/apiv2\/wp\/v2\/users\/1"}],"replies":[{"embeddable":true,"href":"https:\/\/www.iphone-ticker.de\/apiv2\/wp\/v2\/comments?post=89739"}],"version-history":[{"count":1,"href":"https:\/\/www.iphone-ticker.de\/apiv2\/wp\/v2\/posts\/89739\/revisions"}],"predecessor-version":[{"id":89741,"href":"https:\/\/www.iphone-ticker.de\/apiv2\/wp\/v2\/posts\/89739\/revisions\/89741"}],"wp:featuredmedia":[{"embeddable":true,"href":"https:\/\/www.iphone-ticker.de\/apiv2\/wp\/v2\/media\/89740"}],"wp:attachment":[{"href":"https:\/\/www.iphone-ticker.de\/apiv2\/wp\/v2\/media?parent=89739"}],"wp:term":[{"taxonomy":"category","embeddable":true,"href":"https:\/\/www.iphone-ticker.de\/apiv2\/wp\/v2\/categories?post=89739"},{"taxonomy":"post_tag","embeddable":true,"href":"https:\/\/www.iphone-ticker.de\/apiv2\/wp\/v2\/tags?post=89739"}],"curies":[{"name":"wp","href":"https:\/\/api.w.org\/{rel}","templated":true}]}}