{"id":87717,"date":"2015-10-08T19:40:37","date_gmt":"2015-10-08T17:40:37","guid":{"rendered":"http:\/\/www.iphone-ticker.de\/?p=87717"},"modified":"2015-10-09T09:09:28","modified_gmt":"2015-10-09T07:09:28","slug":"fotos-in-e-mails-ios-9-fuegt-ein-markiert-und-annotiert","status":"publish","type":"post","link":"https:\/\/www.iphone-ticker.de\/fotos-in-e-mails-ios-9-fuegt-ein-markiert-und-annotiert-87717\/","title":{"rendered":"Fotos in E-Mails: iOS 9 f\u00fcgt ein, markiert und annotiert"},"content":{"rendered":"<p>Ihr k\u00f6nnt euch an die iOS 9-Systemwerkzeuge erinnern &#8211; <a href=\"http:\/\/www.iphone-ticker.de\/ios-9-die-neuen-pdf-werkzeuge-im-video-84378\/\">hier in den News<\/a> &#8211; die in der Mail-Applikation zum Bearbeiten eingegangener PDFs genutzt werden k\u00f6nnen? Mit den Markierungen bietet das aktuelle iPhone-Betriebssystem eine \u00e4hnliche Funktion f\u00fcr alle Fotos an, die ihr in euere E-Mails einf\u00fcgt.<\/p>\n<p><a href=\"http:\/\/images.iphone-ticker.de\/wp-content\/uploads\/2015\/10\/bild.jpg\"><img loading=\"lazy\" decoding=\"async\" src=\"http:\/\/images.iphone-ticker.de\/wp-content\/uploads\/2015\/10\/bild.jpg\" alt=\"bild\" width=\"500\" height=\"204\" class=\"aligncenter size-full wp-image-87720\" srcset=\"https:\/\/images.iphone-ticker.de\/wp-content\/uploads\/2015\/10\/bild.jpg 500w, https:\/\/images.iphone-ticker.de\/wp-content\/uploads\/2015\/10\/bild-300x122.jpg 300w\" sizes=\"auto, (max-width: 500px) 100vw, 500px\" \/><\/a><\/p>\n<p>Habt ihr eine neue E-Mail erstellt und ein Bild \u00fcber das Kontext-Men\u00fc &#8222;Foto od. Video einf\u00fcgen&#8220; angeh\u00e4ngt, l\u00e4sst sich die gleiche Bilddatei mit einem weiteren Sprung ins Kontext-Men\u00fc auch um eigene Markierungen erg\u00e4nzen. <\/p>\n<p>Hier k\u00f6nnt ihr etwa Bildausschnitte mit einer Lupe vergr\u00f6\u00dfern, die eigene Unterschrift einf\u00fcgen, auf dem Bild mit unterschiedlichen Farben skizzieren oder eigene Textfelder einsetzen. <\/p>\n<p>Um ein Bild zu markieren muss das eingesetzte Foto etwas l\u00e4nger angetippt werden (Notiz an Apple: eine Unterst\u00fctzung von 3D Touch w\u00e4re w\u00fcnschenswert). Anschlie\u00dfend w\u00e4hlt ihr im nun offenen Kontakt-Men\u00fc die Option &#8222;Markierungen&#8220;. <\/p>\n<p>Zeichnet und markiert im jetzt offenen Fenster nach Belieben, sichert euer Werk und verschickt die Mail mit dem bearbeiteten Foto. <\/p>\n<h2>1. Markierungen ausw\u00e4hlen<\/h2>\n<p><a href=\"http:\/\/images.iphone-ticker.de\/wp-content\/uploads\/2015\/10\/zitat.jpg\"><img loading=\"lazy\" decoding=\"async\" src=\"http:\/\/images.iphone-ticker.de\/wp-content\/uploads\/2015\/10\/zitat.jpg\" alt=\"zitat\" width=\"700\" height=\"376\" class=\"aligncenter size-full wp-image-87721\" srcset=\"https:\/\/images.iphone-ticker.de\/wp-content\/uploads\/2015\/10\/zitat.jpg 700w, https:\/\/images.iphone-ticker.de\/wp-content\/uploads\/2015\/10\/zitat-300x161.jpg 300w\" sizes=\"auto, (max-width: 700px) 100vw, 700px\" \/><\/a><\/p>\n<h2>2. Markieren und sichern<\/h2>\n<p><a href=\"http:\/\/images.iphone-ticker.de\/wp-content\/uploads\/2015\/10\/baum.jpg\"><img loading=\"lazy\" decoding=\"async\" src=\"http:\/\/images.iphone-ticker.de\/wp-content\/uploads\/2015\/10\/baum.jpg\" alt=\"baum\" width=\"700\" height=\"592\" class=\"aligncenter size-full wp-image-87725\" srcset=\"https:\/\/images.iphone-ticker.de\/wp-content\/uploads\/2015\/10\/baum.jpg 700w, https:\/\/images.iphone-ticker.de\/wp-content\/uploads\/2015\/10\/baum-300x254.jpg 300w\" sizes=\"auto, (max-width: 700px) 100vw, 700px\" \/><\/a><\/p>\n","protected":false},"excerpt":{"rendered":"<a href=\"https:\/\/www.iphone-ticker.de\/fotos-in-e-mails-ios-9-fuegt-ein-markiert-und-annotiert-87717\/\"><img width=\"150\" height=\"150\" src=\"https:\/\/images.iphone-ticker.de\/wp-content\/uploads\/2015\/10\/baum-150x150.jpg\" class=\"alignright tfe wp-post-image\" alt=\"\" decoding=\"async\" loading=\"lazy\" \/><\/a><p>Ihr k\u00f6nnt euch an die iOS 9-Systemwerkzeuge erinnern &#8211; hier in den News &#8211; die in der Mail-Applikation zum Bearbeiten eingegangener PDFs genutzt werden k\u00f6nnen? Mit den Markierungen bietet das aktuelle iPhone-Betriebssystem eine \u00e4hnliche Funktion f\u00fcr alle Fotos an, die ihr in euere E-Mails einf\u00fcgt. Habt ihr eine neue E-Mail erstellt und ein Bild \u00fcber [&hellip;]<\/p>\n","protected":false},"author":1,"featured_media":87725,"comment_status":"open","ping_status":"closed","sticky":false,"template":"","format":"standard","meta":{"footnotes":""},"categories":[3069,639,1975],"tags":[10,581,703,2952,74],"class_list":["post-87717","post","type-post","status-publish","format-standard","has-post-thumbnail","hentry","category-cover","category-ios","category-feature","tag-bilder","tag-e-mail","tag-fotos","tag-ios9","tag-tipp"],"aioseo_notices":[],"featured_image":["http:\/\/images.iphone-ticker.de\/wp-content\/uploads\/2015\/10\/bilder-mails.jpg"],"rest_api_enabler":{"featured_image":"http:\/\/images.iphone-ticker.de\/wp-content\/uploads\/2015\/10\/bilder-mails.jpg"},"_links":{"self":[{"href":"https:\/\/www.iphone-ticker.de\/apiv2\/wp\/v2\/posts\/87717","targetHints":{"allow":["GET"]}}],"collection":[{"href":"https:\/\/www.iphone-ticker.de\/apiv2\/wp\/v2\/posts"}],"about":[{"href":"https:\/\/www.iphone-ticker.de\/apiv2\/wp\/v2\/types\/post"}],"author":[{"embeddable":true,"href":"https:\/\/www.iphone-ticker.de\/apiv2\/wp\/v2\/users\/1"}],"replies":[{"embeddable":true,"href":"https:\/\/www.iphone-ticker.de\/apiv2\/wp\/v2\/comments?post=87717"}],"version-history":[{"count":4,"href":"https:\/\/www.iphone-ticker.de\/apiv2\/wp\/v2\/posts\/87717\/revisions"}],"predecessor-version":[{"id":87729,"href":"https:\/\/www.iphone-ticker.de\/apiv2\/wp\/v2\/posts\/87717\/revisions\/87729"}],"wp:featuredmedia":[{"embeddable":true,"href":"https:\/\/www.iphone-ticker.de\/apiv2\/wp\/v2\/media\/87725"}],"wp:attachment":[{"href":"https:\/\/www.iphone-ticker.de\/apiv2\/wp\/v2\/media?parent=87717"}],"wp:term":[{"taxonomy":"category","embeddable":true,"href":"https:\/\/www.iphone-ticker.de\/apiv2\/wp\/v2\/categories?post=87717"},{"taxonomy":"post_tag","embeddable":true,"href":"https:\/\/www.iphone-ticker.de\/apiv2\/wp\/v2\/tags?post=87717"}],"curies":[{"name":"wp","href":"https:\/\/api.w.org\/{rel}","templated":true}]}}