{"id":87415,"date":"2015-10-01T17:58:52","date_gmt":"2015-10-01T15:58:52","guid":{"rendered":"http:\/\/www.iphone-ticker.de\/?p=87415"},"modified":"2015-10-01T17:58:52","modified_gmt":"2015-10-01T15:58:52","slug":"ios-9-notiz-applikation-die-os-x-synchronisation-ist-aktiv","status":"publish","type":"post","link":"https:\/\/www.iphone-ticker.de\/ios-9-notiz-applikation-die-os-x-synchronisation-ist-aktiv-87415\/","title":{"rendered":"iOS 9 Notiz-Applikation: Die OS X-Synchronisation ist aktiv"},"content":{"rendered":"<p>Die aufgewertete Notiz-Applikation geh\u00f6rt f\u00fcr uns zu einer der besten Neuerungen des aktuellen iPhone-Betriebssystems. Als Fans von Bordmitteln sind wir vom neuen Funktionsumfang der Notiz-Anwendung so begeistert, dass sich Apples gelbes Icon jetzt \u00fcber einen Platz auf Seite 1 des iPhone-Homescreens freuen kann.<\/p>\n<p><a href=\"http:\/\/www.iphone-ticker.de\/wp-content\/uploads\/2015\/09\/lineal.jpg\"><img loading=\"lazy\" decoding=\"async\" class=\"aligncenter size-full wp-image-87042\" src=\"http:\/\/www.iphone-ticker.de\/wp-content\/uploads\/2015\/09\/lineal.jpg\" alt=\"lineal\" width=\"500\" height=\"193\" srcset=\"https:\/\/images.iphone-ticker.de\/wp-content\/uploads\/2015\/09\/lineal.jpg 500w, https:\/\/images.iphone-ticker.de\/wp-content\/uploads\/2015\/09\/lineal-300x116.jpg 300w\" sizes=\"auto, (max-width: 500px) 100vw, 500px\" \/><\/a><\/p>\n<p>Vielleicht erinnert ihr euch an unsere ausf\u00fchrliche Bestandsaufnahme der neuen App. Aus der dr\u00f6gen Marker Feld-Applikation ist ein Allrounder geworden, der Karteninformationen und Webseiten speichern kann, einen Malkasten mit unterschiedlichen Stift-Werkzeugen, Linealen und Farben mitbringt, aus anderen Anwendungen heraus bef\u00fcllt werden kann und sich zur einfachen Erstellung von Checkliste einsetzen l\u00e4sst.<\/p>\n<p><a href=\"http:\/\/www.iphone-ticker.de\/wp-content\/uploads\/2015\/09\/check.jpg\"><img loading=\"lazy\" decoding=\"async\" src=\"http:\/\/www.iphone-ticker.de\/wp-content\/uploads\/2015\/09\/check.jpg\" alt=\"check\" width=\"700\" height=\"383\" class=\"aligncenter size-full wp-image-87043\" srcset=\"https:\/\/images.iphone-ticker.de\/wp-content\/uploads\/2015\/09\/check.jpg 700w, https:\/\/images.iphone-ticker.de\/wp-content\/uploads\/2015\/09\/check-300x164.jpg 300w\" sizes=\"auto, (max-width: 700px) 100vw, 700px\" \/><\/a><\/p>\n<p>So lassen sich markierte Textzeilen mit einem Klick in die neue Werkzeugleiste der Notiz-Applikation in aktive Checklisten verwandeln, die sich anschlie\u00dfend mit einem Finger-Tap als erledigt markieren lassen. Ist die Checklisten-Option aktiviert, k\u00f6nnt ihr neue To-Do-Listen auch live erstellen. Die Notiz-App setzt ein neues Ankreuz-K\u00e4stchen dann immer beim Druck auf die Eingabetaste.<\/p>\n<p>Und das Beste: Mit der gestrigen Ver\u00f6ffentlichung von OS X El Capitan funktioniert nun endlich auch der Abgleich eurer Notizen mit dem Mac. Sind iPhone und Mac an den gleichen iCloud-Account gekoppelt, l\u00e4uft die \u00dcbertragung von Inhalten, Bildern und neuen Entw\u00fcrfen schneller als der Dateiversand \u00fcber Apples drahtloses Airdrop-Protokoll.<\/p>\n<p>Um es kurz zu machen: Wir haben uns von &#8222;Byword&#8220; verabschiedet und sind vom Umfang der neuen Notiz-Anwendung restlos begeistert.<\/p>\n<p><a href=\"http:\/\/www.iphone-ticker.de\/wp-content\/uploads\/2015\/10\/willkommen.jpg\"><img loading=\"lazy\" decoding=\"async\" class=\"aligncenter size-full wp-image-87417\" src=\"http:\/\/www.iphone-ticker.de\/wp-content\/uploads\/2015\/10\/willkommen.jpg\" alt=\"willkommen\" width=\"800\" height=\"560\" srcset=\"https:\/\/images.iphone-ticker.de\/wp-content\/uploads\/2015\/10\/willkommen.jpg 800w, https:\/\/images.iphone-ticker.de\/wp-content\/uploads\/2015\/10\/willkommen-300x210.jpg 300w\" sizes=\"auto, (max-width: 800px) 100vw, 800px\" \/><\/a><\/p>\n<p>Auch auf dem Mac unterst\u00fctzt die neuen Notizen-App zahlreiche Medienformate, speichert Dokumente, Weblinks, Fotos, Kartenstandorte, PDFs, Videos und Text. Die Anhangs\u00fcbersicht sortiert eure Medieninhalte in Kategorien und nach dem Datum an dem sie hinzugef\u00fcgt wurden.<\/p>\n<p>Zudem klinken sich auch auf dem Mac zahlreiche Drittanbieter-Anwendungen in die Notiz-App ein. In seiner El Capitan <a href=\"http:\/\/www.ifun.de\/fotos-fuer-mac-die-neuen-funktionen-in-version-1-2-82509\/\">Funktions\u00fcbersicht<\/a> schreibt Apple:<\/p>\n<blockquote><p>Mit dem Men\u00fc zum Teilen in Notizen sichern &#8211; Viele OS X Apps haben jetzt im Men\u00fc zum Teilen die Option \u201eNotizen\u201c. Klick einfach auf \u201eTeilen\u201c, um Links, Fotos, Text und mehr direkt aus einer App in einer neuen oder vorhandenen Notiz zu sichern.<\/p><\/blockquote>\n<p>Wir empfehlen euch also die iCoud-Synchronisation der Notiz-App sowie die angebotenen Werkzeuge zu testen. Sollte sich das neue Tool erst mal in eurem Alltag verankern &#8211; auch das Bef\u00fcllen per Siri l\u00e4uft mit dem Sprachkommando &#8222;Notiere&#8230;&#8220; hervorragend &#8211; k\u00f6nnte sich das Skizzenwerkzeug die Auszeichnung als beste Werksanwendung Apples einfangen.<\/p>\n<p><a href=\"http:\/\/www.iphone-ticker.de\/wp-content\/uploads\/2015\/10\/noten.jpg\"><img loading=\"lazy\" decoding=\"async\" src=\"http:\/\/www.iphone-ticker.de\/wp-content\/uploads\/2015\/10\/noten.jpg\" alt=\"noten\" width=\"700\" height=\"427\" class=\"aligncenter size-full wp-image-87419\" srcset=\"https:\/\/images.iphone-ticker.de\/wp-content\/uploads\/2015\/10\/noten.jpg 700w, https:\/\/images.iphone-ticker.de\/wp-content\/uploads\/2015\/10\/noten-300x183.jpg 300w\" sizes=\"auto, (max-width: 700px) 100vw, 700px\" \/><\/a><\/p>\n","protected":false},"excerpt":{"rendered":"<a href=\"https:\/\/www.iphone-ticker.de\/ios-9-notiz-applikation-die-os-x-synchronisation-ist-aktiv-87415\/\"><img width=\"150\" height=\"150\" src=\"https:\/\/images.iphone-ticker.de\/wp-content\/uploads\/2015\/10\/noten-150x150.jpg\" class=\"alignright tfe wp-post-image\" alt=\"\" decoding=\"async\" loading=\"lazy\" \/><\/a><p>Die aufgewertete Notiz-Applikation geh\u00f6rt f\u00fcr uns zu einer der besten Neuerungen des aktuellen iPhone-Betriebssystems. Als Fans von Bordmitteln sind wir vom neuen Funktionsumfang der Notiz-Anwendung so begeistert, dass sich Apples gelbes Icon jetzt \u00fcber einen Platz auf Seite 1 des iPhone-Homescreens freuen kann. Vielleicht erinnert ihr euch an unsere ausf\u00fchrliche Bestandsaufnahme der neuen App. Aus [&hellip;]<\/p>\n","protected":false},"author":1,"featured_media":87419,"comment_status":"open","ping_status":"closed","sticky":false,"template":"","format":"standard","meta":{"footnotes":""},"categories":[639],"tags":[2952,53,331,729,74],"class_list":["post-87415","post","type-post","status-publish","format-standard","has-post-thumbnail","hentry","category-ios","tag-ios9","tag-mac","tag-notizen","tag-os-x","tag-tipp"],"aioseo_notices":[],"featured_image":["http:\/\/www.iphone-ticker.de\/wp-content\/uploads\/2015\/10\/note.jpg"],"rest_api_enabler":{"featured_image":"http:\/\/www.iphone-ticker.de\/wp-content\/uploads\/2015\/10\/note.jpg"},"_links":{"self":[{"href":"https:\/\/www.iphone-ticker.de\/apiv2\/wp\/v2\/posts\/87415","targetHints":{"allow":["GET"]}}],"collection":[{"href":"https:\/\/www.iphone-ticker.de\/apiv2\/wp\/v2\/posts"}],"about":[{"href":"https:\/\/www.iphone-ticker.de\/apiv2\/wp\/v2\/types\/post"}],"author":[{"embeddable":true,"href":"https:\/\/www.iphone-ticker.de\/apiv2\/wp\/v2\/users\/1"}],"replies":[{"embeddable":true,"href":"https:\/\/www.iphone-ticker.de\/apiv2\/wp\/v2\/comments?post=87415"}],"version-history":[{"count":1,"href":"https:\/\/www.iphone-ticker.de\/apiv2\/wp\/v2\/posts\/87415\/revisions"}],"predecessor-version":[{"id":87420,"href":"https:\/\/www.iphone-ticker.de\/apiv2\/wp\/v2\/posts\/87415\/revisions\/87420"}],"wp:featuredmedia":[{"embeddable":true,"href":"https:\/\/www.iphone-ticker.de\/apiv2\/wp\/v2\/media\/87419"}],"wp:attachment":[{"href":"https:\/\/www.iphone-ticker.de\/apiv2\/wp\/v2\/media?parent=87415"}],"wp:term":[{"taxonomy":"category","embeddable":true,"href":"https:\/\/www.iphone-ticker.de\/apiv2\/wp\/v2\/categories?post=87415"},{"taxonomy":"post_tag","embeddable":true,"href":"https:\/\/www.iphone-ticker.de\/apiv2\/wp\/v2\/tags?post=87415"}],"curies":[{"name":"wp","href":"https:\/\/api.w.org\/{rel}","templated":true}]}}