{"id":86558,"date":"2015-09-14T12:09:11","date_gmt":"2015-09-14T10:09:11","guid":{"rendered":"http:\/\/www.iphone-ticker.de\/?p=86558"},"modified":"2015-09-14T12:09:50","modified_gmt":"2015-09-14T10:09:50","slug":"icloud-ab-25-september-mehr-speicher-fuers-geld","status":"publish","type":"post","link":"https:\/\/www.iphone-ticker.de\/icloud-ab-25-september-mehr-speicher-fuers-geld-86558\/","title":{"rendered":"iCloud: Ab 25. September mehr Speicher f\u00fcrs Geld"},"content":{"rendered":"<p>Gemeinsam mit den neuen iPhones und dem iPad Pro hat Apple auch eine Anpassung der Preise f\u00fcr iCloud-Speicher <a href=\"http:\/\/www.iphone-ticker.de\/icloud-speicher-das-sind-die-neuen-preise-86411\/\">angek\u00fcndigt<\/a>. Wie es nun scheint, kommt ihr erst ab dem 25. September in den Genuss der Preissenkung, wir sind ja zun\u00e4chst davon ausgegangen, dass \u00c4nderungen sp\u00e4testens mit der Ver\u00f6ffentlichung von iOS 9 am Mittwoch in Kraft treten.<\/p>\n<p><a href=\"http:\/\/www.iphone-ticker.de\/wp-content\/uploads\/2015\/09\/icloud-storage-upgrade.jpg\"><img loading=\"lazy\" decoding=\"async\" src=\"http:\/\/www.iphone-ticker.de\/wp-content\/uploads\/2015\/09\/icloud-storage-upgrade.jpg\" alt=\"icloud-storage-upgrade\" width=\"500\" height=\"313\" class=\"alignnone size-full wp-image-86559\" srcset=\"https:\/\/images.iphone-ticker.de\/wp-content\/uploads\/2015\/09\/icloud-storage-upgrade.jpg 500w, https:\/\/images.iphone-ticker.de\/wp-content\/uploads\/2015\/09\/icloud-storage-upgrade-300x188.jpg 300w\" sizes=\"auto, (max-width: 500px) 100vw, 500px\" \/><\/a><\/p>\n<p>Den 25. September, bekannterma\u00dfen Verkaufsstart der neuen iPhones, bringt nun ein Apple-Support-Mitarbeiter ins Rennen. Unseren niederl\u00e4ndischen Kollegen von <a href=\"http:\/\/www.iculture.nl\/icloud-prijzen-verlaging-25-september\/\">iCulture<\/a> wurde das Datum ganz klassisch \u00fcber Apples Support-Chat genannt.<\/p>\n<p>Wie auch immer: iCloud-Nutzer d\u00fcrfen sich \u00fcber die Neuerung freuen, gibt es k\u00fcnftig f\u00fcr das gleiche Geld doch deutlich mehr Online-Speicher als bislang. Momentan kosten 20 GB monatlich noch 99 Cent, 200 GB gibt es f\u00fcr 3,99 Euro, 500 GB werden mit 9,99 Euro und 1 Terabyte mit 19,99 Euro berechnet. Die neuen Preise hat Apple (bislang nur in Dollar) mit 99 Cent f\u00fcr 50 GB, 2,99 Dollar f\u00fcr 200 GB und 9,99 Dollar f\u00fcr 1 Terabyte kommuniziert.<\/p>\n","protected":false},"excerpt":{"rendered":"<a href=\"https:\/\/www.iphone-ticker.de\/icloud-ab-25-september-mehr-speicher-fuers-geld-86558\/\"><img width=\"150\" height=\"150\" src=\"https:\/\/images.iphone-ticker.de\/wp-content\/uploads\/2015\/09\/icloud-speicher-150x150.jpg\" class=\"alignright tfe wp-post-image\" alt=\"\" decoding=\"async\" loading=\"lazy\" \/><\/a><p>Gemeinsam mit den neuen iPhones und dem iPad Pro hat Apple auch eine Anpassung der Preise f\u00fcr iCloud-Speicher angek\u00fcndigt. Wie es nun scheint, kommt ihr erst ab dem 25. September in den Genuss der Preissenkung, wir sind ja zun\u00e4chst davon ausgegangen, dass \u00c4nderungen sp\u00e4testens mit der Ver\u00f6ffentlichung von iOS 9 am Mittwoch in Kraft treten. [&hellip;]<\/p>\n","protected":false},"author":2,"featured_media":86560,"comment_status":"open","ping_status":"closed","sticky":false,"template":"","format":"standard","meta":{"footnotes":""},"categories":[1],"tags":[48,846,497],"class_list":["post-86558","post","type-post","status-publish","format-standard","has-post-thumbnail","hentry","category-news","tag-geld","tag-icloud","tag-speicher"],"aioseo_notices":[],"featured_image":["http:\/\/www.iphone-ticker.de\/wp-content\/uploads\/2015\/09\/icloud-speicher.jpg"],"rest_api_enabler":{"featured_image":"http:\/\/www.iphone-ticker.de\/wp-content\/uploads\/2015\/09\/icloud-speicher.jpg"},"_links":{"self":[{"href":"https:\/\/www.iphone-ticker.de\/apiv2\/wp\/v2\/posts\/86558","targetHints":{"allow":["GET"]}}],"collection":[{"href":"https:\/\/www.iphone-ticker.de\/apiv2\/wp\/v2\/posts"}],"about":[{"href":"https:\/\/www.iphone-ticker.de\/apiv2\/wp\/v2\/types\/post"}],"author":[{"embeddable":true,"href":"https:\/\/www.iphone-ticker.de\/apiv2\/wp\/v2\/users\/2"}],"replies":[{"embeddable":true,"href":"https:\/\/www.iphone-ticker.de\/apiv2\/wp\/v2\/comments?post=86558"}],"version-history":[{"count":2,"href":"https:\/\/www.iphone-ticker.de\/apiv2\/wp\/v2\/posts\/86558\/revisions"}],"predecessor-version":[{"id":86562,"href":"https:\/\/www.iphone-ticker.de\/apiv2\/wp\/v2\/posts\/86558\/revisions\/86562"}],"wp:featuredmedia":[{"embeddable":true,"href":"https:\/\/www.iphone-ticker.de\/apiv2\/wp\/v2\/media\/86560"}],"wp:attachment":[{"href":"https:\/\/www.iphone-ticker.de\/apiv2\/wp\/v2\/media?parent=86558"}],"wp:term":[{"taxonomy":"category","embeddable":true,"href":"https:\/\/www.iphone-ticker.de\/apiv2\/wp\/v2\/categories?post=86558"},{"taxonomy":"post_tag","embeddable":true,"href":"https:\/\/www.iphone-ticker.de\/apiv2\/wp\/v2\/tags?post=86558"}],"curies":[{"name":"wp","href":"https:\/\/api.w.org\/{rel}","templated":true}]}}