{"id":86468,"date":"2015-09-11T10:55:37","date_gmt":"2015-09-11T08:55:37","guid":{"rendered":"http:\/\/www.iphone-ticker.de\/?p=86468"},"modified":"2015-09-11T10:59:14","modified_gmt":"2015-09-11T08:59:14","slug":"applecare-die-iphone-6s-versicherung-wird-deutlich-teurer","status":"publish","type":"post","link":"https:\/\/www.iphone-ticker.de\/applecare-die-iphone-6s-versicherung-wird-deutlich-teurer-86468\/","title":{"rendered":"AppleCare+: Die iPhone 6s-Versicherung wird deutlich teurer"},"content":{"rendered":"<p>Freunde des AppleCare Plus-Paketes m\u00fcssen in Verbindung mit dem iPhone 6s deutlich mehr Geld f\u00fcr Apples Zusatzversicherung auf den Tresen legen als bislang.<\/p>\n<p><a href=\"http:\/\/www.iphone-ticker.de\/wp-content\/uploads\/2013\/02\/apple-care.jpeg\"><img loading=\"lazy\" decoding=\"async\" src=\"http:\/\/www.iphone-ticker.de\/wp-content\/uploads\/2013\/02\/apple-care.jpeg\" alt=\"apple-care\" width=\"464\" height=\"241\" class=\"aligncenter size-full wp-image-43993\" srcset=\"https:\/\/images.iphone-ticker.de\/wp-content\/uploads\/2013\/02\/apple-care.jpeg 464w, https:\/\/images.iphone-ticker.de\/wp-content\/uploads\/2013\/02\/apple-care-300x155.jpg 300w\" sizes=\"auto, (max-width: 464px) 100vw, 464px\" \/><\/a><\/p>\n<p>W\u00e4hrend die optionale Versicherung f\u00fcr das iPhone 6 und fr\u00fchere Modelle bereits f\u00fcr 99\u20ac angeboten wurde (und nach wie vor wird), kostet AppleCare+ f\u00fcr das iPhone 6s und das iPhone 6s Plus 149\u20ac.<\/p>\n<ul>\n<li><a href=\"http:\/\/www.apple.com\/de\/shop\/product\/APP_IPHONE_6S_PLUS_AUTO-133580\/applecare-f%C3%BCr-iphone-6s-und-iphone-6s-plus\">AppleCare+ f\u00fcr iPhone 6s<\/a><\/li>\n<li><a href=\"http:\/\/www.apple.com\/de\/shop\/product\/APP_IPHONE_PLUS_AUTO-110480\/applecare-f%C3%BCr-iphone-6-und-fr%C3%BChere-modelle\">AppleCare+ f\u00fcr iPhone 6<\/a><\/li>\n<\/ul>\n<p>Doch nicht nur die Zwei-Jahres-Pauschale hat sich erh\u00f6ht, auch die zus\u00e4tzlichen Einmalzahlungen, die als sogenannte Servicegeb\u00fchr f\u00fcr bis zu zwei Reparaturen bei &#8222;unabsichtlicher Besch\u00e4digung&#8220; anf\u00e4llt ist teurer geworden. Statt 69\u20ac f\u00fcr iPhone 6 oder fr\u00fchere Modelle verlangt Apple jetzt 99\u20ac f\u00fcr iPhone 6s und das iPhone 6s Plus.<\/p>\n<blockquote><p>AppleCare+ ist eine Versicherungspolice, die Sch\u00e4den an Ihrem iPad, iPhone, iPod bzw. Ihrer Apple Watch oder Apple Watch Sport sowie den Bedarf an technischer Unterst\u00fctzung abdeckt. AppleCare+ bietet keine Abdeckung f\u00fcr Fehler aufgrund von Defekten im Design und\/oder den Materialien und\/oder der Verarbeitung. Diese Art von Defekten wird separat von den Verbraucherschutzgesetzen, der auf ein Jahr beschr\u00e4nkten Apple-Garantie oder von Apple selbst f\u00fcr den gleichen Zeitraum, der auch f\u00fcr die AppleCare+ Abdeckung gilt, abgedeckt, selbst wenn Sie Ihr Apple-Produkt nicht von Apple erworben haben. In Deutschland haben Kunden gem\u00e4\u00df dem deutschen B\u00fcrgerlichen Gesetzbuch f\u00fcr zwei Jahre ab dem Lieferdatum Anspruch auf eine kostenlose Reparatur, einen Ersatz, Rabatt oder eine R\u00fcckerstattung durch den Verk\u00e4ufer f\u00fcr Waren, die zum Zeitpunkt der Lieferung nicht dem Kaufvertrag entsprechen.<\/p><\/blockquote>\n<h2>Der Selbstbehalt staffelt sich damit zuk\u00fcnftig wie folgt:<\/h2>\n<ul>\n<li>99\u20ac &#8211; iPhone 6s und iPhone 6s Plus<\/li>\n<li>69\u20ac &#8211; iPhone 5, iPhone 5c, iPhone 5s, iPhone 6, und iPhone 6 Plus<\/li>\n<li>49\u20ac &#8211; iPad<\/li>\n<li>29\u20ac &#8211; iPod<\/li>\n<li>75\u20ac &#8211; Apple Watch<\/li>\n<li>65\u20ac &#8211; Apple Watch Sport<\/li>\n<\/ul>\n<p>Mit Dank an Matthias und Michael. <\/p>\n","protected":false},"excerpt":{"rendered":"<a href=\"https:\/\/www.iphone-ticker.de\/applecare-die-iphone-6s-versicherung-wird-deutlich-teurer-86468\/\"><img width=\"150\" height=\"150\" src=\"https:\/\/images.iphone-ticker.de\/wp-content\/uploads\/2015\/09\/care-f-150x150.jpg\" class=\"alignright tfe wp-post-image\" alt=\"\" decoding=\"async\" loading=\"lazy\" \/><\/a><p>Freunde des AppleCare Plus-Paketes m\u00fcssen in Verbindung mit dem iPhone 6s deutlich mehr Geld f\u00fcr Apples Zusatzversicherung auf den Tresen legen als bislang. W\u00e4hrend die optionale Versicherung f\u00fcr das iPhone 6 und fr\u00fchere Modelle bereits f\u00fcr 99\u20ac angeboten wurde (und nach wie vor wird), kostet AppleCare+ f\u00fcr das iPhone 6s und das iPhone 6s Plus [&hellip;]<\/p>\n","protected":false},"author":1,"featured_media":86471,"comment_status":"open","ping_status":"closed","sticky":false,"template":"","format":"standard","meta":{"footnotes":""},"categories":[14],"tags":[3912,961,548],"class_list":["post-86468","post","type-post","status-publish","format-standard","has-post-thumbnail","hentry","category-apple","tag-apple","tag-applecare","tag-versicherung"],"aioseo_notices":[],"subheadline":["50 Euro teurer"],"featured_image":["http:\/\/www.iphone-ticker.de\/wp-content\/uploads\/2015\/09\/care-f.jpg"],"rest_api_enabler":{"subheadline":"50 Euro teurer","featured_image":"http:\/\/www.iphone-ticker.de\/wp-content\/uploads\/2015\/09\/care-f.jpg"},"_links":{"self":[{"href":"https:\/\/www.iphone-ticker.de\/apiv2\/wp\/v2\/posts\/86468","targetHints":{"allow":["GET"]}}],"collection":[{"href":"https:\/\/www.iphone-ticker.de\/apiv2\/wp\/v2\/posts"}],"about":[{"href":"https:\/\/www.iphone-ticker.de\/apiv2\/wp\/v2\/types\/post"}],"author":[{"embeddable":true,"href":"https:\/\/www.iphone-ticker.de\/apiv2\/wp\/v2\/users\/1"}],"replies":[{"embeddable":true,"href":"https:\/\/www.iphone-ticker.de\/apiv2\/wp\/v2\/comments?post=86468"}],"version-history":[{"count":6,"href":"https:\/\/www.iphone-ticker.de\/apiv2\/wp\/v2\/posts\/86468\/revisions"}],"predecessor-version":[{"id":86476,"href":"https:\/\/www.iphone-ticker.de\/apiv2\/wp\/v2\/posts\/86468\/revisions\/86476"}],"wp:featuredmedia":[{"embeddable":true,"href":"https:\/\/www.iphone-ticker.de\/apiv2\/wp\/v2\/media\/86471"}],"wp:attachment":[{"href":"https:\/\/www.iphone-ticker.de\/apiv2\/wp\/v2\/media?parent=86468"}],"wp:term":[{"taxonomy":"category","embeddable":true,"href":"https:\/\/www.iphone-ticker.de\/apiv2\/wp\/v2\/categories?post=86468"},{"taxonomy":"post_tag","embeddable":true,"href":"https:\/\/www.iphone-ticker.de\/apiv2\/wp\/v2\/tags?post=86468"}],"curies":[{"name":"wp","href":"https:\/\/api.w.org\/{rel}","templated":true}]}}