{"id":86321,"date":"2015-09-09T13:02:53","date_gmt":"2015-09-09T11:02:53","guid":{"rendered":"http:\/\/www.iphone-ticker.de\/?p=86321"},"modified":"2015-09-09T13:27:30","modified_gmt":"2015-09-09T11:27:30","slug":"auf-hektische-120-minuten-apple-verzichtet-wohl-auf-oktober-event","status":"publish","type":"post","link":"https:\/\/www.iphone-ticker.de\/auf-hektische-120-minuten-apple-verzichtet-wohl-auf-oktober-event-86321\/","title":{"rendered":"Auf hektische 120+ Minuten: Apple verzichtet wohl auf Oktober-Event"},"content":{"rendered":"<p>Solltet ihr Apples 19-Uhr-Veranstaltung bereits in euren Mittwochabend &#8211; vielleicht sogar <a href=\"http:\/\/www.ifun.de\/livestream-vom-apple-event-apple-tv-ist-bereit-81457\/\">vor dem Apple TV<\/a> &#8211; eingeplant haben, dann seid ihr gut damit beraten euch nicht nur auf eine vollgepackte, sondern auch auf eine ungew\u00f6hnlich lange Veranstaltung einzustellen. <\/p>\n<p><a href=\"http:\/\/www.iphone-ticker.de\/wp-content\/uploads\/2015\/09\/cookcolores.jpg\"><img loading=\"lazy\" decoding=\"async\" src=\"http:\/\/www.iphone-ticker.de\/wp-content\/uploads\/2015\/09\/cookcolores.jpg\" alt=\"cookcolores\" width=\"500\" height=\"273\" class=\"aligncenter size-full wp-image-86322\" srcset=\"https:\/\/images.iphone-ticker.de\/wp-content\/uploads\/2015\/09\/cookcolores.jpg 500w, https:\/\/images.iphone-ticker.de\/wp-content\/uploads\/2015\/09\/cookcolores-300x164.jpg 300w\" sizes=\"auto, (max-width: 500px) 100vw, 500px\" \/><\/a><\/p>\n<p>\u00c4hnlich wie im letzten Jahr k\u00f6nnte Apple auch heute wieder satte zwei Stunden Minuten f\u00fcr die iPhone-Vorstellung angesetzt haben und damit deutlich von den traditionellen 90 Minuten-Veranstaltungen abweichen. <\/p>\n<p>Warum so lange? <a href=\"http:\/\/daringfireball.net\/linked\/2015\/09\/09\/last-minute-predictions\">Dem Vernehmen nach<\/a> soll Apple in diesem Jahr auf ein gesondertes Oktober-Event zur Vorstellung der neuen iPad-Generation verzichten und den heutigen Mittwoch dementsprechend nicht nur f\u00fcr die Pr\u00e4sentation von iPhone 6s, iPhone 6 Plus, watchOS 2, dem neuen Apple TV und OS X reserviert haben, sondern will auch das Geheimnis um das anstehende iPad-Lineup l\u00fcften. <\/p>\n<p>Eine Neuausrichtung, die mit Blick auf die sinkenden iPad-Absatzzahlen und die Tatsache, dass die registrierten iOS-Entwickler Zeit brauchen, um ihre Apps an ein m\u00f6gliches iPad Pro mit deutlich gr\u00f6\u00dferem Display anzupassen, durchaus nachvollziehbar ist. <\/p>\n<p>Es darf sich also auf einen hektischen Abend eingestellt werden, der sogar die 150 Minuten lange Apple Music-Gala zur diesj\u00e4hrigen WWDC \u00fcbertreffen k\u00f6nnte &#8211; zumindest in Sachen Laufzeit. <\/p>\n<p><a href=\"http:\/\/www.iphone-ticker.de\/wp-content\/uploads\/2015\/09\/preorder.jpg\"><img loading=\"lazy\" decoding=\"async\" src=\"http:\/\/www.iphone-ticker.de\/wp-content\/uploads\/2015\/09\/preorder.jpg\" alt=\"preorder\" width=\"700\" height=\"296\" class=\"aligncenter size-full wp-image-86324\" srcset=\"https:\/\/images.iphone-ticker.de\/wp-content\/uploads\/2015\/09\/preorder.jpg 700w, https:\/\/images.iphone-ticker.de\/wp-content\/uploads\/2015\/09\/preorder-300x127.jpg 300w\" sizes=\"auto, (max-width: 700px) 100vw, 700px\" \/><\/a><\/p>\n<h2>Kein Grund zur Panik<\/h2>\n<p>Immerhin: Um die Erstellung aktueller Ger\u00e4te-Backups und das Bereitlegen gut gedeckter Kreditkarten m\u00fcsst ihr euch heute Abend wohl noch nicht k\u00fcmmern. <\/p>\n<p>Auch im letzten Jahr fiel Apples iPhone-Event auf den 9. September. iOS 8 stand jedoch erst acht Tage sp\u00e4ter im 17. September zum Download bereit &#8211; die ersten iPhone-Modelle lieferte Apple ganze 10 Tage sp\u00e4ter, am 19. September aus. Die ersten Vorbestellungen wurden drei Tage nach dem Event am 12. September angenommen. <\/p>\n","protected":false},"excerpt":{"rendered":"<a href=\"https:\/\/www.iphone-ticker.de\/auf-hektische-120-minuten-apple-verzichtet-wohl-auf-oktober-event-86321\/\"><img width=\"150\" height=\"150\" src=\"https:\/\/images.iphone-ticker.de\/wp-content\/uploads\/2015\/09\/preorder-150x150.jpg\" class=\"alignright tfe wp-post-image\" alt=\"\" decoding=\"async\" loading=\"lazy\" \/><\/a><p>Solltet ihr Apples 19-Uhr-Veranstaltung bereits in euren Mittwochabend &#8211; vielleicht sogar vor dem Apple TV &#8211; eingeplant haben, dann seid ihr gut damit beraten euch nicht nur auf eine vollgepackte, sondern auch auf eine ungew\u00f6hnlich lange Veranstaltung einzustellen. \u00c4hnlich wie im letzten Jahr k\u00f6nnte Apple auch heute wieder satte zwei Stunden Minuten f\u00fcr die iPhone-Vorstellung [&hellip;]<\/p>\n","protected":false},"author":1,"featured_media":86324,"comment_status":"open","ping_status":"closed","sticky":false,"template":"","format":"standard","meta":{"footnotes":""},"categories":[14],"tags":[3912,315,3910],"class_list":["post-86321","post","type-post","status-publish","format-standard","has-post-thumbnail","hentry","category-apple","tag-apple","tag-event","tag-rumors"],"aioseo_notices":[],"featured_image":["http:\/\/www.iphone-ticker.de\/wp-content\/uploads\/2015\/09\/apple.jpg"],"rest_api_enabler":{"featured_image":"http:\/\/www.iphone-ticker.de\/wp-content\/uploads\/2015\/09\/apple.jpg"},"_links":{"self":[{"href":"https:\/\/www.iphone-ticker.de\/apiv2\/wp\/v2\/posts\/86321","targetHints":{"allow":["GET"]}}],"collection":[{"href":"https:\/\/www.iphone-ticker.de\/apiv2\/wp\/v2\/posts"}],"about":[{"href":"https:\/\/www.iphone-ticker.de\/apiv2\/wp\/v2\/types\/post"}],"author":[{"embeddable":true,"href":"https:\/\/www.iphone-ticker.de\/apiv2\/wp\/v2\/users\/1"}],"replies":[{"embeddable":true,"href":"https:\/\/www.iphone-ticker.de\/apiv2\/wp\/v2\/comments?post=86321"}],"version-history":[{"count":3,"href":"https:\/\/www.iphone-ticker.de\/apiv2\/wp\/v2\/posts\/86321\/revisions"}],"predecessor-version":[{"id":86327,"href":"https:\/\/www.iphone-ticker.de\/apiv2\/wp\/v2\/posts\/86321\/revisions\/86327"}],"wp:featuredmedia":[{"embeddable":true,"href":"https:\/\/www.iphone-ticker.de\/apiv2\/wp\/v2\/media\/86324"}],"wp:attachment":[{"href":"https:\/\/www.iphone-ticker.de\/apiv2\/wp\/v2\/media?parent=86321"}],"wp:term":[{"taxonomy":"category","embeddable":true,"href":"https:\/\/www.iphone-ticker.de\/apiv2\/wp\/v2\/categories?post=86321"},{"taxonomy":"post_tag","embeddable":true,"href":"https:\/\/www.iphone-ticker.de\/apiv2\/wp\/v2\/tags?post=86321"}],"curies":[{"name":"wp","href":"https:\/\/api.w.org\/{rel}","templated":true}]}}