{"id":86290,"date":"2015-09-08T17:09:51","date_gmt":"2015-09-08T15:09:51","guid":{"rendered":"http:\/\/www.iphone-ticker.de\/?p=86290"},"modified":"2015-09-09T08:52:16","modified_gmt":"2015-09-09T06:52:16","slug":"telekom-volumen-anpassungen-und-einsatz-fuer-fluechtlinge","status":"publish","type":"post","link":"https:\/\/www.iphone-ticker.de\/telekom-volumen-anpassungen-und-einsatz-fuer-fluechtlinge-86290\/","title":{"rendered":"Telekom: Volumen-Anpassungen und Einsatz f\u00fcr Fl\u00fcchtlinge"},"content":{"rendered":"<p>Bereits <a href=\"http:\/\/www.iphone-ticker.de\/telekom-erhoeht-datenvolumen-fuer-bestandskunden-85944\/\">vor einer Woche<\/a> erh\u00f6hte die Telekom das Datenvolumen zahlreicher Bestandskunden und passte laufende Vertr\u00e4ge somit bereits im Vorfeld der IFA an das neue Tarif-Lineup &#8211; <a href=\"http:\/\/www.iphone-ticker.de\/die-neuen-telekom-tarife-magentaeins-4-0-86130\/\">ifun.de berichtete<\/a> &#8211; an.<\/p>\n<p><a href=\"http:\/\/www.iphone-ticker.de\/wp-content\/uploads\/2015\/09\/leistung.jpg\"><img loading=\"lazy\" decoding=\"async\" class=\"aligncenter size-full wp-image-86291\" src=\"http:\/\/www.iphone-ticker.de\/wp-content\/uploads\/2015\/09\/leistung.jpg\" alt=\"leistung\" width=\"500\" height=\"274\" srcset=\"https:\/\/images.iphone-ticker.de\/wp-content\/uploads\/2015\/09\/leistung.jpg 500w, https:\/\/images.iphone-ticker.de\/wp-content\/uploads\/2015\/09\/leistung-300x164.jpg 300w\" sizes=\"auto, (max-width: 500px) 100vw, 500px\" \/><\/a><\/p>\n<p>F\u00fcr Kunden auf <a href=\"http:\/\/pass.telekom.de\">pass.telekom.de<\/a> einzusehen, haben sich die Inklusiv-Daten bei MagentaMobil M von 1,5 auf 2 GB und im Tarif MagentaMobil L von 3 auf 4 GB pro Monat erh\u00f6ht. Die Tarif MagentaMobil L Plus ist jetzt mit 10 GB statt 5GB und Complete Premium mit 30 GB statt 20GB ausgestattet.<\/p>\n<p>Wir erinnern an die Umstellung, da die Telekom den heutigen Dienstag f\u00fcr eine gro\u00dffl\u00e4chige Info-Kampagne nutzt und betroffene Kunden zur Stunde per SMS \u00fcber die Umstellung in den Laufzeitvertr\u00e4gen zu informieren.<\/p>\n<p>Apropos informieren: In seinem Hausblog <a href=\"http:\/\/www.telekom.com\/medien\/konzern\/287262\">berichtet<\/a> der Bonner Netzbetreiber zudem \u00fcber seinen Einsatz bei der Unterst\u00fctzung von Fl\u00fcchtlingen.<\/p>\n<p><a href=\"http:\/\/www.iphone-ticker.de\/wp-content\/uploads\/2015\/03\/netz.jpg\"><img loading=\"lazy\" decoding=\"async\" src=\"http:\/\/www.iphone-ticker.de\/wp-content\/uploads\/2015\/03\/netz.jpg\" alt=\"netz\" width=\"640\" height=\"252\" class=\"aligncenter size-full wp-image-78334\" srcset=\"https:\/\/images.iphone-ticker.de\/wp-content\/uploads\/2015\/03\/netz.jpg 640w, https:\/\/images.iphone-ticker.de\/wp-content\/uploads\/2015\/03\/netz-300x118.jpg 300w\" sizes=\"auto, (max-width: 640px) 100vw, 640px\" \/><\/a><\/p>\n<p>So wird die Telekom nicht nur f\u00fcr den Ausbau der WLAN Infrastruktur in den Erstaufnahme-Zentren sorgen, sondern auch ein Fl\u00fcchtlings-Portal aufbauen. Die Internetplattform soll sowohl Informationen zu Hilfsangeboten f\u00fcr Fl\u00fcchtlinge b\u00fcndeln als auch die lokale Kontaktaufnahme zu Helfern und Organisationen erm\u00f6glichen.<\/p>\n<blockquote><p>Die Deutsche Telekom unterst\u00fctzt die Bem\u00fchungen der Hilfsverb\u00e4nde und der \u00f6ffentlichen Hand bei der Unterbringung und Versorgung der Fl\u00fcchtlinge. Das sagte Telekom-Chef Tim H\u00f6ttges in einem Telefonat Bundesinnenminister Thomas de Maiziere zu. Um m\u00f6glichst rasch und unb\u00fcrokratisch helfen zu k\u00f6nnen, wurde eine unternehmensinterne Task-Force unter Vorsitz von Personal-Chef Christian P. Illek gebildet.<\/p><\/blockquote>\n<p>Konkret hat das Hilfsangebot diese Schwerpunkte:<\/p>\n<ul>\n<li>Unterst\u00fctzung bei der Versorgung von Fl\u00fcchtlingsunterk\u00fcnften mit WLAN<\/li>\n<li>Unterst\u00fctzung der Beh\u00f6rden bei der Suche nach Geb\u00e4uden<\/li>\n<li>Entsendung von Mitarbeitern an das Bundesamt f\u00fcr Migration und Fl\u00fcchtlinge (BAMF)<\/li>\n<li>Unterst\u00fctzung der Mitarbeiter in ihrem ehrenamtlichen Engagement f\u00fcr Fl\u00fcchtlinge<\/li>\n<li>Aufbau eines Fl\u00fcchtlings-Portals mit Informationen f\u00fcr Fl\u00fcchtlinge<\/li>\n<li>Zurverf\u00fcgungstellung von Praktikanten-Pl\u00e4tzen f\u00fcr Fl\u00fcchtlinge<\/li>\n<\/ul>\n","protected":false},"excerpt":{"rendered":"<a href=\"https:\/\/www.iphone-ticker.de\/telekom-volumen-anpassungen-und-einsatz-fuer-fluechtlinge-86290\/\"><img width=\"150\" height=\"150\" src=\"https:\/\/images.iphone-ticker.de\/wp-content\/uploads\/2015\/05\/magenta-telekom-eins-150x150.jpg\" class=\"alignright tfe wp-post-image\" alt=\"\" decoding=\"async\" loading=\"lazy\" \/><\/a><p>Bereits vor einer Woche erh\u00f6hte die Telekom das Datenvolumen zahlreicher Bestandskunden und passte laufende Vertr\u00e4ge somit bereits im Vorfeld der IFA an das neue Tarif-Lineup &#8211; ifun.de berichtete &#8211; an. F\u00fcr Kunden auf pass.telekom.de einzusehen, haben sich die Inklusiv-Daten bei MagentaMobil M von 1,5 auf 2 GB und im Tarif MagentaMobil L von 3 auf [&hellip;]<\/p>\n","protected":false},"author":1,"featured_media":81754,"comment_status":"open","ping_status":"closed","sticky":false,"template":"","format":"standard","meta":{"footnotes":""},"categories":[1],"tags":[911,124,363,12],"class_list":["post-86290","post","type-post","status-publish","format-standard","has-post-thumbnail","hentry","category-news","tag-daten","tag-tarif","tag-telekom","tag-vertrag"],"aioseo_notices":[],"featured_image":["http:\/\/www.iphone-ticker.de\/wp-content\/uploads\/2015\/03\/5g-netz.jpg"],"rest_api_enabler":{"featured_image":"http:\/\/www.iphone-ticker.de\/wp-content\/uploads\/2015\/03\/5g-netz.jpg"},"_links":{"self":[{"href":"https:\/\/www.iphone-ticker.de\/apiv2\/wp\/v2\/posts\/86290","targetHints":{"allow":["GET"]}}],"collection":[{"href":"https:\/\/www.iphone-ticker.de\/apiv2\/wp\/v2\/posts"}],"about":[{"href":"https:\/\/www.iphone-ticker.de\/apiv2\/wp\/v2\/types\/post"}],"author":[{"embeddable":true,"href":"https:\/\/www.iphone-ticker.de\/apiv2\/wp\/v2\/users\/1"}],"replies":[{"embeddable":true,"href":"https:\/\/www.iphone-ticker.de\/apiv2\/wp\/v2\/comments?post=86290"}],"version-history":[{"count":1,"href":"https:\/\/www.iphone-ticker.de\/apiv2\/wp\/v2\/posts\/86290\/revisions"}],"predecessor-version":[{"id":86292,"href":"https:\/\/www.iphone-ticker.de\/apiv2\/wp\/v2\/posts\/86290\/revisions\/86292"}],"wp:featuredmedia":[{"embeddable":true,"href":"https:\/\/www.iphone-ticker.de\/apiv2\/wp\/v2\/media\/81754"}],"wp:attachment":[{"href":"https:\/\/www.iphone-ticker.de\/apiv2\/wp\/v2\/media?parent=86290"}],"wp:term":[{"taxonomy":"category","embeddable":true,"href":"https:\/\/www.iphone-ticker.de\/apiv2\/wp\/v2\/categories?post=86290"},{"taxonomy":"post_tag","embeddable":true,"href":"https:\/\/www.iphone-ticker.de\/apiv2\/wp\/v2\/tags?post=86290"}],"curies":[{"name":"wp","href":"https:\/\/api.w.org\/{rel}","templated":true}]}}