{"id":86120,"date":"2015-09-04T08:38:57","date_gmt":"2015-09-04T06:38:57","guid":{"rendered":"http:\/\/www.iphone-ticker.de\/?p=86120"},"modified":"2015-09-04T08:42:56","modified_gmt":"2015-09-04T06:42:56","slug":"apple-watch-noch-im-september-auch-bei-mediamarkt","status":"publish","type":"post","link":"https:\/\/www.iphone-ticker.de\/apple-watch-noch-im-september-auch-bei-mediamarkt-86120\/","title":{"rendered":"Apple Watch noch im September auch bei MediaMarkt?"},"content":{"rendered":"<p>Noch in diesem Monat soll auch in Deutschland der Exklusivvertrieb der Apple Watch \u00fcber Apple fallen. Neben Apples Partnern aus der Mobilfunkbranche werden dann offenbar auch weitere Vertriebspartner die Uhr anbieten.<\/p>\n<p><a href=\"http:\/\/www.iphone-ticker.de\/wp-content\/uploads\/2015\/06\/apple-watch-500.jpg\"><img loading=\"lazy\" decoding=\"async\" src=\"http:\/\/www.iphone-ticker.de\/wp-content\/uploads\/2015\/06\/apple-watch-500.jpg\" alt=\"apple-watch-500\" width=\"500\" height=\"281\" class=\"alignnone size-full wp-image-82641\" srcset=\"https:\/\/images.iphone-ticker.de\/wp-content\/uploads\/2015\/06\/apple-watch-500.jpg 500w, https:\/\/images.iphone-ticker.de\/wp-content\/uploads\/2015\/06\/apple-watch-500-300x169.jpg 300w\" sizes=\"auto, (max-width: 500px) 100vw, 500px\" \/><\/a><\/p>\n<p>Konkret soll die Smartwatch vom 18. September an auch bei der Elektronikkette MediaMarkt ausgestellt und verkauft werden, die Vorbereitungen diesbez\u00fcglich laufen wohl bereits, und auch von Seiten der Telekom gibt es \u00e4hnliche Meldungen: Hier wurden dem Vernehmen nach bereits Mitarbeiter f\u00fcr das Produkt geschult und eine entsprechende Erweiterung des Angebots wird ebenfalls gemeinsam mit den neuen iPhones erwartet.<\/p>\n<p>Allgemein wird damit gerechnet, dass vom 18. September an auch die neuen iPhones in den Handel kommen. Dar\u00fcber hinaus soll Apple mit dem Verkaufsstart der n\u00e4chsten iPhone-Generation auch das Verkaufsgebiet der Apple Watch erweitern, unter anderem gibt es Ger\u00fcchte dahingehend, dass dann auch unsere Nachbarn in \u00d6sterreich zum Zug kommen.<\/p>\n<p>(Danke Lars)<\/p>\n","protected":false},"excerpt":{"rendered":"<a href=\"https:\/\/www.iphone-ticker.de\/apple-watch-noch-im-september-auch-bei-mediamarkt-86120\/\"><img decoding=\"async\" width=\"150\" src=\"http:\/\/www.iphone-ticker.de\/wp-content\/uploads\/2015\/06\/apple-watch-500.jpg\" class=\"alignright wp-post-image tfe\" alt=\"apple-watch-500\" title=\"\" \/><\/a><p>Noch in diesem Monat soll auch in Deutschland der Exklusivvertrieb der Apple Watch \u00fcber Apple fallen. Neben Apples Partnern aus der Mobilfunkbranche werden dann offenbar auch weitere Vertriebspartner die Uhr anbieten. Konkret soll die Smartwatch vom 18. September an auch bei der Elektronikkette MediaMarkt ausgestellt und verkauft werden, die Vorbereitungen diesbez\u00fcglich laufen wohl bereits, und [&hellip;]<\/p>\n","protected":false},"author":2,"featured_media":0,"comment_status":"open","ping_status":"closed","sticky":false,"template":"","format":"standard","meta":{"footnotes":""},"categories":[14],"tags":[2759],"class_list":["post-86120","post","type-post","status-publish","format-standard","hentry","category-apple","tag-apple-watch"],"aioseo_notices":[],"featured_image":["http:\/\/www.iphone-ticker.de\/wp-content\/uploads\/2015\/05\/apple-watch-update-header1.jpg"],"rest_api_enabler":{"featured_image":"http:\/\/www.iphone-ticker.de\/wp-content\/uploads\/2015\/05\/apple-watch-update-header1.jpg"},"_links":{"self":[{"href":"https:\/\/www.iphone-ticker.de\/apiv2\/wp\/v2\/posts\/86120","targetHints":{"allow":["GET"]}}],"collection":[{"href":"https:\/\/www.iphone-ticker.de\/apiv2\/wp\/v2\/posts"}],"about":[{"href":"https:\/\/www.iphone-ticker.de\/apiv2\/wp\/v2\/types\/post"}],"author":[{"embeddable":true,"href":"https:\/\/www.iphone-ticker.de\/apiv2\/wp\/v2\/users\/2"}],"replies":[{"embeddable":true,"href":"https:\/\/www.iphone-ticker.de\/apiv2\/wp\/v2\/comments?post=86120"}],"version-history":[{"count":9,"href":"https:\/\/www.iphone-ticker.de\/apiv2\/wp\/v2\/posts\/86120\/revisions"}],"predecessor-version":[{"id":86129,"href":"https:\/\/www.iphone-ticker.de\/apiv2\/wp\/v2\/posts\/86120\/revisions\/86129"}],"wp:attachment":[{"href":"https:\/\/www.iphone-ticker.de\/apiv2\/wp\/v2\/media?parent=86120"}],"wp:term":[{"taxonomy":"category","embeddable":true,"href":"https:\/\/www.iphone-ticker.de\/apiv2\/wp\/v2\/categories?post=86120"},{"taxonomy":"post_tag","embeddable":true,"href":"https:\/\/www.iphone-ticker.de\/apiv2\/wp\/v2\/tags?post=86120"}],"curies":[{"name":"wp","href":"https:\/\/api.w.org\/{rel}","templated":true}]}}