{"id":83977,"date":"2015-07-07T09:40:03","date_gmt":"2015-07-07T07:40:03","guid":{"rendered":"http:\/\/www.iphone-ticker.de\/?p=83977"},"modified":"2015-07-07T09:41:20","modified_gmt":"2015-07-07T07:41:20","slug":"apple-store-einheitlicher-look-fuer-drittanbieter-accessoires","status":"publish","type":"post","link":"https:\/\/www.iphone-ticker.de\/apple-store-einheitlicher-look-fuer-drittanbieter-accessoires-83977\/","title":{"rendered":"Apple Store: Einheitlicher Look f\u00fcr Drittanbieter-Accessoires"},"content":{"rendered":"<p>Im Rahmen der von <a href=\"http:\/\/www.ifun.de\/apples-vetriebschefin-erklaert-liefersituation-von-apple-watch-und-macbook-75945\/\">Angela Ahrendts<\/a> angef\u00fchrten Neustrukturierung der Apples Store-Filialen, wird Cupertino ausgew\u00e4hlte Zubeh\u00f6r-Produkte in gesonderten Verpackungen verkaufen, deren Gestaltung an Apples Haus- und Hof-Design erinnert. <\/p>\n<p><a href=\"http:\/\/www.iphone-ticker.de\/wp-content\/uploads\/2015\/07\/mophie.jpg\"><img loading=\"lazy\" decoding=\"async\" src=\"http:\/\/www.iphone-ticker.de\/wp-content\/uploads\/2015\/07\/mophie.jpg\" alt=\"mophie\" width=\"500\" height=\"357\" class=\"aligncenter size-full wp-image-83978\" srcset=\"https:\/\/images.iphone-ticker.de\/wp-content\/uploads\/2015\/07\/mophie.jpg 500w, https:\/\/images.iphone-ticker.de\/wp-content\/uploads\/2015\/07\/mophie-300x214.jpg 300w\" sizes=\"auto, (max-width: 500px) 100vw, 500px\" \/><\/a><\/p>\n<p>Dies <a href=\"http:\/\/9to5mac.com\/2015\/07\/06\/apple-stores-white-boxes-accessories\/\">berichtet<\/a> Mark Gurman und beruft sich auf mehrere Fotos, auf denen die Drittanbieter-Schachteln bereits abgebildet sind. <\/p>\n<p>Mit den komplett wei\u00dfen Kartons, auf denen nur ein Bild des verpackten Produktes und vergleichsweise wenig Text abgedruckt ist, sorgt Apple nicht nur f\u00fcr einen einheitlichen und st\u00f6rungsfreien Look seiner Filial-Gesch\u00e4fte, sondern demonstriert auch die Macht, die Cupertino auf den Markt der Drittanbieter-Accessoires aus\u00fcbt. <\/p>\n<p>So m\u00fcssen die Accessoires die in den Apple Retail Filialen verkauft werden nicht nur mit Apples (kostenpflichtigem) <a href=\"https:\/\/developer.apple.com\/programs\/mfi\/\">MFi-Siegel<\/a> zertifiziert werden, kooperierende Zubeh\u00f6r-Anbieter verpflichten sich auch dazu, keine neuen iPad- und iPhone-H\u00fcllen auf Basis verfr\u00fchter Ger\u00fcchte zu produzieren. Eine Teilnahme am <a href=\"http:\/\/www.iphone-ticker.de\/das-zubehoer-roulette-iphone-6-64399\/\">Zubeh\u00f6r-Roulette<\/a> ist so ausgeschlossen. <\/p>\n<p><a href=\"http:\/\/www.iphone-ticker.de\/wp-content\/uploads\/2015\/07\/display.jpg\"><img loading=\"lazy\" decoding=\"async\" src=\"http:\/\/www.iphone-ticker.de\/wp-content\/uploads\/2015\/07\/display.jpg\" alt=\"display\" width=\"700\" height=\"438\" class=\"aligncenter size-full wp-image-83979\" srcset=\"https:\/\/images.iphone-ticker.de\/wp-content\/uploads\/2015\/07\/display.jpg 700w, https:\/\/images.iphone-ticker.de\/wp-content\/uploads\/2015\/07\/display-300x188.jpg 300w\" sizes=\"auto, (max-width: 700px) 100vw, 700px\" \/><\/a><\/p>\n<p>Erste Ger\u00fcchte \u00fcber den Einzug neuer Verpackungen kursieren bereits seit mehreren <a href=\"http:\/\/www.macotakara.jp\/blog\/apple_store\/entry-27206.html\">Wochen<\/a> &#8211; teilweise sollen ausgew\u00e4hlte Accessoires gar ganz auf eine zus\u00e4tzliche Schutzverpackung verzichten. <\/p>\n<p>Unbest\u00e4tigten Angaben nach, sollen neben Mophie und Logitech unter anderem die Produkte von Sena, Incase und Life Proof mit Apples neuen Verpackungen versehen werden. Ob Apple zuk\u00fcnftig \u00fcberhaupt noch Drittanbieter-Produkte in Original-Verpackungen anbieten wird ist fraglich.  <\/p>\n","protected":false},"excerpt":{"rendered":"<a href=\"https:\/\/www.iphone-ticker.de\/apple-store-einheitlicher-look-fuer-drittanbieter-accessoires-83977\/\"><img width=\"150\" height=\"150\" src=\"https:\/\/images.iphone-ticker.de\/wp-content\/uploads\/2015\/07\/display-150x150.jpg\" class=\"alignright tfe wp-post-image\" alt=\"\" decoding=\"async\" loading=\"lazy\" \/><\/a><p>Im Rahmen der von Angela Ahrendts angef\u00fchrten Neustrukturierung der Apples Store-Filialen, wird Cupertino ausgew\u00e4hlte Zubeh\u00f6r-Produkte in gesonderten Verpackungen verkaufen, deren Gestaltung an Apples Haus- und Hof-Design erinnert. Dies berichtet Mark Gurman und beruft sich auf mehrere Fotos, auf denen die Drittanbieter-Schachteln bereits abgebildet sind. Mit den komplett wei\u00dfen Kartons, auf denen nur ein Bild des [&hellip;]<\/p>\n","protected":false},"author":1,"featured_media":83979,"comment_status":"open","ping_status":"closed","sticky":false,"template":"","format":"standard","meta":{"footnotes":""},"categories":[14],"tags":[3912,200,2064,3084,3910],"class_list":["post-83977","post","type-post","status-publish","format-standard","has-post-thumbnail","hentry","category-apple","tag-apple","tag-apple-store","tag-geruechte","tag-retail","tag-rumors"],"aioseo_notices":[],"featured_image":["http:\/\/www.iphone-ticker.de\/wp-content\/uploads\/2015\/07\/apple.jpg"],"rest_api_enabler":{"featured_image":"http:\/\/www.iphone-ticker.de\/wp-content\/uploads\/2015\/07\/apple.jpg"},"_links":{"self":[{"href":"https:\/\/www.iphone-ticker.de\/apiv2\/wp\/v2\/posts\/83977","targetHints":{"allow":["GET"]}}],"collection":[{"href":"https:\/\/www.iphone-ticker.de\/apiv2\/wp\/v2\/posts"}],"about":[{"href":"https:\/\/www.iphone-ticker.de\/apiv2\/wp\/v2\/types\/post"}],"author":[{"embeddable":true,"href":"https:\/\/www.iphone-ticker.de\/apiv2\/wp\/v2\/users\/1"}],"replies":[{"embeddable":true,"href":"https:\/\/www.iphone-ticker.de\/apiv2\/wp\/v2\/comments?post=83977"}],"version-history":[{"count":2,"href":"https:\/\/www.iphone-ticker.de\/apiv2\/wp\/v2\/posts\/83977\/revisions"}],"predecessor-version":[{"id":83982,"href":"https:\/\/www.iphone-ticker.de\/apiv2\/wp\/v2\/posts\/83977\/revisions\/83982"}],"wp:featuredmedia":[{"embeddable":true,"href":"https:\/\/www.iphone-ticker.de\/apiv2\/wp\/v2\/media\/83979"}],"wp:attachment":[{"href":"https:\/\/www.iphone-ticker.de\/apiv2\/wp\/v2\/media?parent=83977"}],"wp:term":[{"taxonomy":"category","embeddable":true,"href":"https:\/\/www.iphone-ticker.de\/apiv2\/wp\/v2\/categories?post=83977"},{"taxonomy":"post_tag","embeddable":true,"href":"https:\/\/www.iphone-ticker.de\/apiv2\/wp\/v2\/tags?post=83977"}],"curies":[{"name":"wp","href":"https:\/\/api.w.org\/{rel}","templated":true}]}}