{"id":83958,"date":"2015-07-06T17:04:22","date_gmt":"2015-07-06T15:04:22","guid":{"rendered":"http:\/\/www.iphone-ticker.de\/?p=83958"},"modified":"2015-07-07T11:44:49","modified_gmt":"2015-07-07T09:44:49","slug":"icloud-mediathek-unterbindet-lokale-synchronisation","status":"publish","type":"post","link":"https:\/\/www.iphone-ticker.de\/icloud-mediathek-unterbindet-lokale-synchronisation-83958\/","title":{"rendered":"iCloud-Mediathek unterbindet lokale Synchronisation"},"content":{"rendered":"<p>Wer erinnert sich noch an die Einf\u00fchrung des iCloud-Zwangs im <a href=\"http:\/\/www.iphone-ticker.de\/es-ist-soweit-itunes-entfernt-lokalen-datenabgleich-56123\/\">Oktober 2013<\/a>? Damals ver\u00f6ffentlichte Apple Version 11.1.2 der iTunes-Jukebox und entfernte Teile der lokalen Datensynchronisation zwischen iPhone und iTunes. <\/p>\n<p><a href=\"http:\/\/www.iphone-ticker.de\/wp-content\/uploads\/2015\/07\/snyc.jpg\"><img loading=\"lazy\" decoding=\"async\" src=\"http:\/\/www.iphone-ticker.de\/wp-content\/uploads\/2015\/07\/snyc.jpg\" alt=\"snyc\" width=\"488\" height=\"164\" class=\"aligncenter size-full wp-image-83960\" srcset=\"https:\/\/images.iphone-ticker.de\/wp-content\/uploads\/2015\/07\/snyc.jpg 488w, https:\/\/images.iphone-ticker.de\/wp-content\/uploads\/2015\/07\/snyc-300x101.jpg 300w\" sizes=\"auto, (max-width: 488px) 100vw, 488px\" \/><\/a><\/p>\n<h6>Bild: <a href=\"http:\/\/www.heise.de\">heise.de<\/a><\/h6>\n<p>Um es kurz zu machen: Das iTunes-Update vom Herbst 2013 schaffte die lokale Synchronisation von Kontakten, Kalendern, E-Mail-Accounts und Safari-Lesezeichen ab. Der Bereich, in dem sich die lokalen Kalender, E-Mail-Konten und Adressen mit angeschlossenen iOS-Ger\u00e4ten abgleichen lie\u00dfen, wurde kommentarlos entfernt. Nutzer, die ihre Daten auf einem Stand halten wollten, mussten auf Apples iCloud-Angebot umsteigen und den Abgleich der allwissenden Wolke \u00fcberlassen. <\/p>\n<p>Apple selbst ruderte <a href=\"http:\/\/www.iphone-ticker.de\/abkehr-vom-icloud-zwang-itunes-synchronisiert-wieder-lokal-66051\/\">im Mai 2014 zwar zur\u00fcck<\/a> und f\u00fchrte den lokalen Abgleich teilweise wieder ein; in dem halben Jahr zwischen iTunes 11.1.2 und iTunes 11.1 bestand jedoch ein iCloud-Zwang. <\/p>\n<p>Dieser betrifft nun auch eure Musik. So k\u00f6nnen Anwender, die die iCloud-Mediathek auf ihrem Mac aktiviert haben, <a href=\"https:\/\/discussions.apple.com\/message\/28511543#28511543\">keine lokale<\/a> iPhone Musik-Synchronisation mehr vornehmen. Ein D\u00e9j\u00e0 vu.<\/p>\n<p>Nach Angaben des IT-Portals <a href=\"http:\/\/heise.de\">heise.de<\/a>, das die Umstellung heute entdeckte, funktioniert auch das manuelle Hinzuf\u00fcgen von Musik aus iTunes nicht mehr: <\/p>\n<blockquote><p>Das Synchronisieren von Musik zwischen eigenen Ger\u00e4ten ist Bestandteil von Apple Music: Der Dienst ber\u00fccksichtigt dabei auch Musik-Dateien des Nutzers, die nicht im Katalog des Streaming-Dienstes verf\u00fcgbar sind. Sie werden auf Apples Server \u00fcbertragen, um anschlie\u00dfend auf den anderen Ger\u00e4ten ebenfalls bereitzustehen \u2013 solange das Abo f\u00fcr Apple Music l\u00e4uft. Das Vorgehen ist \u00e4hnlich wie bei der iCloud-Fotomediathek und anderen iCloud-Diensten \u2013 die Cloud-Synchronisation l\u00f6st die iTunes-Synchronisation jeweils ab, der lokale Datenabgleich ist dann nicht mehr m\u00f6glich.<\/p><\/blockquote>\n<p>Zwar berichten mehrere Anwender in Apple <a href=\"https:\/\/discussions.apple.com\/\">Support-Foren<\/a> dar\u00fcber, dass die Deaktivierung der <a href=\"http:\/\/www.iphone-ticker.de\/icloud-mediathek-83824\/\">iCloud-Mediathek<\/a> die lokale Synchronisation wieder zur\u00fcck bringt, dann jedoch lassen sich keine Wiedergabelisten mehr erstellen oder Titel zu Offline-Wiedergabe aus dem Netz laden. <\/p>\n","protected":false},"excerpt":{"rendered":"<a href=\"https:\/\/www.iphone-ticker.de\/icloud-mediathek-unterbindet-lokale-synchronisation-83958\/\"><img width=\"150\" height=\"150\" src=\"https:\/\/images.iphone-ticker.de\/wp-content\/uploads\/2015\/06\/itunes-150x150.png\" class=\"alignright tfe wp-post-image\" alt=\"\" decoding=\"async\" loading=\"lazy\" srcset=\"https:\/\/images.iphone-ticker.de\/wp-content\/uploads\/2015\/06\/itunes-150x150.png 150w, https:\/\/images.iphone-ticker.de\/wp-content\/uploads\/2015\/06\/itunes.png 176w\" sizes=\"auto, (max-width: 150px) 100vw, 150px\" \/><\/a><p>Wer erinnert sich noch an die Einf\u00fchrung des iCloud-Zwangs im Oktober 2013? Damals ver\u00f6ffentlichte Apple Version 11.1.2 der iTunes-Jukebox und entfernte Teile der lokalen Datensynchronisation zwischen iPhone und iTunes. Bild: heise.de Um es kurz zu machen: Das iTunes-Update vom Herbst 2013 schaffte die lokale Synchronisation von Kontakten, Kalendern, E-Mail-Accounts und Safari-Lesezeichen ab. Der Bereich, in [&hellip;]<\/p>\n","protected":false},"author":1,"featured_media":82818,"comment_status":"open","ping_status":"closed","sticky":false,"template":"","format":"standard","meta":{"footnotes":""},"categories":[1],"tags":[846,3078,3911],"class_list":["post-83958","post","type-post","status-publish","format-standard","has-post-thumbnail","hentry","category-news","tag-icloud","tag-icloud-mediathek","tag-itunes"],"aioseo_notices":[],"featured_image":["http:\/\/www.iphone-ticker.de\/wp-content\/uploads\/2015\/07\/aktiv.jpg"],"rest_api_enabler":{"featured_image":"http:\/\/www.iphone-ticker.de\/wp-content\/uploads\/2015\/07\/aktiv.jpg"},"_links":{"self":[{"href":"https:\/\/www.iphone-ticker.de\/apiv2\/wp\/v2\/posts\/83958","targetHints":{"allow":["GET"]}}],"collection":[{"href":"https:\/\/www.iphone-ticker.de\/apiv2\/wp\/v2\/posts"}],"about":[{"href":"https:\/\/www.iphone-ticker.de\/apiv2\/wp\/v2\/types\/post"}],"author":[{"embeddable":true,"href":"https:\/\/www.iphone-ticker.de\/apiv2\/wp\/v2\/users\/1"}],"replies":[{"embeddable":true,"href":"https:\/\/www.iphone-ticker.de\/apiv2\/wp\/v2\/comments?post=83958"}],"version-history":[{"count":1,"href":"https:\/\/www.iphone-ticker.de\/apiv2\/wp\/v2\/posts\/83958\/revisions"}],"predecessor-version":[{"id":83961,"href":"https:\/\/www.iphone-ticker.de\/apiv2\/wp\/v2\/posts\/83958\/revisions\/83961"}],"wp:featuredmedia":[{"embeddable":true,"href":"https:\/\/www.iphone-ticker.de\/apiv2\/wp\/v2\/media\/82818"}],"wp:attachment":[{"href":"https:\/\/www.iphone-ticker.de\/apiv2\/wp\/v2\/media?parent=83958"}],"wp:term":[{"taxonomy":"category","embeddable":true,"href":"https:\/\/www.iphone-ticker.de\/apiv2\/wp\/v2\/categories?post=83958"},{"taxonomy":"post_tag","embeddable":true,"href":"https:\/\/www.iphone-ticker.de\/apiv2\/wp\/v2\/tags?post=83958"}],"curies":[{"name":"wp","href":"https:\/\/api.w.org\/{rel}","templated":true}]}}