{"id":82595,"date":"2015-06-08T18:33:05","date_gmt":"2015-06-08T16:33:05","guid":{"rendered":"http:\/\/www.iphone-ticker.de\/?p=82595"},"modified":"2015-06-08T22:17:22","modified_gmt":"2015-06-08T20:17:22","slug":"apples-wwdc-keynote-livestream-fuer-windows-und-vlc","status":"publish","type":"post","link":"https:\/\/www.iphone-ticker.de\/apples-wwdc-keynote-livestream-fuer-windows-und-vlc-82595\/","title":{"rendered":"Apples WWDC Keynote: Livestream f\u00fcr Windows und VLC"},"content":{"rendered":"<p>Auch wenn Apple die <a href=\"http:\/\/www.apple.com\/live\/2015-june-event\/\">Auftakt-Keynote<\/a> der diesj\u00e4hrigen Entwicklerkonferenz WWDC heute Abend offiziell <a href=\"http:\/\/www.apple.com\/live\/2015-june-event\/\">nur an Apple-Ger\u00e4te<\/a> wie das Apple TV und den Safari-Browser \u00fcbertr\u00e4gt, haben auch die Nutzer anderer Betriebssysteme oder iPhone-Besitzer, die sich noch auf dem Weg von der Arbeit nach Hause befinden, die M\u00f6glichkeit das Event in einem separaten Videoplayer zu verfolgen.<\/p>\n<p><a href=\"http:\/\/www.iphone-ticker.de\/wp-content\/uploads\/2015\/06\/live-apple.jpg\"><img loading=\"lazy\" decoding=\"async\" class=\"aligncenter size-full wp-image-82600\" src=\"http:\/\/www.iphone-ticker.de\/wp-content\/uploads\/2015\/06\/live-apple.jpg\" alt=\"live-apple\" width=\"500\" height=\"356\" srcset=\"https:\/\/images.iphone-ticker.de\/wp-content\/uploads\/2015\/06\/live-apple.jpg 500w, https:\/\/images.iphone-ticker.de\/wp-content\/uploads\/2015\/06\/live-apple-300x214.jpg 300w\" sizes=\"auto, (max-width: 500px) 100vw, 500px\" \/><\/a><\/p>\n<p>Zun\u00e4chst solltet ihr euch den Open-Source-Videoplayer <a href=\"http:\/\/www.videolan.org\">VLC<\/a> besorgen (iOS-App <a rel=\"noindex, nofollow\" href=\"http:\/\/www.ifun.de\/app\/650377962\">hier<\/a>). Hier w\u00e4hlt ihr dann die Option \u201eNetzwerkstream \u00f6ffnen\u201c (teils auch \u201eNetzwerk \u00f6ffnen\u201c), unter Windows findet ihr den Befehl im Men\u00fc \u201eMedien\u201c. In das Eingabefeld f\u00fcr den URL f\u00fcgt ihr <a href=\"http:\/\/p.events-delivery.apple.com.edgesuite.net\/15pijbnaefvpoijbaefvpihb06\/m3u8\/atv_mvp.m3u8\">diese Stream-Adresse<\/a> ein und los geht\u2019s.<\/p>\n<p>Sobald das Event um 19 Uhr gestartet ist, solltet ihr den Livestream auf diese Weise auch auf nicht von Apple unterst\u00fctzten Ger\u00e4ten oder in einem Videoplayer eurer Wahl mitverfolgen k\u00f6nnen.<\/p>\n","protected":false},"excerpt":{"rendered":"<a href=\"https:\/\/www.iphone-ticker.de\/apples-wwdc-keynote-livestream-fuer-windows-und-vlc-82595\/\"><img width=\"150\" height=\"150\" src=\"https:\/\/images.iphone-ticker.de\/wp-content\/uploads\/2015\/06\/wwdc-header-apple-tv-150x150.jpg\" class=\"alignright tfe wp-post-image\" alt=\"\" decoding=\"async\" loading=\"lazy\" \/><\/a><p>Auch wenn Apple die Auftakt-Keynote der diesj\u00e4hrigen Entwicklerkonferenz WWDC heute Abend offiziell nur an Apple-Ger\u00e4te wie das Apple TV und den Safari-Browser \u00fcbertr\u00e4gt, haben auch die Nutzer anderer Betriebssysteme oder iPhone-Besitzer, die sich noch auf dem Weg von der Arbeit nach Hause befinden, die M\u00f6glichkeit das Event in einem separaten Videoplayer zu verfolgen. Zun\u00e4chst solltet [&hellip;]<\/p>\n","protected":false},"author":1,"featured_media":82597,"comment_status":"open","ping_status":"closed","sticky":false,"template":"","format":"standard","meta":{"footnotes":""},"categories":[489],"tags":[3912,1458,8,105],"class_list":["post-82595","post","type-post","status-publish","format-standard","has-post-thumbnail","hentry","category-videos","tag-apple","tag-livestream","tag-video","tag-wwdc"],"aioseo_notices":[],"featured_image":["http:\/\/www.iphone-ticker.de\/wp-content\/uploads\/2015\/06\/epic.jpg"],"rest_api_enabler":{"featured_image":"http:\/\/www.iphone-ticker.de\/wp-content\/uploads\/2015\/06\/epic.jpg"},"_links":{"self":[{"href":"https:\/\/www.iphone-ticker.de\/apiv2\/wp\/v2\/posts\/82595","targetHints":{"allow":["GET"]}}],"collection":[{"href":"https:\/\/www.iphone-ticker.de\/apiv2\/wp\/v2\/posts"}],"about":[{"href":"https:\/\/www.iphone-ticker.de\/apiv2\/wp\/v2\/types\/post"}],"author":[{"embeddable":true,"href":"https:\/\/www.iphone-ticker.de\/apiv2\/wp\/v2\/users\/1"}],"replies":[{"embeddable":true,"href":"https:\/\/www.iphone-ticker.de\/apiv2\/wp\/v2\/comments?post=82595"}],"version-history":[{"count":2,"href":"https:\/\/www.iphone-ticker.de\/apiv2\/wp\/v2\/posts\/82595\/revisions"}],"predecessor-version":[{"id":82601,"href":"https:\/\/www.iphone-ticker.de\/apiv2\/wp\/v2\/posts\/82595\/revisions\/82601"}],"wp:featuredmedia":[{"embeddable":true,"href":"https:\/\/www.iphone-ticker.de\/apiv2\/wp\/v2\/media\/82597"}],"wp:attachment":[{"href":"https:\/\/www.iphone-ticker.de\/apiv2\/wp\/v2\/media?parent=82595"}],"wp:term":[{"taxonomy":"category","embeddable":true,"href":"https:\/\/www.iphone-ticker.de\/apiv2\/wp\/v2\/categories?post=82595"},{"taxonomy":"post_tag","embeddable":true,"href":"https:\/\/www.iphone-ticker.de\/apiv2\/wp\/v2\/tags?post=82595"}],"curies":[{"name":"wp","href":"https:\/\/api.w.org\/{rel}","templated":true}]}}