{"id":81940,"date":"2015-05-21T16:59:47","date_gmt":"2015-05-21T14:59:47","guid":{"rendered":"http:\/\/www.iphone-ticker.de\/?p=81940"},"modified":"2015-05-25T10:17:13","modified_gmt":"2015-05-25T08:17:13","slug":"bericht-iphone-6s-verkauf-schon-anfang-september","status":"publish","type":"post","link":"https:\/\/www.iphone-ticker.de\/bericht-iphone-6s-verkauf-schon-anfang-september-81940\/","title":{"rendered":"Bericht: iPhone 6s-Verkauf schon Anfang September"},"content":{"rendered":"<p>Zieht Apple den diesj\u00e4hrigen Start der kommenden iPhone-Generation vor? Ja, sagt Kuo Ming-chi, Marktbeobachter und Analyst des Finanzhauses KGI. Demnach soll das iPhone 6s bereits im August vorgestellt werden und schon Anfang September in den Verkauf gehen. Apple w\u00fcrde seinen Jahres-Rhythmus damit um rund einen Monat vorverlegen.<\/p>\n<p><a href=\"http:\/\/www.iphone-ticker.de\/wp-content\/uploads\/2015\/01\/fasi-500.jpg\"><img loading=\"lazy\" decoding=\"async\" class=\"aligncenter size-full wp-image-76855\" src=\"http:\/\/www.iphone-ticker.de\/wp-content\/uploads\/2015\/01\/fasi-500.jpg\" alt=\"fasi-500\" width=\"500\" height=\"343\" srcset=\"https:\/\/images.iphone-ticker.de\/wp-content\/uploads\/2015\/01\/fasi-500.jpg 500w, https:\/\/images.iphone-ticker.de\/wp-content\/uploads\/2015\/01\/fasi-500-300x206.jpg 300w\" sizes=\"auto, (max-width: 500px) 100vw, 500px\" \/><\/a><\/p>\n<h6>Bild: <a href=\"http:\/\/www.iphone-ticker.de\/iphone-7-eine-konzeptstudie-in-kupfer-76854\/\">Y. Farahi<\/a><\/h6>\n<p>Kuo Ming-chi <a href=\"http:\/\/www.chinapost.com.tw\/business\/asia-taiwan\/2015\/05\/21\/436518\/Hon-Hai.htm\">verweist<\/a> auf Quellen aus dem Umfeld des Zulieferers &#8222;Hon Hai Precision&#8220;, der in diesem Jahr etwas mehr als die H\u00e4lfte der von Apple georderten iPhone-Einheiten liefern soll. An seinen Ger\u00e4te-Prognosen h\u00e4lt der Analyst jedoch fest. Neben dem iPhone 6s mit 4,7 Zoll soll, im Verh\u00e4ltnis 2 zu 3, auch ein iPhone 6s Plus mit 5,5 Zoll-Display ausgeliefert werden .<\/p>\n<blockquote><p>The new devices are expected to hit store shelves in September and to serve as a driver of Hon Hai&#8217;s shipments and earnings for the second half of this year, helping the company climb out of the slow season in the first half, the analyst said.<\/p><\/blockquote>\n<p>Erst vor gut einer Woche hatte der Finanz-Experte mit seinen Prognosen zur technischen Ausstattung der neuen Modelle f\u00fcr <a href=\"http:\/\/www.iphone-ticker.de\/analyst-iphone-6s-mit-force-touch-in-rose-gold-kein-4-zoll-modell-81542\/\">Schlagzeilen<\/a> gesorgt. Laut Kuo werden beide Ger\u00e4te um die von der Apple Watch <a href=\"http:\/\/www.iphone-ticker.de\/force-touch-lernt-das-iphone-von-der-uhr-78264\/\">bekannten<\/a> Force Touch-Technologie erweitert &#8211; die <a href=\"http:\/\/www.iphone-ticker.de\/force-touch-erreicht-das-iphone-78694\/\">Erkennung<\/a> eines &#8222;kr\u00e4ftigen Drucks&#8220; auf den Touchscreens soll zu den gr\u00f6\u00dften Hardware-Neuerungen der n\u00e4chsten iPhone-Generation z\u00e4hlen.<\/p>\n","protected":false},"excerpt":{"rendered":"<a href=\"https:\/\/www.iphone-ticker.de\/bericht-iphone-6s-verkauf-schon-anfang-september-81940\/\"><img width=\"150\" height=\"150\" src=\"https:\/\/images.iphone-ticker.de\/wp-content\/uploads\/2015\/05\/rose-150x150.jpg\" class=\"alignright tfe wp-post-image\" alt=\"\" decoding=\"async\" loading=\"lazy\" \/><\/a><p>Zieht Apple den diesj\u00e4hrigen Start der kommenden iPhone-Generation vor? Ja, sagt Kuo Ming-chi, Marktbeobachter und Analyst des Finanzhauses KGI. Demnach soll das iPhone 6s bereits im August vorgestellt werden und schon Anfang September in den Verkauf gehen. Apple w\u00fcrde seinen Jahres-Rhythmus damit um rund einen Monat vorverlegen. Bild: Y. Farahi Kuo Ming-chi verweist auf Quellen [&hellip;]<\/p>\n","protected":false},"author":1,"featured_media":81941,"comment_status":"open","ping_status":"closed","sticky":false,"template":"","format":"standard","meta":{"footnotes":""},"categories":[6,1975],"tags":[2064,2869,3910],"class_list":["post-81940","post","type-post","status-publish","format-standard","has-post-thumbnail","hentry","category-rumors","category-feature","tag-geruechte","tag-iphone-6s","tag-rumors"],"aioseo_notices":[],"featured_image":["http:\/\/www.iphone-ticker.de\/wp-content\/uploads\/2015\/05\/rose.jpg"],"rest_api_enabler":{"featured_image":"http:\/\/www.iphone-ticker.de\/wp-content\/uploads\/2015\/05\/rose.jpg"},"_links":{"self":[{"href":"https:\/\/www.iphone-ticker.de\/apiv2\/wp\/v2\/posts\/81940","targetHints":{"allow":["GET"]}}],"collection":[{"href":"https:\/\/www.iphone-ticker.de\/apiv2\/wp\/v2\/posts"}],"about":[{"href":"https:\/\/www.iphone-ticker.de\/apiv2\/wp\/v2\/types\/post"}],"author":[{"embeddable":true,"href":"https:\/\/www.iphone-ticker.de\/apiv2\/wp\/v2\/users\/1"}],"replies":[{"embeddable":true,"href":"https:\/\/www.iphone-ticker.de\/apiv2\/wp\/v2\/comments?post=81940"}],"version-history":[{"count":2,"href":"https:\/\/www.iphone-ticker.de\/apiv2\/wp\/v2\/posts\/81940\/revisions"}],"predecessor-version":[{"id":81943,"href":"https:\/\/www.iphone-ticker.de\/apiv2\/wp\/v2\/posts\/81940\/revisions\/81943"}],"wp:featuredmedia":[{"embeddable":true,"href":"https:\/\/www.iphone-ticker.de\/apiv2\/wp\/v2\/media\/81941"}],"wp:attachment":[{"href":"https:\/\/www.iphone-ticker.de\/apiv2\/wp\/v2\/media?parent=81940"}],"wp:term":[{"taxonomy":"category","embeddable":true,"href":"https:\/\/www.iphone-ticker.de\/apiv2\/wp\/v2\/categories?post=81940"},{"taxonomy":"post_tag","embeddable":true,"href":"https:\/\/www.iphone-ticker.de\/apiv2\/wp\/v2\/tags?post=81940"}],"curies":[{"name":"wp","href":"https:\/\/api.w.org\/{rel}","templated":true}]}}