{"id":81542,"date":"2015-05-12T13:56:21","date_gmt":"2015-05-12T11:56:21","guid":{"rendered":"http:\/\/www.iphone-ticker.de\/?p=81542"},"modified":"2015-05-12T18:13:23","modified_gmt":"2015-05-12T16:13:23","slug":"analyst-iphone-6s-mit-force-touch-in-rose-gold-kein-4-zoll-modell","status":"publish","type":"post","link":"https:\/\/www.iphone-ticker.de\/analyst-iphone-6s-mit-force-touch-in-rose-gold-kein-4-zoll-modell-81542\/","title":{"rendered":"Analyst: iPhone 6s mit Force Touch, in Rose-Gold, kein 4-Zoll-Modell"},"content":{"rendered":"<p>Regelm\u00e4\u00dfige ifun.de Besucher kennen den Markt-Analytiker Ming-Chi Kuo von seinen Prognosen der vergangenen Jahre. Der Branchen-Beobachter am Finanzinstitutes <a href=\"http:\/\/www.kgi.com\/kgienhtml\/news\/413\">KGI Securities<\/a> hat mit seinen Vorhersagen \u00fcber zuk\u00fcnftige Apple-Ver\u00f6ffentlichung zwar <a href=\"http:\/\/www.iphone-ticker.de\/apples-2013-budget-iphone-im-juni-der-grose-nachfolger-2014-43844\/\">nicht immer<\/a> ins Schwarze getroffen, sollte r\u00fcckblickend aber dennoch ernst genommen werden.<\/p>\n<p><a href=\"http:\/\/www.iphone-ticker.de\/wp-content\/uploads\/2015\/01\/fasi-500.jpg\"><img loading=\"lazy\" decoding=\"async\" class=\"aligncenter size-full wp-image-76855\" src=\"http:\/\/www.iphone-ticker.de\/wp-content\/uploads\/2015\/01\/fasi-500.jpg\" alt=\"fasi-500\" width=\"500\" height=\"343\" srcset=\"https:\/\/images.iphone-ticker.de\/wp-content\/uploads\/2015\/01\/fasi-500.jpg 500w, https:\/\/images.iphone-ticker.de\/wp-content\/uploads\/2015\/01\/fasi-500-300x206.jpg 300w\" sizes=\"auto, (max-width: 500px) 100vw, 500px\" \/><\/a><\/p>\n<h6>Bild: <a href=\"http:\/\/www.iphone-ticker.de\/iphone-7-eine-konzeptstudie-in-kupfer-76854\/\">Y. Farahi<\/a><\/h6>\n<p>So skizziert Kuo in einer <a href=\"https:\/\/translate.google.com\/translate?sl=auto&amp;tl=de&amp;js=y&amp;prev=_t&amp;hl=en&amp;ie=UTF-8&amp;u=http%3A%2F%2Fwww.macrumors.com%2F2015%2F05%2F12%2Fkgi-iphone-6s-2015-predicitions%2F&amp;edit-text=\">Anlegernotiz<\/a> jetzt seine Vorhersagen f\u00fcr Apples zweites Halbjahr 2015. Ganz spezifisch geht es um das <a href=\"http:\/\/www.iphone-ticker.de\/?s=iPhone+6s\">iPhone 6s<\/a> und das iPhone 6s Plus, deren Marktstart Ende September erwartet werden.<\/p>\n<p>Laut Kuo werden beide Ger\u00e4te um die von der Apple Watch <a href=\"http:\/\/www.iphone-ticker.de\/force-touch-lernt-das-iphone-von-der-uhr-78264\/\">bekannten<\/a> Force Touch-Technologie erweitert &#8211; die <a href=\"http:\/\/www.iphone-ticker.de\/force-touch-erreicht-das-iphone-78694\/\">Erkennung<\/a> eines &#8222;kr\u00e4ftigen Drucks&#8220; auf den Touchscreens soll zu den gr\u00f6\u00dften Hardware-Neuerungen der n\u00e4chsten iPhone-Generation z\u00e4hlen.<\/p>\n<p>An der Display-Gr\u00f6\u00dfe \u00e4ndern sich vorerst <a href=\"http:\/\/www.iphone-ticker.de\/geruecht-3-neue-iphones-in-diesem-jahr-6c-mit-mehr-speicher-touch-id-und-nfc-79430\/\">nichts<\/a>. Auch die &#8222;s&#8220;-Modelle werden in zwei Geschmacksrichtungen mit Gr\u00f6\u00dfen von 4,7 und 5,5 Zoll angeboten &#8211; ein Upgrade des kleineren 4-Zoll-Modells soll nicht vorgesehen sein.<\/p>\n<p>Die iPhone-Kamera soll (auf wahrscheinlich 12MP) aufgewertet werden, zudem sei davon auszugehen, dass Apple die Auswahl der Geh\u00e4usefarben um Rose-Gold erg\u00e4nzen wird. Prozessor: A9 mit einem Upgrade auf 2GB LPDDR4.<\/p>\n<p>Lau Kuo soll die Massenfertigung der neuen iPhone-Modelle Ende August in einem Verh\u00e4ltnis von 2 (iPhone 6s) zu 1 (iPhone 6 s Plus) starten.<\/p>\n","protected":false},"excerpt":{"rendered":"<a href=\"https:\/\/www.iphone-ticker.de\/analyst-iphone-6s-mit-force-touch-in-rose-gold-kein-4-zoll-modell-81542\/\"><img decoding=\"async\" width=\"150\" src=\"http:\/\/www.iphone-ticker.de\/wp-content\/uploads\/2015\/01\/fasi-500.jpg\" class=\"alignright wp-post-image tfe\" alt=\"fasi-500\" title=\"\" \/><\/a><p>Regelm\u00e4\u00dfige ifun.de Besucher kennen den Markt-Analytiker Ming-Chi Kuo von seinen Prognosen der vergangenen Jahre. Der Branchen-Beobachter am Finanzinstitutes KGI Securities hat mit seinen Vorhersagen \u00fcber zuk\u00fcnftige Apple-Ver\u00f6ffentlichung zwar nicht immer ins Schwarze getroffen, sollte r\u00fcckblickend aber dennoch ernst genommen werden. Bild: Y. Farahi So skizziert Kuo in einer Anlegernotiz jetzt seine Vorhersagen f\u00fcr Apples zweites [&hellip;]<\/p>\n","protected":false},"author":1,"featured_media":0,"comment_status":"open","ping_status":"closed","sticky":false,"template":"","format":"standard","meta":{"footnotes":""},"categories":[749,1975],"tags":[2999,2064,2869,3910],"class_list":["post-81542","post","type-post","status-publish","format-standard","hentry","category-iphone-2","category-feature","tag-2999","tag-geruechte","tag-iphone-6s","tag-rumors"],"aioseo_notices":[],"featured_image":["http:\/\/www.iphone-ticker.de\/wp-content\/uploads\/2015\/01\/fasi-f.jpg"],"rest_api_enabler":{"featured_image":"http:\/\/www.iphone-ticker.de\/wp-content\/uploads\/2015\/01\/fasi-f.jpg"},"_links":{"self":[{"href":"https:\/\/www.iphone-ticker.de\/apiv2\/wp\/v2\/posts\/81542","targetHints":{"allow":["GET"]}}],"collection":[{"href":"https:\/\/www.iphone-ticker.de\/apiv2\/wp\/v2\/posts"}],"about":[{"href":"https:\/\/www.iphone-ticker.de\/apiv2\/wp\/v2\/types\/post"}],"author":[{"embeddable":true,"href":"https:\/\/www.iphone-ticker.de\/apiv2\/wp\/v2\/users\/1"}],"replies":[{"embeddable":true,"href":"https:\/\/www.iphone-ticker.de\/apiv2\/wp\/v2\/comments?post=81542"}],"version-history":[{"count":2,"href":"https:\/\/www.iphone-ticker.de\/apiv2\/wp\/v2\/posts\/81542\/revisions"}],"predecessor-version":[{"id":81559,"href":"https:\/\/www.iphone-ticker.de\/apiv2\/wp\/v2\/posts\/81542\/revisions\/81559"}],"wp:attachment":[{"href":"https:\/\/www.iphone-ticker.de\/apiv2\/wp\/v2\/media?parent=81542"}],"wp:term":[{"taxonomy":"category","embeddable":true,"href":"https:\/\/www.iphone-ticker.de\/apiv2\/wp\/v2\/categories?post=81542"},{"taxonomy":"post_tag","embeddable":true,"href":"https:\/\/www.iphone-ticker.de\/apiv2\/wp\/v2\/tags?post=81542"}],"curies":[{"name":"wp","href":"https:\/\/api.w.org\/{rel}","templated":true}]}}