{"id":80903,"date":"2015-04-28T11:49:33","date_gmt":"2015-04-28T09:49:33","guid":{"rendered":"http:\/\/www.iphone-ticker.de\/?p=80903"},"modified":"2015-04-28T11:49:44","modified_gmt":"2015-04-28T09:49:44","slug":"facebooks-videoanrufe-vorerst-nicht-in-deutschland","status":"publish","type":"post","link":"https:\/\/www.iphone-ticker.de\/facebooks-videoanrufe-vorerst-nicht-in-deutschland-80903\/","title":{"rendered":"Videoanrufe im Facebook Messenger: Vorerst nicht in Deutschland"},"content":{"rendered":"<p>Mit 600 Millionen aktiven Nutzern z\u00e4hlt der <a rel=\"noindex, nofollow\" href=\"http:\/\/www.ifun.de\/app\/454638411\">Facebook Messenger<\/a> knapp 200 Millionen Anwender <a href=\"http:\/\/www.iphone-ticker.de\/kurz-notiert-whatsapp-meilenstein-ios-8-4-jailbreak-80424\/\">weniger<\/a> als die WhatsApp. Ein massiver Unterschied in absoluten Zahlen, mit Blick auf die Zahlen der Mitbewerber jedoch eine fast schon marginale Different.<\/p>\n<p> <a href=\"http:\/\/www.iphone-ticker.de\/wp-content\/uploads\/2015\/04\/video.jpg\"><img loading=\"lazy\" decoding=\"async\" src=\"http:\/\/www.iphone-ticker.de\/wp-content\/uploads\/2015\/04\/video.jpg\" alt=\"video\" width=\"500\" height=\"463\" class=\"aligncenter size-full wp-image-80904\" srcset=\"https:\/\/images.iphone-ticker.de\/wp-content\/uploads\/2015\/04\/video.jpg 500w, https:\/\/images.iphone-ticker.de\/wp-content\/uploads\/2015\/04\/video-300x278.jpg 300w\" sizes=\"auto, (max-width: 500px) 100vw, 500px\" \/><\/a><\/p>\n<p>Und der Unterschied d\u00fcrfte weiter schrumpfen: So arbeitet Facebook derzeit verst\u00e4rkt an Argumenten f\u00fcr den Einsatz des offiziellen Messengers und liefert jetzt <a href=\"http:\/\/newsroom.fb.com\/news\/2015\/04\/introducing-video-calling-in-messenger\/\">eine Funktion<\/a> zum Absetzen von Videoanrufen nach, die den Messenger auf Augenh\u00f6he mit Microsofts Skype bzw. Apples FaceTime bef\u00f6rdern sollen. <\/p>\n<p>Schade: Momentan lassen sich die Videoanrufe hierzulande noch nicht initiieren. So startet die &#8222;Video Calling&#8220;-Option vorerst nur in Belgien, Kanada, Kroatien, D\u00e4nemark, Frankreich, Griechenland, Irland, Laos, Litauen, Mexico, Nigeria, Norwegen, im Oman, in Polen, in Portugal, im vereinigen K\u00f6nigreich, in den USA und in Uruguay. Zus\u00e4tzliche Regionen sollen erst in den &#8222;kommenden Monaten&#8220; folgen. <\/p>\n<p>Die Anrufe lassen sich zwischen iOS und Android aufbauen und erg\u00e4nzen die zuletzt <a href=\"http:\/\/www.iphone-ticker.de\/facebook-wird-zur-bank-nutzer-uebernehmen-die-messenger-akquise-79022\/\">eingef\u00fchrte<\/a> Bezahl-Funktion des Messengers. <\/p>\n<blockquote><p>Video calling in Messenger is available for calls made from a mobile phone to another mobile phone, even if one person is on iOS and the other person is on an Android device.<\/p><\/blockquote>\n<p><div class=\"responsive-video\"><iframe loading=\"lazy\" src=\"https:\/\/player.vimeo.com\/video\/125994315?title=0&#038;byline=0&#038;portrait=0\" width=\"700\" height=\"393\" frameborder=\"0\" webkitallowfullscreen mozallowfullscreen allowfullscreen><\/iframe><\/div><\/p>\n<div id=\"article-single-app-preview\">\n<div id=\"article-single-app-preview-icon\"><img loading=\"lazy\" decoding=\"async\" src=\"https:\/\/www.iphone-ticker.de\/wp-content\/plugins\/appstore-lookup\/timthumb.php?src=http:\/\/placekitten.com\/57\/57&zc=0&amp;w=72&amp;q=80\"  alt=\"App Icon\"  height=\"72\" width=\"72\" class=\"asl-icon-img\" \/><\/div>\n<div id=\"article-single-app-preview-desc\"><span class=\"name\">App Not Found<\/span><br \/>\n<span class=\"seller\">Seller Not Found<\/span><\/div>\n<a href=\"http:\/\/www.ifun.de\/app\/454638411\"><div id=\"article-single-app-preview-download\">Free<br \/>\n<span class=\"size\">19.73MB<\/span><\/div><\/a>\n<\/div>\n","protected":false},"excerpt":{"rendered":"<a href=\"https:\/\/www.iphone-ticker.de\/facebooks-videoanrufe-vorerst-nicht-in-deutschland-80903\/\"><img width=\"150\" height=\"150\" src=\"https:\/\/images.iphone-ticker.de\/wp-content\/uploads\/2015\/04\/face1-150x150.jpg\" class=\"alignright tfe wp-post-image\" alt=\"\" decoding=\"async\" loading=\"lazy\" \/><\/a><p>Mit 600 Millionen aktiven Nutzern z\u00e4hlt der Facebook Messenger knapp 200 Millionen Anwender weniger als die WhatsApp. Ein massiver Unterschied in absoluten Zahlen, mit Blick auf die Zahlen der Mitbewerber jedoch eine fast schon marginale Different. Und der Unterschied d\u00fcrfte weiter schrumpfen: So arbeitet Facebook derzeit verst\u00e4rkt an Argumenten f\u00fcr den Einsatz des offiziellen Messengers [&hellip;]<\/p>\n","protected":false},"author":1,"featured_media":80905,"comment_status":"open","ping_status":"closed","sticky":false,"template":"","format":"standard","meta":{"footnotes":""},"categories":[489],"tags":[455,235,115,621],"class_list":["post-80903","post","type-post","status-publish","format-standard","has-post-thumbnail","hentry","category-videos","tag-facebook","tag-messenger","tag-update","tag-videochat"],"aioseo_notices":[],"featured_image":["http:\/\/www.iphone-ticker.de\/wp-content\/uploads\/2015\/04\/face1.jpg"],"rest_api_enabler":{"featured_image":"http:\/\/www.iphone-ticker.de\/wp-content\/uploads\/2015\/04\/face1.jpg"},"_links":{"self":[{"href":"https:\/\/www.iphone-ticker.de\/apiv2\/wp\/v2\/posts\/80903","targetHints":{"allow":["GET"]}}],"collection":[{"href":"https:\/\/www.iphone-ticker.de\/apiv2\/wp\/v2\/posts"}],"about":[{"href":"https:\/\/www.iphone-ticker.de\/apiv2\/wp\/v2\/types\/post"}],"author":[{"embeddable":true,"href":"https:\/\/www.iphone-ticker.de\/apiv2\/wp\/v2\/users\/1"}],"replies":[{"embeddable":true,"href":"https:\/\/www.iphone-ticker.de\/apiv2\/wp\/v2\/comments?post=80903"}],"version-history":[{"count":2,"href":"https:\/\/www.iphone-ticker.de\/apiv2\/wp\/v2\/posts\/80903\/revisions"}],"predecessor-version":[{"id":80907,"href":"https:\/\/www.iphone-ticker.de\/apiv2\/wp\/v2\/posts\/80903\/revisions\/80907"}],"wp:featuredmedia":[{"embeddable":true,"href":"https:\/\/www.iphone-ticker.de\/apiv2\/wp\/v2\/media\/80905"}],"wp:attachment":[{"href":"https:\/\/www.iphone-ticker.de\/apiv2\/wp\/v2\/media?parent=80903"}],"wp:term":[{"taxonomy":"category","embeddable":true,"href":"https:\/\/www.iphone-ticker.de\/apiv2\/wp\/v2\/categories?post=80903"},{"taxonomy":"post_tag","embeddable":true,"href":"https:\/\/www.iphone-ticker.de\/apiv2\/wp\/v2\/tags?post=80903"}],"curies":[{"name":"wp","href":"https:\/\/api.w.org\/{rel}","templated":true}]}}