{"id":80535,"date":"2015-04-21T17:47:39","date_gmt":"2015-04-21T15:47:39","guid":{"rendered":"http:\/\/www.iphone-ticker.de\/?p=80535"},"modified":"2015-04-21T17:49:30","modified_gmt":"2015-04-21T15:49:30","slug":"berliner-design-shop-verkauft-apple-watch-ab-freitag-apple-bucht-ab","status":"publish","type":"post","link":"https:\/\/www.iphone-ticker.de\/berliner-design-shop-verkauft-apple-watch-ab-freitag-apple-bucht-ab-80535\/","title":{"rendered":"Berliner Design-Shop verkauft Apple Watch ab Freitag &#8211; Apple bucht ab"},"content":{"rendered":"<p>W\u00e4hrend Apple zur Stunde die Konten der fr\u00fchen Apple Watch-Vorbesteller belastet und f\u00fcr eine Flut an E-Mails wie etwa der folgenden Zuschrift von Michael in unserer Inbox sorgt, k\u00f6nnten Fr\u00fchaufsteher am Freitag doch noch die Chance auf einen Laden-Kauf haben.<\/p>\n<p><a href=\"http:\/\/www.iphone-ticker.de\/wp-content\/uploads\/2015\/04\/watch2.jpg\"><img loading=\"lazy\" decoding=\"async\" src=\"http:\/\/www.iphone-ticker.de\/wp-content\/uploads\/2015\/04\/watch2.jpg\" alt=\"watch\" width=\"500\" height=\"246\" class=\"aligncenter size-full wp-image-80542\" srcset=\"https:\/\/images.iphone-ticker.de\/wp-content\/uploads\/2015\/04\/watch2.jpg 500w, https:\/\/images.iphone-ticker.de\/wp-content\/uploads\/2015\/04\/watch2-300x148.jpg 300w\" sizes=\"auto, (max-width: 500px) 100vw, 500px\" \/><\/a><\/p>\n<h6>Apple belastet die Konten der fr\u00fchen Besteller<\/h6>\n<p>Michael schreibt: <\/p>\n<blockquote><p>Nur mal so als Hinweis, Apple hat gerade meine Kreditkarte f\u00fcr die Apple Watch Sports mit blauem Band 38mm f\u00fcr meine Frau belastet. Die angegebene Lieferzeit ist\/war 24.04-08.05., Status ist aber immer noch &#8222;Bestellung wird bearbeitet&#8220;. Ich habe von AMEX eine SMS-Benachrichtigung bekommen, dabei kann es sich allerdings auch nur um die Reservierung des Betrags handeln. W\u00e4re allerdings ungew\u00f6hnlich, machen normalerweise nur Hotels und Mietwagenfirmen. Ich bin mir auch nicht sicher, ob der Handel \u00fcberhaupt Betr\u00e4ge reservieren kann.<\/p><\/blockquote>\n<h2>Direkt zum Mitnehmen<\/h2>\n<p>Bereits wenige Minuten nach dem Vorbestellungsstart am 10. April sahen sich kaufwillige Besucher des Apple Online-Store mit langen Lieferzeiten konfrontiert. Der Kauf \u201ezum Mitnehmen\u201c ist in den Apple-Ladengesch\u00e4ften rund um den Globus vorerst gar nicht m\u00f6glich, fr\u00fchestens <a href=\"http:\/\/www.iphone-ticker.de\/apple-memo-apple-watch-erst-ab-juni-in-den-filialen-zu-haben-80324\/\">im Juni<\/a> soll eine solche Option eingef\u00fchrt werden. Wer partout nicht so lange warten will, hat allerdings am Freitag in Berlin die M\u00f6glichkeit, eine Apple Watch direkt zu ergattern.<\/p>\n<p><img loading=\"lazy\" decoding=\"async\" class=\"alignnone size-full wp-image-80537\" src=\"http:\/\/www.iphone-ticker.de\/wp-content\/uploads\/2015\/04\/apple-watch-corner.jpg\" alt=\"apple-watch-corner\" width=\"500\" height=\"340\" srcset=\"https:\/\/images.iphone-ticker.de\/wp-content\/uploads\/2015\/04\/apple-watch-corner.jpg 500w, https:\/\/images.iphone-ticker.de\/wp-content\/uploads\/2015\/04\/apple-watch-corner-300x204.jpg 300w\" sizes=\"auto, (max-width: 500px) 100vw, 500px\" \/><\/p>\n<p>Der Design-Store <a href=\"http:\/\/www.thecornerberlin.de\">The Corner<\/a> bietet die Apple Watch vom 24. April an hochoffiziell in seiner Berliner Filiale in der Franz\u00f6sischen Stra\u00dfe an. Wie uns ifun-Leser Strunki mitteilt, wurde ihm dies telefonisch auch best\u00e4tigt. Zudem hat Apple diese M\u00f6glichkeit des Kaufes bereits bei der Vorstellung der Uhr am 9. M\u00e4rz <a href=\"http:\/\/www.ifun.de\/apple-watch-anprobe-und-verkauf-bei-apple-und-in-speziellen-shop-in-shop-stores-74154\/\">beworben<\/a>:<\/p>\n<blockquote><p>Apple Watch wird zum Kauf am 24. April bei diesen ausgew\u00e4hlten Shop-in-Shop-Stores und Boutiquen in Metropolen auf der ganzen Welt, einschlie\u00dflich colette in Paris, Dover Street Market in London und Tokio, Maxfield in Los Angeles und bei The Corner in Berlin erh\u00e4ltlich sein.<\/p><\/blockquote>\n<p>Nachdem es sich hier allem Anschein nach um die einzige M\u00f6glichkeit handelt, die Apple Watch in Deutschland direkt zur Mitnahme zu erwerben, d\u00fcrfte der Andrang am Freitag entsprechend gro\u00df sein. Somit w\u00fcrde es nicht \u00fcberraschen, wenn dort wie <a href=\"http:\/\/www.mac4ever.com\/actu\/100290_l-apple-watch-est-en-vente-chez-colette\">bei Colette<\/a> in Paris (danke <a href=\"http:\/\/www.iculture.nl\">Gonny<\/a>) nur mit Vorbestellungen gearbeitet wird. Falls ihr also mit dem Gedanken spielt, euch am Freitag in Berlin anzustellen, solltet ihr euch die Verf\u00fcgbarkeit vielleicht vorab kurz telefonisch best\u00e4tigen lassen.<\/p>\n<p><img loading=\"lazy\" decoding=\"async\" class=\"alignnone size-full wp-image-80539\" src=\"http:\/\/www.iphone-ticker.de\/wp-content\/uploads\/2015\/04\/collette.jpg\" alt=\"collette\" width=\"700\" height=\"758\" srcset=\"https:\/\/images.iphone-ticker.de\/wp-content\/uploads\/2015\/04\/collette.jpg 700w, https:\/\/images.iphone-ticker.de\/wp-content\/uploads\/2015\/04\/collette-277x300.jpg 277w\" sizes=\"auto, (max-width: 700px) 100vw, 700px\" \/><\/p>\n<h6>(Bild: <a href=\"http:\/\/www.mac4ever.com\/actu\/100290_l-apple-watch-est-en-vente-chez-colette\">Mac4Ever.fr<\/a>)<\/h6>\n","protected":false},"excerpt":{"rendered":"<a href=\"https:\/\/www.iphone-ticker.de\/berliner-design-shop-verkauft-apple-watch-ab-freitag-apple-bucht-ab-80535\/\"><img width=\"150\" height=\"150\" src=\"https:\/\/images.iphone-ticker.de\/wp-content\/uploads\/2015\/04\/corner-berlin-header-150x150.jpg\" class=\"alignright tfe wp-post-image\" alt=\"\" decoding=\"async\" loading=\"lazy\" \/><\/a><p>W\u00e4hrend Apple zur Stunde die Konten der fr\u00fchen Apple Watch-Vorbesteller belastet und f\u00fcr eine Flut an E-Mails wie etwa der folgenden Zuschrift von Michael in unserer Inbox sorgt, k\u00f6nnten Fr\u00fchaufsteher am Freitag doch noch die Chance auf einen Laden-Kauf haben. Apple belastet die Konten der fr\u00fchen Besteller Michael schreibt: Nur mal so als Hinweis, Apple [&hellip;]<\/p>\n","protected":false},"author":2,"featured_media":80536,"comment_status":"open","ping_status":"closed","sticky":false,"template":"","format":"standard","meta":{"footnotes":""},"categories":[14],"tags":[2759,319],"class_list":["post-80535","post","type-post","status-publish","format-standard","has-post-thumbnail","hentry","category-apple","tag-apple-watch","tag-berlin"],"aioseo_notices":[],"featured_image":["http:\/\/www.iphone-ticker.de\/wp-content\/uploads\/2015\/04\/corner-berlin-header.jpg"],"subheadline":["Zum Mitnehmen:"],"rest_api_enabler":{"featured_image":"http:\/\/www.iphone-ticker.de\/wp-content\/uploads\/2015\/04\/corner-berlin-header.jpg","subheadline":"Zum Mitnehmen:"},"_links":{"self":[{"href":"https:\/\/www.iphone-ticker.de\/apiv2\/wp\/v2\/posts\/80535","targetHints":{"allow":["GET"]}}],"collection":[{"href":"https:\/\/www.iphone-ticker.de\/apiv2\/wp\/v2\/posts"}],"about":[{"href":"https:\/\/www.iphone-ticker.de\/apiv2\/wp\/v2\/types\/post"}],"author":[{"embeddable":true,"href":"https:\/\/www.iphone-ticker.de\/apiv2\/wp\/v2\/users\/2"}],"replies":[{"embeddable":true,"href":"https:\/\/www.iphone-ticker.de\/apiv2\/wp\/v2\/comments?post=80535"}],"version-history":[{"count":5,"href":"https:\/\/www.iphone-ticker.de\/apiv2\/wp\/v2\/posts\/80535\/revisions"}],"predecessor-version":[{"id":80544,"href":"https:\/\/www.iphone-ticker.de\/apiv2\/wp\/v2\/posts\/80535\/revisions\/80544"}],"wp:featuredmedia":[{"embeddable":true,"href":"https:\/\/www.iphone-ticker.de\/apiv2\/wp\/v2\/media\/80536"}],"wp:attachment":[{"href":"https:\/\/www.iphone-ticker.de\/apiv2\/wp\/v2\/media?parent=80535"}],"wp:term":[{"taxonomy":"category","embeddable":true,"href":"https:\/\/www.iphone-ticker.de\/apiv2\/wp\/v2\/categories?post=80535"},{"taxonomy":"post_tag","embeddable":true,"href":"https:\/\/www.iphone-ticker.de\/apiv2\/wp\/v2\/tags?post=80535"}],"curies":[{"name":"wp","href":"https:\/\/api.w.org\/{rel}","templated":true}]}}