{"id":80324,"date":"2015-04-16T13:19:10","date_gmt":"2015-04-16T11:19:10","guid":{"rendered":"http:\/\/www.iphone-ticker.de\/?p=80324"},"modified":"2015-04-16T16:52:46","modified_gmt":"2015-04-16T14:52:46","slug":"apple-memo-apple-watch-erst-ab-juni-in-den-filialen-zu-haben","status":"publish","type":"post","link":"https:\/\/www.iphone-ticker.de\/apple-memo-apple-watch-erst-ab-juni-in-den-filialen-zu-haben-80324\/","title":{"rendered":"Apple-Memo: Apple Watch erst ab Juni in den Filialen zu haben"},"content":{"rendered":"<p>In einem Mitarbeiter-Memo an die eigene Belegschaft hat sich Angela Ahrendts, in Cupertino als Senior Vice President Retail und Online Stores aktiv, heute <a href=\"http:\/\/www.iphone-ticker.de\/nur-eine-apple-watch-pro-person-mitarbeiter-sollen-zum-online-kauf-auffordern-79876\/\">erneut<\/a> zu Wort gemeldet und geht in ihrem Rundbrief an die Apple Store-Belegschaften auf den Vorverkaufsstart der Apple Watch ein. <\/p>\n<p><a href=\"http:\/\/www.iphone-ticker.de\/wp-content\/uploads\/2015\/04\/angelika.jpg\"><img loading=\"lazy\" decoding=\"async\" src=\"http:\/\/www.iphone-ticker.de\/wp-content\/uploads\/2015\/04\/angelika.jpg\" alt=\"angelika\" width=\"500\" height=\"367\" class=\"aligncenter size-full wp-image-80325\" srcset=\"https:\/\/images.iphone-ticker.de\/wp-content\/uploads\/2015\/04\/angelika.jpg 500w, https:\/\/images.iphone-ticker.de\/wp-content\/uploads\/2015\/04\/angelika-300x220.jpg 300w\" sizes=\"auto, (max-width: 500px) 100vw, 500px\" \/><\/a><\/p>\n<p>Von der franz\u00f6sischen Webseite igen.fr <a href=\"http:\/\/www.igen.fr\/apple-watch\/2015\/04\/angela-ahrendts-pas-ou-peu-dapple-watch-en-boutique-le-24-avril-90785\">ver\u00f6ffentlicht<\/a>, startet das unten abgedruckte Schreiben auf einer positiven Note: Das Kunden-Feedback zur Apple Watch sei \u00fcberragend ausgefallen, die Begeisterung \u00fcberwiegt deutlich. <\/p>\n<p>Wie vorgesehen sollen die Apple Watch-Kunden bereits am kommenden Freitag beliefert werden. In den Filialen jedoch h\u00e4lt Apples Chefetage seine Mitarbeiter noch immer dazu an auf die Bestellm\u00f6glichkeit im Internet zu verweisen. Aktuell geht Ahrendts sogar davon aus, noch den ganzen Mai \u00fcber keine &#8222;walk-in purchases&#8220; anbieten zu k\u00f6nnen. <\/p>\n<p><strong>Zuk\u00fcnftige Produkte sollen wieder &#8222;in alter Manier&#8220; starten<\/strong><\/p>\n<p>Und auch die zweite H\u00e4lfte des Schreibens ist interessant. So geht Ahrendts auf die Umstellung der Produkt-Markteinf\u00fchrung zum Launch der Apple Watch ein. Anders als fast alle bisherigen Apple-Produkte startete diese nicht mit einem festen Verkaufstermin in den Markt, sondern wurde nur &#8222;zum Anprobieren&#8220; ausgelegt. Statt Schlangen vor den Apple-Filialen, sammelten sich interessierte Kunden vor den Apple Online Stores. Eine Neuausrichtung, die von kritischen Beobachtern als defensive Strategie Apples <a href=\"http:\/\/www.iphone-ticker.de\/apples-angst-vor-dem-24-april-79885\/\" title=\"Apples Angst vor dem 24. April\">gewertet wurde<\/a>: Mit dem ausschlie\u00dflichen Fokus auf den Online-Verkauf erkl\u00e4rte Apple schon vor dem Apple Watch-Verkaufsstarts, warum die Schlangen diesmal deutlich k\u00fcrzer ausfallen w\u00fcrden und sicherte sich so nach allen Seiten ab. <\/p>\n<p>Zuk\u00fcnftig jedoch sollen die Launch-Events wieder in alter Manier stattfinden. <\/p>\n<blockquote><p>Are we going to launch every product this way from now on? No. We all love those blockbuster Apple product launch days\u2014and there will be many more to come. They\u2019re the moments where you, our teams, shine. And our customers love them as well!<\/p><\/blockquote>\n<h2>Das komplette Mitarbeiter-Memo:<\/h2>\n<blockquote><p>Team,<\/p>\n<p>On behalf of Tim and the rest of the executive team, I want to thank you very much for making last Friday\u2019s debut of Apple Watch unforgettable. The Previews going on in our stores and support from our Contact Centers are unlike anything we have done before.<\/p>\n<p>The feedback from customers is overwhelmingly positive. They are excited about Apple Watch, and your teams are creating fantastic experiences for them. Customers who pre-ordered will start receiving deliveries next Friday as planned, and I know you will do a great job helping them get set up.<\/p>\n<p>Many of you have been getting questions asking if we will have the watch available in stores on April 24 for walk-in purchases. As we announced last week, due to high global interest combined with our initial supply, we are only taking orders online right now. I\u2019ll have more updates as we get closer to in-store availability, but we expect this to continue through the month of May. It has not been an easy decision, and I want to share with you the thinking behind it.<\/p>\n<p>It\u2019s important to remember that Apple Watch is not just a new product but an entirely new category for us. There\u2019s never been anything quite like it. To deliver the kind of service our customers have come to expect\u2014and that we expect from ourselves\u2014we designed a completely new approach. That\u2019s why, for the first time, we are previewing a new product in our stores before it has started shipping.<\/p>\n<p>Apple Watch is also our most personal product yet, with multiple case and band options because it\u2019s an object of self-expression. Given the high interest and initial supply at launch, we will be able to get customers the model they want earlier and faster by taking orders online.<\/p>\n<p>I know this is a different experience for our customers, and a change for you as well. Are we going to launch every product this way from now on? No. We all love those blockbuster Apple product launch days\u2014and there will be many more to come. They\u2019re the moments where you, our teams, shine. And our customers love them as well!<\/p>\n<p>Apple Watch is an exciting new product and we are at the start of a very exciting time at Apple. You\u2019re the best team on earth and you are doing an amazing job.<\/p>\n<p>For customers who want to buy a watch, please continue to help them place their order online. Also make sure they know that, wherever they buy, Apple will provide them with a great Personal Setup experience \u2014 either online or in our stores. This includes syncing their Apple Watch with their iPhone and teaching them about all the incredible features of their new Apple Watch.<\/p>\n<p>Thank you very much again, and I look forward to seeing you soon.<\/p><\/blockquote>\n","protected":false},"excerpt":{"rendered":"<a href=\"https:\/\/www.iphone-ticker.de\/apple-memo-apple-watch-erst-ab-juni-in-den-filialen-zu-haben-80324\/\"><img width=\"150\" height=\"150\" src=\"https:\/\/images.iphone-ticker.de\/wp-content\/uploads\/2015\/04\/angelika-150x150.jpg\" class=\"alignright tfe wp-post-image\" alt=\"\" decoding=\"async\" loading=\"lazy\" \/><\/a><p>In einem Mitarbeiter-Memo an die eigene Belegschaft hat sich Angela Ahrendts, in Cupertino als Senior Vice President Retail und Online Stores aktiv, heute erneut zu Wort gemeldet und geht in ihrem Rundbrief an die Apple Store-Belegschaften auf den Vorverkaufsstart der Apple Watch ein. Von der franz\u00f6sischen Webseite igen.fr ver\u00f6ffentlicht, startet das unten abgedruckte Schreiben auf [&hellip;]<\/p>\n","protected":false},"author":1,"featured_media":80325,"comment_status":"open","ping_status":"closed","sticky":false,"template":"","format":"standard","meta":{"footnotes":""},"categories":[14,1975],"tags":[3912],"class_list":["post-80324","post","type-post","status-publish","format-standard","has-post-thumbnail","hentry","category-apple","category-feature","tag-apple"],"aioseo_notices":[],"featured_image":["http:\/\/www.iphone-ticker.de\/wp-content\/uploads\/2015\/04\/watch-this.jpg"],"rest_api_enabler":{"featured_image":"http:\/\/www.iphone-ticker.de\/wp-content\/uploads\/2015\/04\/watch-this.jpg"},"_links":{"self":[{"href":"https:\/\/www.iphone-ticker.de\/apiv2\/wp\/v2\/posts\/80324","targetHints":{"allow":["GET"]}}],"collection":[{"href":"https:\/\/www.iphone-ticker.de\/apiv2\/wp\/v2\/posts"}],"about":[{"href":"https:\/\/www.iphone-ticker.de\/apiv2\/wp\/v2\/types\/post"}],"author":[{"embeddable":true,"href":"https:\/\/www.iphone-ticker.de\/apiv2\/wp\/v2\/users\/1"}],"replies":[{"embeddable":true,"href":"https:\/\/www.iphone-ticker.de\/apiv2\/wp\/v2\/comments?post=80324"}],"version-history":[{"count":3,"href":"https:\/\/www.iphone-ticker.de\/apiv2\/wp\/v2\/posts\/80324\/revisions"}],"predecessor-version":[{"id":80342,"href":"https:\/\/www.iphone-ticker.de\/apiv2\/wp\/v2\/posts\/80324\/revisions\/80342"}],"wp:featuredmedia":[{"embeddable":true,"href":"https:\/\/www.iphone-ticker.de\/apiv2\/wp\/v2\/media\/80325"}],"wp:attachment":[{"href":"https:\/\/www.iphone-ticker.de\/apiv2\/wp\/v2\/media?parent=80324"}],"wp:term":[{"taxonomy":"category","embeddable":true,"href":"https:\/\/www.iphone-ticker.de\/apiv2\/wp\/v2\/categories?post=80324"},{"taxonomy":"post_tag","embeddable":true,"href":"https:\/\/www.iphone-ticker.de\/apiv2\/wp\/v2\/tags?post=80324"}],"curies":[{"name":"wp","href":"https:\/\/api.w.org\/{rel}","templated":true}]}}