{"id":79902,"date":"2015-04-08T10:41:46","date_gmt":"2015-04-08T08:41:46","guid":{"rendered":"http:\/\/www.iphone-ticker.de\/?p=79902"},"modified":"2015-04-08T11:29:48","modified_gmt":"2015-04-08T09:29:48","slug":"o2-und-e-plus-mit-gemeinsamen-netz-netzbetreiber-updates-fuer-discount-provider","status":"publish","type":"post","link":"https:\/\/www.iphone-ticker.de\/o2-und-e-plus-mit-gemeinsamen-netz-netzbetreiber-updates-fuer-discount-provider-79902\/","title":{"rendered":"o2 und E-Plus mit einem Netz: Netzbetreiber-Updates f\u00fcr Discount-Provider"},"content":{"rendered":"<p>Mit den Zusammenschluss der bislang getrennt betriebenen Mobilfunknetze von o2 und E-Plus haben wir uns bereits gestern <a href=\"http:\/\/www.iphone-ticker.de\/o2de-die-netz-zusammenlegung-zeigt-sich-79841\/\" title=\"o2de+ Die Netz-Zusammenlegung zeigt sich\">auseinandergesetzt<\/a>: Bis Mitte April soll die im M\u00e4rz angek\u00fcndigte und jetzt aktiv vollzogene Zusammenlegung der Infrastrukturen abgeschlossen sein. Bestandskunden d\u00fcrfen sich \u00fcber eine bessere Abdeckung und mehr Performance freuen. <\/p>\n<p><a href=\"http:\/\/www.iphone-ticker.de\/wp-content\/uploads\/2015\/04\/update.jpg\"><img loading=\"lazy\" decoding=\"async\" src=\"http:\/\/www.iphone-ticker.de\/wp-content\/uploads\/2015\/04\/update.jpg\" alt=\"update\" width=\"500\" height=\"278\" class=\"aligncenter size-full wp-image-79903\" srcset=\"https:\/\/images.iphone-ticker.de\/wp-content\/uploads\/2015\/04\/update.jpg 500w, https:\/\/images.iphone-ticker.de\/wp-content\/uploads\/2015\/04\/update-300x167.jpg 300w\" sizes=\"auto, (max-width: 500px) 100vw, 500px\" \/><\/a><\/p>\n<p>Auf Mobilger\u00e4ten mit entsprechenden SIM-Karten blenden betroffene iPhones inzwischen ein neues Netzbetreiber-Logo ein und informiert mit dem Schriftzug \u201co2de+\u201d \u00fcber eine Funkverbindung innerhalb des nunmehr gemeinsam betriebenen Mobilfunknetzes.<\/p>\n<p>Mit dem zunehmenden Ausbau kl\u00e4rt sich auch eine bislang noch offene Frage: Ja, auch die Wiederverk\u00e4ufer und SIM-Discounter profitieren direkt zum Start des gemeinsamen Netzes von der neuen Strahlkraft. <\/p>\n<p>Unter anderem schreibt ifun.de-Leser Andr\u00e9: <\/p>\n<blockquote><p>Hallo ifun-Team ich habe noch einen Nachtrag zum Thema O2\/Eplus. Beim Handy meines Sohnes erscheint seit heute Nachmittag oben beim Provider &#8222;netzclub+&#8220; und statt nur &#8222;E&#8220; hat er jetzt 3G Gerade kam dann die Meldung, das ein &#8222;Update der Netzbetreiber-Einstellungen&#8220; verf\u00fcgbar ist. In den Einstellungen ist jetzt &#8222;o2-de 18.0&#8220; gelistet. Kurzum die Verschmelzung von o2 und Eplus betrifft also auch Tochterunternehmen.<\/p><\/blockquote>\n<p><a href=\"http:\/\/www.iphone-ticker.de\/wp-content\/uploads\/2015\/04\/netzclub.jpg\"><img loading=\"lazy\" decoding=\"async\" src=\"http:\/\/www.iphone-ticker.de\/wp-content\/uploads\/2015\/04\/netzclub.jpg\" alt=\"netzclub\" width=\"640\" height=\"295\" class=\"aligncenter size-full wp-image-79904\" srcset=\"https:\/\/images.iphone-ticker.de\/wp-content\/uploads\/2015\/04\/netzclub.jpg 640w, https:\/\/images.iphone-ticker.de\/wp-content\/uploads\/2015\/04\/netzclub-300x138.jpg 300w\" sizes=\"auto, (max-width: 640px) 100vw, 640px\" \/><\/a><\/p>\n<p>Christian merkt zudem an, dass das neue Netzbetreiber-Logo nicht immer eingeblendet wird und beobachtet: <\/p>\n<blockquote><p>Hallo ifun-Team bez\u00fcglich der Zusammenlegung von o2 und E-Plus ist mir folgendes aufgefallen: Das o2de+ erscheint nur, wenn ich als o2-Nutzer im &#8222;E-Plus Netz&#8220; bin. Ansonsten springt es auf das normale o2-de um. Das hei\u00dft, man sieht als Nutzer, in welchen Netz man gerade ist und damit auch, ob die Umstellung Vorteile hat. Auf meiner Zug-Pendler-Strecke habe ich jetzt zum Beispiel fast durchg\u00e4ngig 3G oder LTE. Vorher hatte ich auch \u00fcber weite Strecken nur EDGE. <\/p><\/blockquote>\n","protected":false},"excerpt":{"rendered":"<a href=\"https:\/\/www.iphone-ticker.de\/o2-und-e-plus-mit-gemeinsamen-netz-netzbetreiber-updates-fuer-discount-provider-79902\/\"><img width=\"150\" height=\"150\" src=\"https:\/\/images.iphone-ticker.de\/wp-content\/uploads\/2015\/03\/netz-150x150.jpg\" class=\"alignright tfe wp-post-image\" alt=\"\" decoding=\"async\" loading=\"lazy\" \/><\/a><p>Mit den Zusammenschluss der bislang getrennt betriebenen Mobilfunknetze von o2 und E-Plus haben wir uns bereits gestern auseinandergesetzt: Bis Mitte April soll die im M\u00e4rz angek\u00fcndigte und jetzt aktiv vollzogene Zusammenlegung der Infrastrukturen abgeschlossen sein. Bestandskunden d\u00fcrfen sich \u00fcber eine bessere Abdeckung und mehr Performance freuen. Auf Mobilger\u00e4ten mit entsprechenden SIM-Karten blenden betroffene iPhones inzwischen [&hellip;]<\/p>\n","protected":false},"author":1,"featured_media":78334,"comment_status":"open","ping_status":"closed","sticky":false,"template":"","format":"standard","meta":{"footnotes":""},"categories":[749],"tags":[1297,900,1853,129,124,12],"class_list":["post-79902","post","type-post","status-publish","format-standard","has-post-thumbnail","hentry","category-iphone-2","tag-e-plus","tag-lte","tag-netz","tag-o2","tag-tarif","tag-vertrag"],"aioseo_notices":[],"featured_image":["http:\/\/www.iphone-ticker.de\/wp-content\/uploads\/2015\/01\/o2-lte.jpg"],"rest_api_enabler":{"featured_image":"http:\/\/www.iphone-ticker.de\/wp-content\/uploads\/2015\/01\/o2-lte.jpg"},"_links":{"self":[{"href":"https:\/\/www.iphone-ticker.de\/apiv2\/wp\/v2\/posts\/79902","targetHints":{"allow":["GET"]}}],"collection":[{"href":"https:\/\/www.iphone-ticker.de\/apiv2\/wp\/v2\/posts"}],"about":[{"href":"https:\/\/www.iphone-ticker.de\/apiv2\/wp\/v2\/types\/post"}],"author":[{"embeddable":true,"href":"https:\/\/www.iphone-ticker.de\/apiv2\/wp\/v2\/users\/1"}],"replies":[{"embeddable":true,"href":"https:\/\/www.iphone-ticker.de\/apiv2\/wp\/v2\/comments?post=79902"}],"version-history":[{"count":2,"href":"https:\/\/www.iphone-ticker.de\/apiv2\/wp\/v2\/posts\/79902\/revisions"}],"predecessor-version":[{"id":79906,"href":"https:\/\/www.iphone-ticker.de\/apiv2\/wp\/v2\/posts\/79902\/revisions\/79906"}],"wp:featuredmedia":[{"embeddable":true,"href":"https:\/\/www.iphone-ticker.de\/apiv2\/wp\/v2\/media\/78334"}],"wp:attachment":[{"href":"https:\/\/www.iphone-ticker.de\/apiv2\/wp\/v2\/media?parent=79902"}],"wp:term":[{"taxonomy":"category","embeddable":true,"href":"https:\/\/www.iphone-ticker.de\/apiv2\/wp\/v2\/categories?post=79902"},{"taxonomy":"post_tag","embeddable":true,"href":"https:\/\/www.iphone-ticker.de\/apiv2\/wp\/v2\/tags?post=79902"}],"curies":[{"name":"wp","href":"https:\/\/api.w.org\/{rel}","templated":true}]}}