{"id":79776,"date":"2015-04-02T14:11:07","date_gmt":"2015-04-02T12:11:07","guid":{"rendered":"http:\/\/www.iphone-ticker.de\/?p=79776"},"modified":"2015-04-02T17:40:10","modified_gmt":"2015-04-02T15:40:10","slug":"eu-schreitet-ein-uber-beschwerde-und-apple-streaming-anfragen","status":"publish","type":"post","link":"https:\/\/www.iphone-ticker.de\/eu-schreitet-ein-uber-beschwerde-und-apple-streaming-anfragen-79776\/","title":{"rendered":"EU schreitet ein: UBER-Beschwerde und Apple-Streaming-Anfragen"},"content":{"rendered":"<p>Nach <a href=\"http:\/\/www.ft.com\/cms\/s\/0\/79be3a06-d8fa-11e4-b907-00144feab7de.html\">Angaben<\/a> der Financial Times muss sich Apples geplanter Musik-Streaming-Dienst schon vor seinem offiziellen Start die kritischen Nachfragen der europ\u00e4ischen Regulierer gefallen lassen.<\/p>\n<p><a href=\"http:\/\/www.iphone-ticker.de\/wp-content\/uploads\/2015\/02\/beats-music-500.jpg\"><img loading=\"lazy\" decoding=\"async\" class=\"aligncenter size-full wp-image-77132\" src=\"http:\/\/www.iphone-ticker.de\/wp-content\/uploads\/2015\/02\/beats-music-500.jpg\" alt=\"beats-music-500\" width=\"500\" height=\"324\" srcset=\"https:\/\/images.iphone-ticker.de\/wp-content\/uploads\/2015\/02\/beats-music-500.jpg 500w, https:\/\/images.iphone-ticker.de\/wp-content\/uploads\/2015\/02\/beats-music-500-300x194.jpg 300w\" sizes=\"auto, (max-width: 500px) 100vw, 500px\" \/><\/a><\/p>\n<p>Die Europ\u00e4ische Kommission habe sowohl Apple als auch den voraussichtlich am Streaming-Dienst beteiligten Musik-Labeln einen Fragenkatalog zukommen lassen, der genaue Ausk\u00fcnfte zu Preisabsprachen und Kooperations\u00fcbereinkommen einfordert.<\/p>\n<blockquote><p>Such questionnaires are often triggered by a formal complaint to the commission, the EU\u2019s top competition authority. The information gathering is the first step in a probe and does not necessarily mean Brussels will launch a formal antitrust investigation.<\/p><\/blockquote>\n<p>Der Start eines von Apple angebotenen Streaming-Dienstes wird f\u00fcr den Sommer erwartet wurde offiziell aber noch nicht best\u00e4tigt.<\/p>\n<p><a href=\"http:\/\/www.iphone-ticker.de\/wp-content\/uploads\/2014\/09\/uber.jpg\"><img loading=\"lazy\" decoding=\"async\" class=\"aligncenter size-full wp-image-70740\" src=\"http:\/\/www.iphone-ticker.de\/wp-content\/uploads\/2014\/09\/uber.jpg\" alt=\"uber\" width=\"640\" height=\"252\" srcset=\"https:\/\/images.iphone-ticker.de\/wp-content\/uploads\/2014\/09\/uber.jpg 640w, https:\/\/images.iphone-ticker.de\/wp-content\/uploads\/2014\/09\/uber-300x118.jpg 300w\" sizes=\"auto, (max-width: 640px) 100vw, 640px\" \/><\/a><\/p>\n<p>Auch in Sachen UBER wird die EU-Kommission <a href=\"http:\/\/www.tagesschau.de\/wirtschaft\/uber-131.html\">jetzt aktiv<\/a>. Der umstrittene Fahrdienst hat bei der EU-Kommission mehrere L\u00e4nder-Beschwerden eingereicht, die sich unter anderem gegen die Uber-Verbote in Deutschland und Spanien richten.<\/p>\n<p>UBER argumentiert, dass Fahrverbote wie das zuletzt vom Frankfurter Landgericht verh\u00e4ngte, gegen das EU-Wettbewerbsrecht versto\u00dfen w\u00fcrden. Br\u00fcssel muss die eingereichten Beschwerden nun pr\u00fcfen.<\/p>\n<blockquote><p>[&#8230;] die Kommission stelle sich nicht gegen Chancen, die sich durch neue Technologien er\u00f6ffneten, allerdings m\u00fcsse geltendes Recht eingehalten werden. Sollte die EU-Kommission feststellen, dass die drei L\u00e4nder gegen EU-Regelungen versto\u00dfen haben, kann sie ein Vertragsverletzungsverfahren einleiten und Strafen verh\u00e4ngen.<\/p><\/blockquote>\n","protected":false},"excerpt":{"rendered":"<a href=\"https:\/\/www.iphone-ticker.de\/eu-schreitet-ein-uber-beschwerde-und-apple-streaming-anfragen-79776\/\"><img width=\"150\" height=\"150\" src=\"https:\/\/images.iphone-ticker.de\/wp-content\/uploads\/2015\/03\/beats-500-150x150.jpg\" class=\"alignright tfe wp-post-image\" alt=\"\" decoding=\"async\" loading=\"lazy\" \/><\/a><p>Nach Angaben der Financial Times muss sich Apples geplanter Musik-Streaming-Dienst schon vor seinem offiziellen Start die kritischen Nachfragen der europ\u00e4ischen Regulierer gefallen lassen. Die Europ\u00e4ische Kommission habe sowohl Apple als auch den voraussichtlich am Streaming-Dienst beteiligten Musik-Labeln einen Fragenkatalog zukommen lassen, der genaue Ausk\u00fcnfte zu Preisabsprachen und Kooperations\u00fcbereinkommen einfordert. Such questionnaires are often triggered by [&hellip;]<\/p>\n","protected":false},"author":1,"featured_media":79223,"comment_status":"open","ping_status":"closed","sticky":false,"template":"","format":"standard","meta":{"footnotes":""},"categories":[14],"tags":[3912,64,77,147,1080,450,2713],"class_list":["post-79776","post","type-post","status-publish","format-standard","has-post-thumbnail","hentry","category-apple","tag-apple","tag-deutschland","tag-musik","tag-recht","tag-spotify","tag-streaming","tag-uber"],"aioseo_notices":[],"featured_image":["http:\/\/www.iphone-ticker.de\/wp-content\/uploads\/2015\/03\/beats-header.jpg"],"rest_api_enabler":{"featured_image":"http:\/\/www.iphone-ticker.de\/wp-content\/uploads\/2015\/03\/beats-header.jpg"},"_links":{"self":[{"href":"https:\/\/www.iphone-ticker.de\/apiv2\/wp\/v2\/posts\/79776","targetHints":{"allow":["GET"]}}],"collection":[{"href":"https:\/\/www.iphone-ticker.de\/apiv2\/wp\/v2\/posts"}],"about":[{"href":"https:\/\/www.iphone-ticker.de\/apiv2\/wp\/v2\/types\/post"}],"author":[{"embeddable":true,"href":"https:\/\/www.iphone-ticker.de\/apiv2\/wp\/v2\/users\/1"}],"replies":[{"embeddable":true,"href":"https:\/\/www.iphone-ticker.de\/apiv2\/wp\/v2\/comments?post=79776"}],"version-history":[{"count":1,"href":"https:\/\/www.iphone-ticker.de\/apiv2\/wp\/v2\/posts\/79776\/revisions"}],"predecessor-version":[{"id":79777,"href":"https:\/\/www.iphone-ticker.de\/apiv2\/wp\/v2\/posts\/79776\/revisions\/79777"}],"wp:featuredmedia":[{"embeddable":true,"href":"https:\/\/www.iphone-ticker.de\/apiv2\/wp\/v2\/media\/79223"}],"wp:attachment":[{"href":"https:\/\/www.iphone-ticker.de\/apiv2\/wp\/v2\/media?parent=79776"}],"wp:term":[{"taxonomy":"category","embeddable":true,"href":"https:\/\/www.iphone-ticker.de\/apiv2\/wp\/v2\/categories?post=79776"},{"taxonomy":"post_tag","embeddable":true,"href":"https:\/\/www.iphone-ticker.de\/apiv2\/wp\/v2\/tags?post=79776"}],"curies":[{"name":"wp","href":"https:\/\/api.w.org\/{rel}","templated":true}]}}