{"id":79747,"date":"2015-04-02T08:56:54","date_gmt":"2015-04-02T06:56:54","guid":{"rendered":"http:\/\/www.iphone-ticker.de\/?p=79747"},"modified":"2015-04-02T09:31:43","modified_gmt":"2015-04-02T07:31:43","slug":"antworten-auf-haeufige-fragen-zur-icloud-fotomediathek","status":"publish","type":"post","link":"https:\/\/www.iphone-ticker.de\/antworten-auf-haeufige-fragen-zur-icloud-fotomediathek-79747\/","title":{"rendered":"Antworten auf h\u00e4ufige Fragen zur iCloud-Fotomediathek"},"content":{"rendered":"<p>Apple hat seinen Support-Artikel <a href=\"https:\/\/support.apple.com\/en-us\/HT204264\">#HT204264<\/a> zur iCloud-Fotomediathek \u00fcberarbeitet und informiert kurz vor dem Start der neuen Fotos-Applikation auf dem Mac \u00fcber die Umstellungen, mit denen ihr auf iPhone und iPad rechnen m\u00fcsst. Lesestoff den ihr mit unseren, <a href=\"http:\/\/www.ifun.de\/icloud-foto-library-ios-81-68209\/\">hier abgelegten<\/a>, Fragen und Antworten zur iCloud-Fotomediathek kombinieren k\u00f6nnt.<\/p>\n<p><a href=\"http:\/\/www.iphone-ticker.de\/wp-content\/uploads\/2015\/04\/media.jpg\"><img loading=\"lazy\" decoding=\"async\" class=\"aligncenter size-full wp-image-79748\" src=\"http:\/\/www.iphone-ticker.de\/wp-content\/uploads\/2015\/04\/media.jpg\" alt=\"media\" width=\"500\" height=\"321\" srcset=\"https:\/\/images.iphone-ticker.de\/wp-content\/uploads\/2015\/04\/media.jpg 500w, https:\/\/images.iphone-ticker.de\/wp-content\/uploads\/2015\/04\/media-300x193.jpg 300w\" sizes=\"auto, (max-width: 500px) 100vw, 500px\" \/><\/a><\/p>\n<p>Ist die iCloud-Fotomediathek aktiviert, die aktuelle iOS-Vorabversion iOS 8.3 hat ihre Nutzer erneut um die Aktivierung gebeten, werden die Alben &#8222;Aufnahmen&#8220; und &#8222;Mein Fotostream&#8220; durch das Album &#8222;Alle Fotos&#8220; ersetzt.<\/p>\n<p>Anknipsen l\u00e4sst sch die Fotomediathek in &#8222;Einstellungen&#8220; -&gt; &#8222;iCloud&#8220; -&gt; &#8222;Fotos&#8220;.<\/p>\n<blockquote><p>Wenn Sie &#8222;Speicher optimieren&#8220; w\u00e4hlen, unterst\u00fctzt Sie die iCloud-Fotomediathek bei der Optimierung des Speichers auf Ihrem Ger\u00e4t, indem Ihre Mediathek in voller Aufl\u00f6sung in iCloud und platzsparende Versionen auf jedem Ger\u00e4t gespeichert werden. Die Fotos-App f\u00fcr den Mac steht zu einem sp\u00e4teren Zeitpunkt zur Verf\u00fcgung. Sie k\u00f6nnen Ihre gesamte Mediathek auch von einem beliebigen Mac oder PC unter <a href=\"http:\/\/iCloud.com\/photos\">iCloud.com\/photos<\/a> \u00f6ffnen.<\/p><\/blockquote>\n<p>Die iCloud-Fotomediathek ist zuk\u00fcnftig nicht mehr im iCloud-Backup enthalten speichert aber alle Originalfotos und -videos in iCloud. Die iCloud-Fotomediathek speichert alle Fotos und Videos in Originalformaten, einschlie\u00dflich JPEG, RAW, PNG, GIF, TIFF und MP4.<\/p>\n<p>Die Anzahl der Fotos und Videos, die gespeichert werden k\u00f6nnen, h\u00e4ngt vom verf\u00fcgbaren iCloud-Speicher ab. Standardm\u00e4\u00dfig versorgt die iCloud ihre Nutzer mit 5 GB Gratis-Speicher. Zudem sind iCloud-Speicherpl\u00e4ne zwischen 20 GB und 1 TB erh\u00e4ltlich.<\/p>\n<p><a href=\"http:\/\/www.iphone-ticker.de\/wp-content\/uploads\/2015\/04\/speicher1.jpg\"><img loading=\"lazy\" decoding=\"async\" src=\"http:\/\/www.iphone-ticker.de\/wp-content\/uploads\/2015\/04\/speicher1.jpg\" alt=\"speicher1\" width=\"700\" height=\"584\" class=\"aligncenter size-full wp-image-79749\" srcset=\"https:\/\/images.iphone-ticker.de\/wp-content\/uploads\/2015\/04\/speicher1.jpg 700w, https:\/\/images.iphone-ticker.de\/wp-content\/uploads\/2015\/04\/speicher1-300x250.jpg 300w\" sizes=\"auto, (max-width: 700px) 100vw, 700px\" \/><\/a><\/p>\n","protected":false},"excerpt":{"rendered":"<a href=\"https:\/\/www.iphone-ticker.de\/antworten-auf-haeufige-fragen-zur-icloud-fotomediathek-79747\/\"><img width=\"150\" height=\"150\" src=\"https:\/\/images.iphone-ticker.de\/wp-content\/uploads\/2014\/11\/icloud-fotos-header1-150x150.jpg\" class=\"alignright tfe wp-post-image\" alt=\"\" decoding=\"async\" loading=\"lazy\" \/><\/a><p>Apple hat seinen Support-Artikel #HT204264 zur iCloud-Fotomediathek \u00fcberarbeitet und informiert kurz vor dem Start der neuen Fotos-Applikation auf dem Mac \u00fcber die Umstellungen, mit denen ihr auf iPhone und iPad rechnen m\u00fcsst. Lesestoff den ihr mit unseren, hier abgelegten, Fragen und Antworten zur iCloud-Fotomediathek kombinieren k\u00f6nnt. Ist die iCloud-Fotomediathek aktiviert, die aktuelle iOS-Vorabversion iOS 8.3 [&hellip;]<\/p>\n","protected":false},"author":1,"featured_media":73710,"comment_status":"open","ping_status":"closed","sticky":false,"template":"","format":"standard","meta":{"footnotes":""},"categories":[14],"tags":[3912,2977,846],"class_list":["post-79747","post","type-post","status-publish","format-standard","has-post-thumbnail","hentry","category-apple","tag-apple","tag-fotomediathek","tag-icloud"],"aioseo_notices":[],"featured_image":["http:\/\/www.iphone-ticker.de\/wp-content\/uploads\/2015\/01\/beta.jpg"],"rest_api_enabler":{"featured_image":"http:\/\/www.iphone-ticker.de\/wp-content\/uploads\/2015\/01\/beta.jpg"},"_links":{"self":[{"href":"https:\/\/www.iphone-ticker.de\/apiv2\/wp\/v2\/posts\/79747","targetHints":{"allow":["GET"]}}],"collection":[{"href":"https:\/\/www.iphone-ticker.de\/apiv2\/wp\/v2\/posts"}],"about":[{"href":"https:\/\/www.iphone-ticker.de\/apiv2\/wp\/v2\/types\/post"}],"author":[{"embeddable":true,"href":"https:\/\/www.iphone-ticker.de\/apiv2\/wp\/v2\/users\/1"}],"replies":[{"embeddable":true,"href":"https:\/\/www.iphone-ticker.de\/apiv2\/wp\/v2\/comments?post=79747"}],"version-history":[{"count":2,"href":"https:\/\/www.iphone-ticker.de\/apiv2\/wp\/v2\/posts\/79747\/revisions"}],"predecessor-version":[{"id":79755,"href":"https:\/\/www.iphone-ticker.de\/apiv2\/wp\/v2\/posts\/79747\/revisions\/79755"}],"wp:featuredmedia":[{"embeddable":true,"href":"https:\/\/www.iphone-ticker.de\/apiv2\/wp\/v2\/media\/73710"}],"wp:attachment":[{"href":"https:\/\/www.iphone-ticker.de\/apiv2\/wp\/v2\/media?parent=79747"}],"wp:term":[{"taxonomy":"category","embeddable":true,"href":"https:\/\/www.iphone-ticker.de\/apiv2\/wp\/v2\/categories?post=79747"},{"taxonomy":"post_tag","embeddable":true,"href":"https:\/\/www.iphone-ticker.de\/apiv2\/wp\/v2\/tags?post=79747"}],"curies":[{"name":"wp","href":"https:\/\/api.w.org\/{rel}","templated":true}]}}