{"id":79340,"date":"2015-03-24T14:28:44","date_gmt":"2015-03-24T13:28:44","guid":{"rendered":"http:\/\/www.iphone-ticker.de\/?p=79340"},"modified":"2015-03-24T14:29:58","modified_gmt":"2015-03-24T13:29:58","slug":"sz-de-sueddeutsche-stellt-bezahlschranken-auf","status":"publish","type":"post","link":"https:\/\/www.iphone-ticker.de\/sz-de-sueddeutsche-stellt-bezahlschranken-auf-79340\/","title":{"rendered":"Auf sz.de und in der App: S\u00fcddeutsche stellt Bezahlschranken auf"},"content":{"rendered":"<p>Die S\u00fcddeutsche Zeitung startet neu. Am heutigen Dienstag hat die 1945 gegr\u00fcndete \u00fcberregionale Tageszeitung nicht nur die Haus-Domain <a href=\"http:\/\/SZ.de\">SZ.de<\/a> optisch \u00fcberarbeitet, sondern erstmals auch die von langer Hand angek\u00fcndigten Bezahlschranken aufgestellt, die den Konsum der Autoren-Texte jetzt nach einem Modell berechnen, das von der New York Times relativ erfolgreich in \u00dcbersee etabliert wurde.<\/p>\n<p><a href=\"http:\/\/www.iphone-ticker.de\/wp-content\/uploads\/2015\/03\/szmobil.jpg\"><img loading=\"lazy\" decoding=\"async\" class=\"aligncenter size-full wp-image-79341\" src=\"http:\/\/www.iphone-ticker.de\/wp-content\/uploads\/2015\/03\/szmobil.jpg\" alt=\"szmobil\" width=\"472\" height=\"384\" srcset=\"https:\/\/images.iphone-ticker.de\/wp-content\/uploads\/2015\/03\/szmobil.jpg 472w, https:\/\/images.iphone-ticker.de\/wp-content\/uploads\/2015\/03\/szmobil-300x244.jpg 300w\" sizes=\"auto, (max-width: 472px) 100vw, 472px\" \/><\/a><\/p>\n<p>Bis zu zehn Texte lassen sich zuk\u00fcnftig pro Woche und Ger\u00e4t kostenlos konsumieren, wer mehr lesen m\u00f6chte muss zuk\u00fcnftig auf das Premium-Angebot <a href=\"http:\/\/gfx.sueddeutsche.de\/pages\/szneu\/\">SZ Plus<\/a> ausweichen.<\/p>\n<p>Das kostenpflichtige Abo-Angebot l\u00e4sst sich zur Tagespauschale von 2 Euro, monatlich f\u00fcr 30 Euro oder j\u00e4hrlich f\u00fcr 240 Euro ordern und kombiniert Web-Auftritt, die digitale Ausgabe der Tageszeitung und den Zugriff auf die iOS-Applikationen der SZ.<\/p>\n<blockquote><p>Das Premium-Angebot SZ Plus erm\u00f6glicht Ihnen dar\u00fcber hinaus den Vollzugang in die digitale SZ-Welt: mit der ganzen Zeitung und dem Magazin, mit exklusiven Reportagen und gro\u00dfen Lesest\u00fccken, auf allen digitalen Plattformen von SZ.de bis zu den digitalen Ausgaben.<\/p><\/blockquote>\n<p><a href=\"http:\/\/www.iphone-ticker.de\/wp-content\/uploads\/2015\/03\/szplus-700.jpg\"><img loading=\"lazy\" decoding=\"async\" src=\"http:\/\/www.iphone-ticker.de\/wp-content\/uploads\/2015\/03\/szplus-700.jpg\" alt=\"szplus-700\" width=\"700\" height=\"193\" class=\"aligncenter size-full wp-image-79342\" srcset=\"https:\/\/images.iphone-ticker.de\/wp-content\/uploads\/2015\/03\/szplus-700.jpg 700w, https:\/\/images.iphone-ticker.de\/wp-content\/uploads\/2015\/03\/szplus-700-300x83.jpg 300w\" sizes=\"auto, (max-width: 700px) 100vw, 700px\" \/><\/a><\/p>\n<p>Die S\u00fcddeutsche listet die digitalen Produkten, die sich mit dem SZ-Plus-Zugang zuk\u00fcnftig erreichen lassen. Insgesamt bestehen f\u00fcnf Login-M\u00f6glichkeiten.<\/p>\n<ul>\n<li>Auf unserer <a href=\"http:\/\/www.SZ.de\">Nachrichtenseite<\/a>, um alle Premium-Inhalte lesen zu k\u00f6nnen.<\/li>\n<li>In der <a href=\"http:\/\/www.sz.de\/Zeitung\">digitalen Ausgabe<\/a> der Zeitung.<\/li>\n<li>In der <a href=\"http:\/\/www.sz.de\/Magazin\">digitalen Ausgabe<\/a> des SZ-Magazins<\/li>\n<li>In <a href=\"http:\/\/www.sz.de\/appstore\">der Zeitungsapp<\/a> der SZ (zum Laden der digitalen Ausgaben auf Tablet und Smartphone)<\/li>\n<li>Im <a href=\"http:\/\/www.sz.de\/epaper\">E-Paper der SZ<\/a>, um ein PDF der Zeitung zu laden<\/li>\n<\/ul>\n<p><div class=\"responsive-video\"><iframe loading=\"lazy\" src=\"https:\/\/player.vimeo.com\/video\/122746579?color=009999&#038;title=0&#038;byline=0&#038;portrait=0\" width=\"700\" height=\"393\" frameborder=\"0\" webkitallowfullscreen mozallowfullscreen allowfullscreen><\/iframe><\/div><\/p>\n<div id=\"article-single-app-preview\">\n<div id=\"article-single-app-preview-icon\"><img loading=\"lazy\" decoding=\"async\" src=\"https:\/\/www.iphone-ticker.de\/wp-content\/plugins\/appstore-lookup\/timthumb.php?src=http:\/\/placekitten.com\/57\/57&zc=0&amp;w=72&amp;q=80\"  alt=\"App Icon\"  height=\"72\" width=\"72\" class=\"asl-icon-img\" \/><\/div>\n<div id=\"article-single-app-preview-desc\"><span class=\"name\">App Not Found<\/span><br \/>\n<span class=\"seller\">Seller Not Found<\/span><\/div>\n<a href=\"http:\/\/www.ifun.de\/app\/448144025\"><div id=\"article-single-app-preview-download\">Free<br \/>\n<span class=\"size\">19.73MB<\/span><\/div><\/a>\n<\/div>\n","protected":false},"excerpt":{"rendered":"<a href=\"https:\/\/www.iphone-ticker.de\/sz-de-sueddeutsche-stellt-bezahlschranken-auf-79340\/\"><img width=\"150\" height=\"150\" src=\"https:\/\/images.iphone-ticker.de\/wp-content\/uploads\/2015\/03\/szplus-700-150x150.jpg\" class=\"alignright tfe wp-post-image\" alt=\"\" decoding=\"async\" loading=\"lazy\" \/><\/a><p>Die S\u00fcddeutsche Zeitung startet neu. Am heutigen Dienstag hat die 1945 gegr\u00fcndete \u00fcberregionale Tageszeitung nicht nur die Haus-Domain SZ.de optisch \u00fcberarbeitet, sondern erstmals auch die von langer Hand angek\u00fcndigten Bezahlschranken aufgestellt, die den Konsum der Autoren-Texte jetzt nach einem Modell berechnen, das von der New York Times relativ erfolgreich in \u00dcbersee etabliert wurde. Bis zu [&hellip;]<\/p>\n","protected":false},"author":1,"featured_media":79342,"comment_status":"open","ping_status":"closed","sticky":false,"template":"","format":"standard","meta":{"footnotes":""},"categories":[39],"tags":[64,48,2968,510],"class_list":["post-79340","post","type-post","status-publish","format-standard","has-post-thumbnail","hentry","category-apps","tag-deutschland","tag-geld","tag-sz","tag-zeitung"],"aioseo_notices":[],"featured_image":["http:\/\/www.iphone-ticker.de\/wp-content\/uploads\/2015\/03\/plus.jpg"],"rest_api_enabler":{"featured_image":"http:\/\/www.iphone-ticker.de\/wp-content\/uploads\/2015\/03\/plus.jpg"},"_links":{"self":[{"href":"https:\/\/www.iphone-ticker.de\/apiv2\/wp\/v2\/posts\/79340","targetHints":{"allow":["GET"]}}],"collection":[{"href":"https:\/\/www.iphone-ticker.de\/apiv2\/wp\/v2\/posts"}],"about":[{"href":"https:\/\/www.iphone-ticker.de\/apiv2\/wp\/v2\/types\/post"}],"author":[{"embeddable":true,"href":"https:\/\/www.iphone-ticker.de\/apiv2\/wp\/v2\/users\/1"}],"replies":[{"embeddable":true,"href":"https:\/\/www.iphone-ticker.de\/apiv2\/wp\/v2\/comments?post=79340"}],"version-history":[{"count":3,"href":"https:\/\/www.iphone-ticker.de\/apiv2\/wp\/v2\/posts\/79340\/revisions"}],"predecessor-version":[{"id":79345,"href":"https:\/\/www.iphone-ticker.de\/apiv2\/wp\/v2\/posts\/79340\/revisions\/79345"}],"wp:featuredmedia":[{"embeddable":true,"href":"https:\/\/www.iphone-ticker.de\/apiv2\/wp\/v2\/media\/79342"}],"wp:attachment":[{"href":"https:\/\/www.iphone-ticker.de\/apiv2\/wp\/v2\/media?parent=79340"}],"wp:term":[{"taxonomy":"category","embeddable":true,"href":"https:\/\/www.iphone-ticker.de\/apiv2\/wp\/v2\/categories?post=79340"},{"taxonomy":"post_tag","embeddable":true,"href":"https:\/\/www.iphone-ticker.de\/apiv2\/wp\/v2\/tags?post=79340"}],"curies":[{"name":"wp","href":"https:\/\/api.w.org\/{rel}","templated":true}]}}