{"id":79278,"date":"2015-03-23T17:31:56","date_gmt":"2015-03-23T16:31:56","guid":{"rendered":"http:\/\/www.iphone-ticker.de\/?p=79278"},"modified":"2015-03-23T20:19:13","modified_gmt":"2015-03-23T19:19:13","slug":"aufpassen-beim-liken-erste-abmahnung-fuer-facebook-nutzer-trudeln-ein","status":"publish","type":"post","link":"https:\/\/www.iphone-ticker.de\/aufpassen-beim-liken-erste-abmahnung-fuer-facebook-nutzer-trudeln-ein-79278\/","title":{"rendered":"Aufpassen beim &#8222;Liken&#8220;: Erste Abmahnungen f\u00fcr Facebook-Nutzer trudeln ein"},"content":{"rendered":"<p>Beim Teilen interessanter Facebook-Artikel solltet ihr zuk\u00fcnftig noch etwas genauer aufpassen als bislang. Nach Angaben der auf Internetrecht spezialisierten Kanzlei Wilde, Beuger und Solmecke k\u00f6nnte eine neue Abmahnwelle <a href=\"https:\/\/www.wbs-law.de\/internetrecht\/erster-nutzer-fuer-das-teilen-eines-artikels-ueber-den-facebook-share-button-abgemahnt-59962\/\">bevorstehen<\/a>, die sich diesmal gegen Nutzer des Facebook-eigenen Teilen-Knopfes richtet. <\/p>\n<p><a href=\"http:\/\/www.iphone-ticker.de\/wp-content\/uploads\/2015\/03\/face.jpg\"><img loading=\"lazy\" decoding=\"async\" src=\"http:\/\/www.iphone-ticker.de\/wp-content\/uploads\/2015\/03\/face.jpg\" alt=\"face\" width=\"500\" height=\"301\" class=\"aligncenter size-full wp-image-79279\" srcset=\"https:\/\/images.iphone-ticker.de\/wp-content\/uploads\/2015\/03\/face.jpg 500w, https:\/\/images.iphone-ticker.de\/wp-content\/uploads\/2015\/03\/face-300x181.jpg 300w\" sizes=\"auto, (max-width: 500px) 100vw, 500px\" \/><\/a><\/p>\n<p>Im ersten, jetzt ver\u00f6ffentlichten Fall hat es die Inhaberin einer Fahrschule getroffen, die den Teilen-Button in einem Artikel der Online-Zeitung BILD geklickt hatte und anschlie\u00dfend vom Fotografen des (automatisch mit-) geteilten Vorschau-Fotos abgemahnt wurde. WBS LAW-Anwalt Solmecke <a href=\"https:\/\/www.wbs-law.de\/internetrecht\/erster-nutzer-fuer-das-teilen-eines-artikels-ueber-den-facebook-share-button-abgemahnt-59962\/\">merkt an<\/a>: <\/p>\n<blockquote><p>&#8222;Diese Abmahnung ist f\u00fcr den Nutzer besonders \u00fcberraschend. Beim Teilen eines Beitrags \u00fcber den Share Button wird n\u00e4mlich immer automatisch ein verkleinertes Vorschaubild gezeigt, auf das der Nutzer keinen Einfluss hat. Er kann weder verhindern, dass das Bild gezeigt wird, noch kann er die Gr\u00f6\u00dfe des Bildes so variieren, dass eventuell noch der Name des Urhebers sichtbar wird.&#8220;<\/p><\/blockquote>\n<p>Im aktuellen Fall verlangte der Rechteinhaber in seiner initialen Abmahnung die Zahlung von \u00fcber 1000 Euro &#8211; letztendlich wurde der Fall immerhin gegen die Vergleichsgeb\u00fchr von 500 Euro eingestellt. Solmecke geht davon aus, dass weitere Abmahnungen in den kommenden Tagen folgen und erneut jene Nutzer treffen werden, die Bilder \u00fcber den Facebook Share Button geteilt haben:<\/p>\n<blockquote><p>&#8222;Es wird mit Sicherheit nicht bei dieser einen Abmahnung bleiben. Eine wegweisende Gerichtsentscheidung ist unabdingbar. Bis dahin besteht nun eine erh\u00f6hte Abmahngefahr f\u00fcr die Nutzer und eine noch gr\u00f6\u00dfere Gefahr f\u00fcr die Blogbetreiber, die wom\u00f6glich bald zahlreichen Regressanspr\u00fcchen ausgesetzt sein werden.&#8220;<\/p><\/blockquote>\n<p><div class=\"responsive-video\"><iframe loading=\"lazy\" width=\"700\" height=\"371\" src=\"http:\/\/www.youtube.com\/embed\/anjCc6dYbh0\" frameborder=\"0\" allowfullscreen><\/iframe><\/div> (<a href=\"http:\/\/youtu.be\/anjCc6dYbh0\">Direkt-Link<\/a>)<\/p>\n","protected":false},"excerpt":{"rendered":"<a href=\"https:\/\/www.iphone-ticker.de\/aufpassen-beim-liken-erste-abmahnung-fuer-facebook-nutzer-trudeln-ein-79278\/\"><img width=\"150\" height=\"150\" src=\"https:\/\/images.iphone-ticker.de\/wp-content\/uploads\/2013\/10\/facebook-icon.jpg\" class=\"alignright tfe wp-post-image\" alt=\"\" decoding=\"async\" loading=\"lazy\" \/><\/a><p>Beim Teilen interessanter Facebook-Artikel solltet ihr zuk\u00fcnftig noch etwas genauer aufpassen als bislang. Nach Angaben der auf Internetrecht spezialisierten Kanzlei Wilde, Beuger und Solmecke k\u00f6nnte eine neue Abmahnwelle bevorstehen, die sich diesmal gegen Nutzer des Facebook-eigenen Teilen-Knopfes richtet. Im ersten, jetzt ver\u00f6ffentlichten Fall hat es die Inhaberin einer Fahrschule getroffen, die den Teilen-Button in einem [&hellip;]<\/p>\n","protected":false},"author":1,"featured_media":55872,"comment_status":"open","ping_status":"closed","sticky":false,"template":"","format":"standard","meta":{"footnotes":""},"categories":[1],"tags":[3914,455,147],"class_list":["post-79278","post","type-post","status-publish","format-standard","has-post-thumbnail","hentry","category-news","tag-apps","tag-facebook","tag-recht"],"aioseo_notices":[],"aioseo_head":"\n\t\t<!-- All in One SEO Pro 5.0.1.1 - aioseo.com -->\n\t<meta name=\"description\" content=\"Beim Teilen interessanter Facebook-Artikel solltet ihr zuk\u00fcnftig noch etwas genauer aufpassen als bislang. Nach Angaben der auf Internetrecht spezialisierten Kanzlei Wilde, Beuger und Solmecke k\u00f6nnte eine neue Abmahnwelle bevorstehen, die sich diesmal gegen Nutzer des Facebook-eigenen Teilen-Knopfes richtet. Im ersten, jetzt ver\u00f6ffentlichten Fall hat es die Inhaberin einer Fahrschule getroffen, die den Teilen-Button in einem\" \/>\n\t<meta name=\"robots\" content=\"max-image-preview:large\" \/>\n\t<meta name=\"author\" content=\"Nicolas\"\/>\n\t<meta name=\"google-site-verification\" content=\"bRuV4_wqNuoQLypC9HVKibZ0X7EtNyELtju97qgyflM\" \/>\n\t<link rel=\"canonical\" href=\"https:\/\/www.iphone-ticker.de\/aufpassen-beim-liken-erste-abmahnung-fuer-facebook-nutzer-trudeln-ein-79278\/\" \/>\n\t<meta name=\"generator\" content=\"All in One SEO Pro (AIOSEO) 5.0.1.1\" \/>\n\t\t<meta property=\"og:locale\" content=\"de_DE\" \/>\n\t\t<meta property=\"og:site_name\" content=\"iphone-ticker.de | Alles zum iPhone. Seit 2007.\" \/>\n\t\t<meta property=\"og:type\" content=\"article\" \/>\n\t\t<meta property=\"og:title\" content=\"Aufpassen beim \u201eLiken\u201c: Erste Abmahnungen f\u00fcr Facebook-Nutzer trudeln ein | iphone-ticker.de\" \/>\n\t\t<meta property=\"og:description\" content=\"Beim Teilen interessanter Facebook-Artikel solltet ihr zuk\u00fcnftig noch etwas genauer aufpassen als bislang. Nach Angaben der auf Internetrecht spezialisierten Kanzlei Wilde, Beuger und Solmecke k\u00f6nnte eine neue Abmahnwelle bevorstehen, die sich diesmal gegen Nutzer des Facebook-eigenen Teilen-Knopfes richtet. Im ersten, jetzt ver\u00f6ffentlichten Fall hat es die Inhaberin einer Fahrschule getroffen, die den Teilen-Button in einem\" \/>\n\t\t<meta property=\"og:url\" content=\"https:\/\/www.iphone-ticker.de\/aufpassen-beim-liken-erste-abmahnung-fuer-facebook-nutzer-trudeln-ein-79278\/\" \/>\n\t\t<meta property=\"article:published_time\" content=\"2015-03-23T16:31:56+00:00\" \/>\n\t\t<meta property=\"article:modified_time\" content=\"2015-03-23T19:19:13+00:00\" \/>\n\t\t<meta property=\"article:publisher\" content=\"https:\/\/facebook.com\/ifun.de\" \/>\n\t\t<meta name=\"twitter:card\" content=\"summary_large_image\" \/>\n\t\t<meta name=\"twitter:site\" content=\"@iphoneticker\" \/>\n\t\t<meta name=\"twitter:title\" content=\"Aufpassen beim \u201eLiken\u201c: Erste Abmahnungen f\u00fcr Facebook-Nutzer trudeln ein | iphone-ticker.de\" \/>\n\t\t<meta name=\"twitter:description\" content=\"Beim Teilen interessanter Facebook-Artikel solltet ihr zuk\u00fcnftig noch etwas genauer aufpassen als bislang. Nach Angaben der auf Internetrecht spezialisierten Kanzlei Wilde, Beuger und Solmecke k\u00f6nnte eine neue Abmahnwelle bevorstehen, die sich diesmal gegen Nutzer des Facebook-eigenen Teilen-Knopfes richtet. Im ersten, jetzt ver\u00f6ffentlichten Fall hat es die Inhaberin einer Fahrschule getroffen, die den Teilen-Button in einem\" \/>\n\t\t<meta name=\"twitter:creator\" content=\"@iphoneticker\" \/>\n\t\t<script type=\"application\/ld+json\" class=\"aioseo-schema\">\n\t\t\t{\"@context\":\"https:\\\/\\\/schema.org\",\"@graph\":[{\"@type\":\"BreadcrumbList\",\"@id\":\"https:\\\/\\\/www.iphone-ticker.de\\\/aufpassen-beim-liken-erste-abmahnung-fuer-facebook-nutzer-trudeln-ein-79278\\\/#breadcrumblist\",\"itemListElement\":[{\"@type\":\"ListItem\",\"@id\":\"https:\\\/\\\/www.iphone-ticker.de#listItem\",\"position\":1,\"name\":\"Home\",\"item\":\"https:\\\/\\\/www.iphone-ticker.de\",\"nextItem\":{\"@type\":\"ListItem\",\"@id\":\"https:\\\/\\\/www.iphone-ticker.de\\\/category\\\/news\\\/#listItem\",\"name\":\"News\"}},{\"@type\":\"ListItem\",\"@id\":\"https:\\\/\\\/www.iphone-ticker.de\\\/category\\\/news\\\/#listItem\",\"position\":2,\"name\":\"News\",\"item\":\"https:\\\/\\\/www.iphone-ticker.de\\\/category\\\/news\\\/\",\"nextItem\":{\"@type\":\"ListItem\",\"@id\":\"https:\\\/\\\/www.iphone-ticker.de\\\/aufpassen-beim-liken-erste-abmahnung-fuer-facebook-nutzer-trudeln-ein-79278\\\/#listItem\",\"name\":\"Aufpassen beim &#8222;Liken&#8220;: Erste Abmahnungen f\\u00fcr Facebook-Nutzer trudeln ein\"},\"previousItem\":{\"@type\":\"ListItem\",\"@id\":\"https:\\\/\\\/www.iphone-ticker.de#listItem\",\"name\":\"Home\"}},{\"@type\":\"ListItem\",\"@id\":\"https:\\\/\\\/www.iphone-ticker.de\\\/aufpassen-beim-liken-erste-abmahnung-fuer-facebook-nutzer-trudeln-ein-79278\\\/#listItem\",\"position\":3,\"name\":\"Aufpassen beim &#8222;Liken&#8220;: Erste Abmahnungen f\\u00fcr Facebook-Nutzer trudeln ein\",\"previousItem\":{\"@type\":\"ListItem\",\"@id\":\"https:\\\/\\\/www.iphone-ticker.de\\\/category\\\/news\\\/#listItem\",\"name\":\"News\"}}]},{\"@type\":\"NewsArticle\",\"@id\":\"https:\\\/\\\/www.iphone-ticker.de\\\/aufpassen-beim-liken-erste-abmahnung-fuer-facebook-nutzer-trudeln-ein-79278\\\/#newsarticle\",\"name\":\"Aufpassen beim \\u201eLiken\\u201c: Erste Abmahnungen f\\u00fcr Facebook-Nutzer trudeln ein | iphone-ticker.de\",\"headline\":\"Aufpassen beim &#8222;Liken&#8220;: Erste Abmahnungen f\\u00fcr Facebook-Nutzer trudeln ein\",\"author\":{\"@id\":\"https:\\\/\\\/www.iphone-ticker.de\\\/author\\\/admin\\\/#author\"},\"publisher\":{\"@id\":\"https:\\\/\\\/www.iphone-ticker.de\\\/#organization\"},\"image\":{\"@type\":\"ImageObject\",\"url\":\"https:\\\/\\\/images.iphone-ticker.de\\\/wp-content\\\/uploads\\\/2013\\\/10\\\/facebook-icon.jpg\",\"width\":150,\"height\":150},\"datePublished\":\"2015-03-23T17:31:56+01:00\",\"dateModified\":\"2015-03-23T20:19:13+01:00\",\"inLanguage\":\"de-DE\",\"commentCount\":99,\"mainEntityOfPage\":{\"@id\":\"https:\\\/\\\/www.iphone-ticker.de\\\/aufpassen-beim-liken-erste-abmahnung-fuer-facebook-nutzer-trudeln-ein-79278\\\/#webpage\"},\"isPartOf\":{\"@id\":\"https:\\\/\\\/www.iphone-ticker.de\\\/aufpassen-beim-liken-erste-abmahnung-fuer-facebook-nutzer-trudeln-ein-79278\\\/#webpage\"},\"articleSection\":\"News, Apps, Facebook, Recht\",\"dateline\":\"Ver\\u00f6ffentlicht am M\\u00e4rz 23, 2015.\"},{\"@type\":\"Organization\",\"@id\":\"https:\\\/\\\/www.iphone-ticker.de\\\/#organization\",\"name\":\"aketo GmbH\",\"description\":\"Die aketo GmbH versorgt das deutschsprachige Internet mit den f\\u00fchrenden Nachrichtenangeboten zu Apple, dem iPhone, dem iPad und Apples Lifestyle-Produkten. Konzepte, Redaktion, Recherchen und Archiv.\",\"url\":\"https:\\\/\\\/www.iphone-ticker.de\\\/\",\"email\":\"ifun.de@gmail.com\",\"telephone\":\"+493057707123\",\"foundingDate\":\"2007-01-01\",\"logo\":{\"@type\":\"ImageObject\",\"url\":\"https:\\\/\\\/images.iphone-ticker.de\\\/wp-content\\\/uploads\\\/2026\\\/02\\\/apple-touch-icon.png\",\"@id\":\"https:\\\/\\\/www.iphone-ticker.de\\\/aufpassen-beim-liken-erste-abmahnung-fuer-facebook-nutzer-trudeln-ein-79278\\\/#organizationLogo\",\"width\":1024,\"height\":1024,\"caption\":\"Apple Touch Icon\"},\"image\":{\"@id\":\"https:\\\/\\\/www.iphone-ticker.de\\\/aufpassen-beim-liken-erste-abmahnung-fuer-facebook-nutzer-trudeln-ein-79278\\\/#organizationLogo\"},\"sameAs\":[\"https:\\\/\\\/facebook.com\\\/ifun.de\",\"https:\\\/\\\/x.com\\\/iphoneticker\"]},{\"@type\":\"Person\",\"@id\":\"https:\\\/\\\/www.iphone-ticker.de\\\/author\\\/admin\\\/#author\",\"url\":\"https:\\\/\\\/www.iphone-ticker.de\\\/author\\\/admin\\\/\",\"name\":\"Nicolas\"},{\"@type\":\"WebPage\",\"@id\":\"https:\\\/\\\/www.iphone-ticker.de\\\/aufpassen-beim-liken-erste-abmahnung-fuer-facebook-nutzer-trudeln-ein-79278\\\/#webpage\",\"url\":\"https:\\\/\\\/www.iphone-ticker.de\\\/aufpassen-beim-liken-erste-abmahnung-fuer-facebook-nutzer-trudeln-ein-79278\\\/\",\"name\":\"Aufpassen beim \\u201eLiken\\u201c: Erste Abmahnungen f\\u00fcr Facebook-Nutzer trudeln ein | iphone-ticker.de\",\"description\":\"Beim Teilen interessanter Facebook-Artikel solltet ihr zuk\\u00fcnftig noch etwas genauer aufpassen als bislang. Nach Angaben der auf Internetrecht spezialisierten Kanzlei Wilde, Beuger und Solmecke k\\u00f6nnte eine neue Abmahnwelle bevorstehen, die sich diesmal gegen Nutzer des Facebook-eigenen Teilen-Knopfes richtet. Im ersten, jetzt ver\\u00f6ffentlichten Fall hat es die Inhaberin einer Fahrschule getroffen, die den Teilen-Button in einem\",\"inLanguage\":\"de-DE\",\"isPartOf\":{\"@id\":\"https:\\\/\\\/www.iphone-ticker.de\\\/#website\"},\"breadcrumb\":{\"@id\":\"https:\\\/\\\/www.iphone-ticker.de\\\/aufpassen-beim-liken-erste-abmahnung-fuer-facebook-nutzer-trudeln-ein-79278\\\/#breadcrumblist\"},\"author\":{\"@id\":\"https:\\\/\\\/www.iphone-ticker.de\\\/author\\\/admin\\\/#author\"},\"creator\":{\"@id\":\"https:\\\/\\\/www.iphone-ticker.de\\\/author\\\/admin\\\/#author\"},\"image\":{\"@type\":\"ImageObject\",\"url\":\"https:\\\/\\\/images.iphone-ticker.de\\\/wp-content\\\/uploads\\\/2013\\\/10\\\/facebook-icon.jpg\",\"@id\":\"https:\\\/\\\/www.iphone-ticker.de\\\/aufpassen-beim-liken-erste-abmahnung-fuer-facebook-nutzer-trudeln-ein-79278\\\/#mainImage\",\"width\":150,\"height\":150},\"primaryImageOfPage\":{\"@id\":\"https:\\\/\\\/www.iphone-ticker.de\\\/aufpassen-beim-liken-erste-abmahnung-fuer-facebook-nutzer-trudeln-ein-79278\\\/#mainImage\"},\"datePublished\":\"2015-03-23T17:31:56+01:00\",\"dateModified\":\"2015-03-23T20:19:13+01:00\"},{\"@type\":\"WebSite\",\"@id\":\"https:\\\/\\\/www.iphone-ticker.de\\\/#website\",\"url\":\"https:\\\/\\\/www.iphone-ticker.de\\\/\",\"name\":\"iphone-ticker.de\",\"description\":\"Alles zum iPhone. Seit 2007.\",\"inLanguage\":\"de-DE\",\"publisher\":{\"@id\":\"https:\\\/\\\/www.iphone-ticker.de\\\/#organization\"}}]}\n\t\t<\/script>\n\t\t<!-- All in One SEO Pro -->\r\n\t\t<title>Aufpassen beim \u201eLiken\u201c: Erste Abmahnungen f\u00fcr Facebook-Nutzer trudeln ein | iphone-ticker.de<\/title>\n\n","aioseo_head_json":{"title":"Aufpassen beim \u201eLiken\u201c: Erste Abmahnungen f\u00fcr Facebook-Nutzer trudeln ein | iphone-ticker.de","description":"Beim Teilen interessanter Facebook-Artikel solltet ihr zuk\u00fcnftig noch etwas genauer aufpassen als bislang. Nach Angaben der auf Internetrecht spezialisierten Kanzlei Wilde, Beuger und Solmecke k\u00f6nnte eine neue Abmahnwelle bevorstehen, die sich diesmal gegen Nutzer des Facebook-eigenen Teilen-Knopfes richtet. Im ersten, jetzt ver\u00f6ffentlichten Fall hat es die Inhaberin einer Fahrschule getroffen, die den Teilen-Button in einem","canonical_url":"https:\/\/www.iphone-ticker.de\/aufpassen-beim-liken-erste-abmahnung-fuer-facebook-nutzer-trudeln-ein-79278\/","robots":"max-image-preview:large","keywords":"","webmasterTools":{"google-site-verification":"bRuV4_wqNuoQLypC9HVKibZ0X7EtNyELtju97qgyflM","miscellaneous":""},"schema":{"@context":"https:\/\/schema.org","@graph":[{"@type":"BreadcrumbList","@id":"https:\/\/www.iphone-ticker.de\/aufpassen-beim-liken-erste-abmahnung-fuer-facebook-nutzer-trudeln-ein-79278\/#breadcrumblist","itemListElement":[{"@type":"ListItem","@id":"https:\/\/www.iphone-ticker.de#listItem","position":1,"name":"Home","item":"https:\/\/www.iphone-ticker.de","nextItem":{"@type":"ListItem","@id":"https:\/\/www.iphone-ticker.de\/category\/news\/#listItem","name":"News"}},{"@type":"ListItem","@id":"https:\/\/www.iphone-ticker.de\/category\/news\/#listItem","position":2,"name":"News","item":"https:\/\/www.iphone-ticker.de\/category\/news\/","nextItem":{"@type":"ListItem","@id":"https:\/\/www.iphone-ticker.de\/aufpassen-beim-liken-erste-abmahnung-fuer-facebook-nutzer-trudeln-ein-79278\/#listItem","name":"Aufpassen beim &#8222;Liken&#8220;: Erste Abmahnungen f\u00fcr Facebook-Nutzer trudeln ein"},"previousItem":{"@type":"ListItem","@id":"https:\/\/www.iphone-ticker.de#listItem","name":"Home"}},{"@type":"ListItem","@id":"https:\/\/www.iphone-ticker.de\/aufpassen-beim-liken-erste-abmahnung-fuer-facebook-nutzer-trudeln-ein-79278\/#listItem","position":3,"name":"Aufpassen beim &#8222;Liken&#8220;: Erste Abmahnungen f\u00fcr Facebook-Nutzer trudeln ein","previousItem":{"@type":"ListItem","@id":"https:\/\/www.iphone-ticker.de\/category\/news\/#listItem","name":"News"}}]},{"@type":"NewsArticle","@id":"https:\/\/www.iphone-ticker.de\/aufpassen-beim-liken-erste-abmahnung-fuer-facebook-nutzer-trudeln-ein-79278\/#newsarticle","name":"Aufpassen beim \u201eLiken\u201c: Erste Abmahnungen f\u00fcr Facebook-Nutzer trudeln ein | iphone-ticker.de","headline":"Aufpassen beim &#8222;Liken&#8220;: Erste Abmahnungen f\u00fcr Facebook-Nutzer trudeln ein","author":{"@id":"https:\/\/www.iphone-ticker.de\/author\/admin\/#author"},"publisher":{"@id":"https:\/\/www.iphone-ticker.de\/#organization"},"image":{"@type":"ImageObject","url":"https:\/\/images.iphone-ticker.de\/wp-content\/uploads\/2013\/10\/facebook-icon.jpg","width":150,"height":150},"datePublished":"2015-03-23T17:31:56+01:00","dateModified":"2015-03-23T20:19:13+01:00","inLanguage":"de-DE","commentCount":99,"mainEntityOfPage":{"@id":"https:\/\/www.iphone-ticker.de\/aufpassen-beim-liken-erste-abmahnung-fuer-facebook-nutzer-trudeln-ein-79278\/#webpage"},"isPartOf":{"@id":"https:\/\/www.iphone-ticker.de\/aufpassen-beim-liken-erste-abmahnung-fuer-facebook-nutzer-trudeln-ein-79278\/#webpage"},"articleSection":"News, Apps, Facebook, Recht","dateline":"Ver\u00f6ffentlicht am M\u00e4rz 23, 2015."},{"@type":"Organization","@id":"https:\/\/www.iphone-ticker.de\/#organization","name":"aketo GmbH","description":"Die aketo GmbH versorgt das deutschsprachige Internet mit den f\u00fchrenden Nachrichtenangeboten zu Apple, dem iPhone, dem iPad und Apples Lifestyle-Produkten. Konzepte, Redaktion, Recherchen und Archiv.","url":"https:\/\/www.iphone-ticker.de\/","email":"ifun.de@gmail.com","telephone":"+493057707123","foundingDate":"2007-01-01","logo":{"@type":"ImageObject","url":"https:\/\/images.iphone-ticker.de\/wp-content\/uploads\/2026\/02\/apple-touch-icon.png","@id":"https:\/\/www.iphone-ticker.de\/aufpassen-beim-liken-erste-abmahnung-fuer-facebook-nutzer-trudeln-ein-79278\/#organizationLogo","width":1024,"height":1024,"caption":"Apple Touch Icon"},"image":{"@id":"https:\/\/www.iphone-ticker.de\/aufpassen-beim-liken-erste-abmahnung-fuer-facebook-nutzer-trudeln-ein-79278\/#organizationLogo"},"sameAs":["https:\/\/facebook.com\/ifun.de","https:\/\/x.com\/iphoneticker"]},{"@type":"Person","@id":"https:\/\/www.iphone-ticker.de\/author\/admin\/#author","url":"https:\/\/www.iphone-ticker.de\/author\/admin\/","name":"Nicolas"},{"@type":"WebPage","@id":"https:\/\/www.iphone-ticker.de\/aufpassen-beim-liken-erste-abmahnung-fuer-facebook-nutzer-trudeln-ein-79278\/#webpage","url":"https:\/\/www.iphone-ticker.de\/aufpassen-beim-liken-erste-abmahnung-fuer-facebook-nutzer-trudeln-ein-79278\/","name":"Aufpassen beim \u201eLiken\u201c: Erste Abmahnungen f\u00fcr Facebook-Nutzer trudeln ein | iphone-ticker.de","description":"Beim Teilen interessanter Facebook-Artikel solltet ihr zuk\u00fcnftig noch etwas genauer aufpassen als bislang. Nach Angaben der auf Internetrecht spezialisierten Kanzlei Wilde, Beuger und Solmecke k\u00f6nnte eine neue Abmahnwelle bevorstehen, die sich diesmal gegen Nutzer des Facebook-eigenen Teilen-Knopfes richtet. Im ersten, jetzt ver\u00f6ffentlichten Fall hat es die Inhaberin einer Fahrschule getroffen, die den Teilen-Button in einem","inLanguage":"de-DE","isPartOf":{"@id":"https:\/\/www.iphone-ticker.de\/#website"},"breadcrumb":{"@id":"https:\/\/www.iphone-ticker.de\/aufpassen-beim-liken-erste-abmahnung-fuer-facebook-nutzer-trudeln-ein-79278\/#breadcrumblist"},"author":{"@id":"https:\/\/www.iphone-ticker.de\/author\/admin\/#author"},"creator":{"@id":"https:\/\/www.iphone-ticker.de\/author\/admin\/#author"},"image":{"@type":"ImageObject","url":"https:\/\/images.iphone-ticker.de\/wp-content\/uploads\/2013\/10\/facebook-icon.jpg","@id":"https:\/\/www.iphone-ticker.de\/aufpassen-beim-liken-erste-abmahnung-fuer-facebook-nutzer-trudeln-ein-79278\/#mainImage","width":150,"height":150},"primaryImageOfPage":{"@id":"https:\/\/www.iphone-ticker.de\/aufpassen-beim-liken-erste-abmahnung-fuer-facebook-nutzer-trudeln-ein-79278\/#mainImage"},"datePublished":"2015-03-23T17:31:56+01:00","dateModified":"2015-03-23T20:19:13+01:00"},{"@type":"WebSite","@id":"https:\/\/www.iphone-ticker.de\/#website","url":"https:\/\/www.iphone-ticker.de\/","name":"iphone-ticker.de","description":"Alles zum iPhone. Seit 2007.","inLanguage":"de-DE","publisher":{"@id":"https:\/\/www.iphone-ticker.de\/#organization"}}]},"og:locale":"de_DE","og:site_name":"iphone-ticker.de | Alles zum iPhone. Seit 2007.","og:type":"article","og:title":"Aufpassen beim \u201eLiken\u201c: Erste Abmahnungen f\u00fcr Facebook-Nutzer trudeln ein | iphone-ticker.de","og:description":"Beim Teilen interessanter Facebook-Artikel solltet ihr zuk\u00fcnftig noch etwas genauer aufpassen als bislang. Nach Angaben der auf Internetrecht spezialisierten Kanzlei Wilde, Beuger und Solmecke k\u00f6nnte eine neue Abmahnwelle bevorstehen, die sich diesmal gegen Nutzer des Facebook-eigenen Teilen-Knopfes richtet. Im ersten, jetzt ver\u00f6ffentlichten Fall hat es die Inhaberin einer Fahrschule getroffen, die den Teilen-Button in einem","og:url":"https:\/\/www.iphone-ticker.de\/aufpassen-beim-liken-erste-abmahnung-fuer-facebook-nutzer-trudeln-ein-79278\/","article:published_time":"2015-03-23T16:31:56+00:00","article:modified_time":"2015-03-23T19:19:13+00:00","article:publisher":"https:\/\/facebook.com\/ifun.de","twitter:card":"summary_large_image","twitter:site":"@iphoneticker","twitter:title":"Aufpassen beim \u201eLiken\u201c: Erste Abmahnungen f\u00fcr Facebook-Nutzer trudeln ein | iphone-ticker.de","twitter:description":"Beim Teilen interessanter Facebook-Artikel solltet ihr zuk\u00fcnftig noch etwas genauer aufpassen als bislang. Nach Angaben der auf Internetrecht spezialisierten Kanzlei Wilde, Beuger und Solmecke k\u00f6nnte eine neue Abmahnwelle bevorstehen, die sich diesmal gegen Nutzer des Facebook-eigenen Teilen-Knopfes richtet. Im ersten, jetzt ver\u00f6ffentlichten Fall hat es die Inhaberin einer Fahrschule getroffen, die den Teilen-Button in einem","twitter:creator":"@iphoneticker"},"aioseo_meta_data":{"post_id":"79278","title":null,"description":null,"keywords":null,"keyphrases":null,"primary_term":null,"canonical_url":null,"og_title":null,"og_description":null,"og_object_type":"default","og_image_type":"default","og_image_url":null,"og_image_width":null,"og_image_height":null,"og_image_custom_url":null,"og_image_custom_fields":null,"og_video":null,"og_custom_url":null,"og_article_section":null,"og_article_tags":null,"twitter_use_og":false,"twitter_card":"default","twitter_image_type":"default","twitter_image_url":null,"twitter_image_custom_url":null,"twitter_image_custom_fields":null,"twitter_title":null,"twitter_description":null,"schema":{"blockGraphs":[],"customGraphs":[],"default":{"data":{"Article":[],"Course":[],"Dataset":[],"FAQPage":[],"Movie":[],"Person":[],"Product":[],"ProductReview":[],"Car":[],"Recipe":[],"Service":[],"SoftwareApplication":[],"WebPage":[]},"graphName":"NewsArticle","isEnabled":true},"graphs":[]},"schema_type":"default","schema_type_options":null,"pillar_content":false,"robots_default":true,"robots_noindex":false,"robots_noarchive":false,"robots_nosnippet":false,"robots_nofollow":false,"robots_noimageindex":false,"robots_noodp":false,"robots_notranslate":false,"robots_max_snippet":null,"robots_max_videopreview":null,"robots_max_imagepreview":"large","priority":null,"frequency":null,"local_seo":null,"seo_analyzer_scan_date":"2026-07-02 09:05:00","breadcrumb_settings":null,"limit_modified_date":false,"open_ai":null,"ai":null,"created":"2026-02-19 17:45:33","updated":"2026-07-02 09:05:00","focus_keyword":null,"additional_keywords":null,"truseo_locale":null},"aioseo_breadcrumb":"<div class=\"aioseo-breadcrumbs\"><span class=\"aioseo-breadcrumb\">\n\t<a href=\"https:\/\/www.iphone-ticker.de\" title=\"Home\">Home<\/a>\n<\/span><span class=\"aioseo-breadcrumb-separator\">\u00bb<\/span><span class=\"aioseo-breadcrumb\">\n\t<a href=\"https:\/\/www.iphone-ticker.de\/category\/news\/\" title=\"News\">News<\/a>\n<\/span><span class=\"aioseo-breadcrumb-separator\">\u00bb<\/span><span class=\"aioseo-breadcrumb\">\n\tAufpassen beim \u201eLiken\u201c: Erste Abmahnungen f\u00fcr Facebook-Nutzer trudeln ein\n<\/span><\/div>","aioseo_breadcrumb_json":[{"label":"Home","link":"https:\/\/www.iphone-ticker.de"},{"label":"News","link":"https:\/\/www.iphone-ticker.de\/category\/news\/"},{"label":"Aufpassen beim &#8222;Liken&#8220;: Erste Abmahnungen f\u00fcr Facebook-Nutzer trudeln ein","link":"https:\/\/www.iphone-ticker.de\/aufpassen-beim-liken-erste-abmahnung-fuer-facebook-nutzer-trudeln-ein-79278\/"}],"featured_image":["http:\/\/www.iphone-ticker.de\/wp-content\/uploads\/2013\/10\/facebook-update.jpg"],"rest_api_enabler":{"featured_image":"http:\/\/www.iphone-ticker.de\/wp-content\/uploads\/2013\/10\/facebook-update.jpg"},"_links":{"self":[{"href":"https:\/\/www.iphone-ticker.de\/apiv2\/wp\/v2\/posts\/79278","targetHints":{"allow":["GET"]}}],"collection":[{"href":"https:\/\/www.iphone-ticker.de\/apiv2\/wp\/v2\/posts"}],"about":[{"href":"https:\/\/www.iphone-ticker.de\/apiv2\/wp\/v2\/types\/post"}],"author":[{"embeddable":true,"href":"https:\/\/www.iphone-ticker.de\/apiv2\/wp\/v2\/users\/1"}],"replies":[{"embeddable":true,"href":"https:\/\/www.iphone-ticker.de\/apiv2\/wp\/v2\/comments?post=79278"}],"version-history":[{"count":4,"href":"https:\/\/www.iphone-ticker.de\/apiv2\/wp\/v2\/posts\/79278\/revisions"}],"predecessor-version":[{"id":79296,"href":"https:\/\/www.iphone-ticker.de\/apiv2\/wp\/v2\/posts\/79278\/revisions\/79296"}],"wp:featuredmedia":[{"embeddable":true,"href":"https:\/\/www.iphone-ticker.de\/apiv2\/wp\/v2\/media\/55872"}],"wp:attachment":[{"href":"https:\/\/www.iphone-ticker.de\/apiv2\/wp\/v2\/media?parent=79278"}],"wp:term":[{"taxonomy":"category","embeddable":true,"href":"https:\/\/www.iphone-ticker.de\/apiv2\/wp\/v2\/categories?post=79278"},{"taxonomy":"post_tag","embeddable":true,"href":"https:\/\/www.iphone-ticker.de\/apiv2\/wp\/v2\/tags?post=79278"}],"curies":[{"name":"wp","href":"https:\/\/api.w.org\/{rel}","templated":true}]}}