{"id":78555,"date":"2015-03-09T17:52:45","date_gmt":"2015-03-09T16:52:45","guid":{"rendered":"http:\/\/www.iphone-ticker.de\/?p=78555"},"modified":"2015-03-09T17:52:45","modified_gmt":"2015-03-09T16:52:45","slug":"apple-laedt-zu-stream-und-live-blog-das-apple-watch-event-laeuft","status":"publish","type":"post","link":"https:\/\/www.iphone-ticker.de\/apple-laedt-zu-stream-und-live-blog-das-apple-watch-event-laeuft-78555\/","title":{"rendered":"Apple l\u00e4dt zu Stream und Live-Blog: Das Apple Watch-Event l\u00e4uft"},"content":{"rendered":"<p>Heute vor genau 181 Tagen, am 9. September 2014, hat Apple Chef Tim Cook die Apple Watch erstmals pr\u00e4sentiert. Seitdem laufen die Marketing-Anstrengungen zwar auf Hochtouren, handfeste Informationen zu Spezifikationen, Preisen, Bestell- und Verkaufsabl\u00e4ufen wurden bislang jedoch nur sp\u00e4rlich ges\u00e4t. Fest steht: Die Markteinf\u00fchrung ist f\u00fcr den April vorgesehen. Das g\u00fcnstigste Modell wird es f\u00fcr etwa 350\u20ac geben.<\/p>\n<p><a href=\"http:\/\/www.iphone-ticker.de\/wp-content\/uploads\/2015\/03\/stuhl.jpg\"><img loading=\"lazy\" decoding=\"async\" src=\"http:\/\/www.iphone-ticker.de\/wp-content\/uploads\/2015\/03\/stuhl.jpg\" alt=\"stuhl\" width=\"500\" height=\"284\" class=\"aligncenter size-full wp-image-78561\" srcset=\"https:\/\/images.iphone-ticker.de\/wp-content\/uploads\/2015\/03\/stuhl.jpg 500w, https:\/\/images.iphone-ticker.de\/wp-content\/uploads\/2015\/03\/stuhl-300x170.jpg 300w\" sizes=\"auto, (max-width: 500px) 100vw, 500px\" \/><\/a><\/p>\n<p>Aber egal. In den kommenden 90 Minuten sollen die letzten noch <a href=\"http:\/\/www.ifun.de\/apple-event-heute-ab-18-uhr-das-erwarten-wir-das-muesst-ihr-wissen-74060\/\">offenen Fragen<\/a> zum iPhone-Kompagnon beantwortet werden. <\/p>\n<p>Cupertino hat dazu zahlreiche Medienvertreter nach San Francisco geladen und startet um 18 Uhr mit der Live\u00fcbertragung des Apple-Events &#8222;Spring Forward&#8220;, dem ihr auf der Sonderseite <a href=\"http:\/\/apple.com\/live\">apple.com\/live<\/a>, \u00fcber einen <a href=\"http:\/\/www.ifun.de\/apple-tv-bereit-fuer-das-spring-forward-event-74077\/\">Spezial-Kanal<\/a> auf dem Apple TV oder alternativ auch mit <a href=\"http:\/\/www.iphone-ticker.de\/apple-watch-event-livestream-fuer-windows-und-vlc-78541\/\">diesem Link<\/a> im VLC-Player auf Windows und Linux beiwohnen k\u00f6nnt. Apple selbst bietet zudem ein <a href=\"http:\/\/www.apple.com\/live\/2015-mar-event\/\">Live-Blog<\/a> mit Bildern an. <\/p>\n<p>Holt das Popcorn aus der Mikrowelle und schnallt euch an. Wir w\u00fcnschen gute Unterhaltung und empfehlen euch schon jetzt diesen <a href=\"https:\/\/itunes.apple.com\/de\/podcast\/apple-keynotes\/id275834665?mt=2\">Apple Podcast<\/a> zu abonnieren, hier wird ein zeitnaher Mitschnitt des Apple-Events zum Download bereitstehen. <\/p>\n<p>Wie gewohnt berichten wir sowohl auf <a href=\"http:\/\/ifun.de\">ifun.de<\/a> als auch auf <a href=\"http:\/\/iphone-ticker.de\">iphone-ticker.de<\/a> wieder zeitnah \u00fcber alle Neuank\u00fcndigungen, die uns im Rahmen des Apple-Events in San Francisco hoffentlich \u00fcberraschen werden. <\/p>\n","protected":false},"excerpt":{"rendered":"<a href=\"https:\/\/www.iphone-ticker.de\/apple-laedt-zu-stream-und-live-blog-das-apple-watch-event-laeuft-78555\/\"><img width=\"150\" height=\"150\" src=\"https:\/\/images.iphone-ticker.de\/wp-content\/uploads\/2015\/03\/evet-building-150x150.jpg\" class=\"alignright tfe wp-post-image\" alt=\"\" decoding=\"async\" loading=\"lazy\" \/><\/a><p>Heute vor genau 181 Tagen, am 9. September 2014, hat Apple Chef Tim Cook die Apple Watch erstmals pr\u00e4sentiert. Seitdem laufen die Marketing-Anstrengungen zwar auf Hochtouren, handfeste Informationen zu Spezifikationen, Preisen, Bestell- und Verkaufsabl\u00e4ufen wurden bislang jedoch nur sp\u00e4rlich ges\u00e4t. Fest steht: Die Markteinf\u00fchrung ist f\u00fcr den April vorgesehen. Das g\u00fcnstigste Modell wird es f\u00fcr [&hellip;]<\/p>\n","protected":false},"author":1,"featured_media":78560,"comment_status":"open","ping_status":"closed","sticky":false,"template":"","format":"standard","meta":{"footnotes":""},"categories":[489],"tags":[3912,2759],"class_list":["post-78555","post","type-post","status-publish","format-standard","has-post-thumbnail","hentry","category-videos","tag-apple","tag-apple-watch"],"aioseo_notices":[],"featured_image":["http:\/\/www.iphone-ticker.de\/wp-content\/uploads\/2015\/03\/evet-building.jpg"],"rest_api_enabler":{"featured_image":"http:\/\/www.iphone-ticker.de\/wp-content\/uploads\/2015\/03\/evet-building.jpg"},"_links":{"self":[{"href":"https:\/\/www.iphone-ticker.de\/apiv2\/wp\/v2\/posts\/78555","targetHints":{"allow":["GET"]}}],"collection":[{"href":"https:\/\/www.iphone-ticker.de\/apiv2\/wp\/v2\/posts"}],"about":[{"href":"https:\/\/www.iphone-ticker.de\/apiv2\/wp\/v2\/types\/post"}],"author":[{"embeddable":true,"href":"https:\/\/www.iphone-ticker.de\/apiv2\/wp\/v2\/users\/1"}],"replies":[{"embeddable":true,"href":"https:\/\/www.iphone-ticker.de\/apiv2\/wp\/v2\/comments?post=78555"}],"version-history":[{"count":5,"href":"https:\/\/www.iphone-ticker.de\/apiv2\/wp\/v2\/posts\/78555\/revisions"}],"predecessor-version":[{"id":78586,"href":"https:\/\/www.iphone-ticker.de\/apiv2\/wp\/v2\/posts\/78555\/revisions\/78586"}],"wp:featuredmedia":[{"embeddable":true,"href":"https:\/\/www.iphone-ticker.de\/apiv2\/wp\/v2\/media\/78560"}],"wp:attachment":[{"href":"https:\/\/www.iphone-ticker.de\/apiv2\/wp\/v2\/media?parent=78555"}],"wp:term":[{"taxonomy":"category","embeddable":true,"href":"https:\/\/www.iphone-ticker.de\/apiv2\/wp\/v2\/categories?post=78555"},{"taxonomy":"post_tag","embeddable":true,"href":"https:\/\/www.iphone-ticker.de\/apiv2\/wp\/v2\/tags?post=78555"}],"curies":[{"name":"wp","href":"https:\/\/api.w.org\/{rel}","templated":true}]}}