{"id":78166,"date":"2015-02-27T12:22:59","date_gmt":"2015-02-27T11:22:59","guid":{"rendered":"http:\/\/www.iphone-ticker.de\/?p=78166"},"modified":"2015-03-04T13:26:36","modified_gmt":"2015-03-04T12:26:36","slug":"apple-watch-fashion-week-auftritt-und-verkaufsstart-anfang-april-wahrscheinlich","status":"publish","type":"post","link":"https:\/\/www.iphone-ticker.de\/apple-watch-fashion-week-auftritt-und-verkaufsstart-anfang-april-wahrscheinlich-78166\/","title":{"rendered":"Apple Watch: Verkaufsstart Anfang April wahrscheinlich"},"content":{"rendered":"<p>Am <a href=\"http:\/\/www.ifun.de\/spring-forward-apple-event-am-9-maerz-73683\/\">9. M\u00e4rz<\/a> wird Apple unter dem Motto \u201eSpring Forward\u201c wohl die letzten den Blick auf die Apple Watch verh\u00fcllenden Vorh\u00e4nge l\u00fcften. Dazu z\u00e4hlen konkrete Angaben zum Preis und Verkaufsstart der Uhr. Sowohl die Terminwahl als auch Informationen aus dem Apple-Umfeld laden jedoch schon jetzt zu Spekulationen ein.<\/p>\n<p><a href=\"http:\/\/images.ifun.de\/wp-content\/uploads\/2014\/11\/apple-watch-500.jpg\"><img loading=\"lazy\" decoding=\"async\" src=\"http:\/\/images.ifun.de\/wp-content\/uploads\/2014\/11\/apple-watch-500.jpg\" alt=\"apple-watch-500\" width=\"500\" height=\"285\" class=\"aligncenter size-full wp-image-68689\" \/><\/a><\/p>\n<p>Zun\u00e4chst zum 9. M\u00e4rz: Wir k\u00f6nnen uns spontan nicht daran erinnern, dass Apple zuvor schon an einem Montag ein derartiges Event abgehalten hat. Der Dienstag und der Mittwoch haben sich in den letzten Jahren als favorisierte Wochentage herauskristallisiert und so darf \u00fcber diese Wahl durchaus diskutiert werden. F\u00fcr uns die naheliegendste Theorie w\u00e4re ein Zusammenhang mit der Paris Fashion Week. Apple hat in letzter Zeit deutlich gemacht, dass die vom 3 bis 11. M\u00e4rz in Paris versammelte Modebranche zu den Hauptzielgruppen der Apple Watch geh\u00f6rt. Wir erinnern uns an die <a href=\"http:\/\/www.ifun.de\/apple-watch-wird-im-rahmen-der-paris-fashion-week-oeffentlich-praesentiert-66939\/\">Vorabpr\u00e4sentation<\/a> in der Pariser Boutique Colette und Anzeigenschaltungen in diversen Modemagazinen. Ein weiterer exklusiver Auftritt der Uhr in Paris direkt am 9. M\u00e4rz oder den darauffolgenden Tagen w\u00fcrde uns nicht \u00fcberraschen.<\/p>\n<p><h5>Verkaufstart Anfang April wahrscheinlich<\/h5>\n<p>Bez\u00fcglich des geplanten Verkaufsstarts gibt es <a href=\"http:\/\/www.macrumors.com\/2015\/02\/26\/apple-watch-early-april-launch\/\">ernstzunehmende Ger\u00fcchte<\/a> aus den USA, denen zufolge erste Lieferungen an die US-Verkaufsstellen f\u00fcr die ersten April-Tage geplant sind und die Uhr zwischen dem 6. und 10. April in den Handel kommen k\u00f6nnte. F\u00fcr diesen Termin spricht nat\u00fcrlich massiv auch die Tatsache, dass Apple-Chef Tim Cook inzwischen auch offiziell von einem <a href=\"http:\/\/www.ifun.de\/apple-watch-ab-april-im-handel-72255\/\">April-Start der Apple Watch<\/a> gesprochen hat.<\/p>\n<p>Dennoch wollen wir zumindest erw\u00e4hnen, dass uns Informationen dahingehend vorliegen, dass f\u00fcr Teile des Apple Support eine Urlaubssperre f\u00fcr M\u00e4rz verh\u00e4ngt wurde. Wenn wir letzteres als m\u00f6gliches Indiz f\u00fcr einen Verkaufsstart bereits in diesem Monat werten, dann w\u00e4re das in doppelten Sinne eine gute Nachricht. Die Apple Watch w\u00e4re nicht nur fr\u00fcher als geplant erh\u00e4ltlich, sondern auch gleich in Europa &#8211; den die Urlaubssperre betrifft wohl auch das europ\u00e4ische Supportnetz von Apple. Bis dato steht n\u00e4mlich immer noch in den Sternen, ob Apple die Uhr tats\u00e4chlich gleich global in den Verkauf bringt, oder zun\u00e4chst nur die USA bedient.<\/p>\n","protected":false},"excerpt":{"rendered":"<a href=\"https:\/\/www.iphone-ticker.de\/apple-watch-fashion-week-auftritt-und-verkaufsstart-anfang-april-wahrscheinlich-78166\/\"><img width=\"150\" height=\"150\" src=\"https:\/\/images.iphone-ticker.de\/wp-content\/uploads\/2015\/02\/apple-spring-forward-header-150x150.jpg\" class=\"alignright tfe wp-post-image\" alt=\"\" decoding=\"async\" loading=\"lazy\" \/><\/a><p>Am 9. M\u00e4rz wird Apple unter dem Motto \u201eSpring Forward\u201c wohl die letzten den Blick auf die Apple Watch verh\u00fcllenden Vorh\u00e4nge l\u00fcften. Dazu z\u00e4hlen konkrete Angaben zum Preis und Verkaufsstart der Uhr. Sowohl die Terminwahl als auch Informationen aus dem Apple-Umfeld laden jedoch schon jetzt zu Spekulationen ein. Zun\u00e4chst zum 9. M\u00e4rz: Wir k\u00f6nnen uns [&hellip;]<\/p>\n","protected":false},"author":2,"featured_media":78170,"comment_status":"open","ping_status":"closed","sticky":false,"template":"","format":"standard","meta":{"footnotes":""},"categories":[14,1975],"tags":[2759],"class_list":["post-78166","post","type-post","status-publish","format-standard","has-post-thumbnail","hentry","category-apple","category-feature","tag-apple-watch"],"aioseo_notices":[],"featured_image":["http:\/\/www.iphone-ticker.de\/wp-content\/uploads\/2015\/02\/apple-spring-forward-header.jpg"],"rest_api_enabler":{"featured_image":"http:\/\/www.iphone-ticker.de\/wp-content\/uploads\/2015\/02\/apple-spring-forward-header.jpg"},"_links":{"self":[{"href":"https:\/\/www.iphone-ticker.de\/apiv2\/wp\/v2\/posts\/78166","targetHints":{"allow":["GET"]}}],"collection":[{"href":"https:\/\/www.iphone-ticker.de\/apiv2\/wp\/v2\/posts"}],"about":[{"href":"https:\/\/www.iphone-ticker.de\/apiv2\/wp\/v2\/types\/post"}],"author":[{"embeddable":true,"href":"https:\/\/www.iphone-ticker.de\/apiv2\/wp\/v2\/users\/2"}],"replies":[{"embeddable":true,"href":"https:\/\/www.iphone-ticker.de\/apiv2\/wp\/v2\/comments?post=78166"}],"version-history":[{"count":5,"href":"https:\/\/www.iphone-ticker.de\/apiv2\/wp\/v2\/posts\/78166\/revisions"}],"predecessor-version":[{"id":78355,"href":"https:\/\/www.iphone-ticker.de\/apiv2\/wp\/v2\/posts\/78166\/revisions\/78355"}],"wp:featuredmedia":[{"embeddable":true,"href":"https:\/\/www.iphone-ticker.de\/apiv2\/wp\/v2\/media\/78170"}],"wp:attachment":[{"href":"https:\/\/www.iphone-ticker.de\/apiv2\/wp\/v2\/media?parent=78166"}],"wp:term":[{"taxonomy":"category","embeddable":true,"href":"https:\/\/www.iphone-ticker.de\/apiv2\/wp\/v2\/categories?post=78166"},{"taxonomy":"post_tag","embeddable":true,"href":"https:\/\/www.iphone-ticker.de\/apiv2\/wp\/v2\/tags?post=78166"}],"curies":[{"name":"wp","href":"https:\/\/api.w.org\/{rel}","templated":true}]}}