{"id":77985,"date":"2015-02-24T10:59:57","date_gmt":"2015-02-24T09:59:57","guid":{"rendered":"http:\/\/www.iphone-ticker.de\/?p=77985"},"modified":"2015-02-24T14:25:03","modified_gmt":"2015-02-24T13:25:03","slug":"siri-lernt-tuerkisch-daenisch-und-co","status":"publish","type":"post","link":"https:\/\/www.iphone-ticker.de\/siri-lernt-tuerkisch-daenisch-und-co-77985\/","title":{"rendered":"iOS 8.3: Siri lernt T\u00fcrkisch, D\u00e4nisch und Co."},"content":{"rendered":"<p>Zus\u00e4tzlich zu Integration des <a href=\"http:\/\/www.iphone-ticker.de\/ios-8-3-bringt-telekom-netzwahlschalter-lte-3g-und-2g-77395\/\" title=\"iOS 8.3 bringt Telekom Netzwahlschalter: LTE, 3G und 2G\">Netzwahlschalters<\/a> und der Einf\u00fchrung neuer Emoji-Symbole &#8211; ifun.de <a href=\"http:\/\/www.ifun.de\/os-x-10-10-3-bringt-hautfarbenwaehler-fuer-emojis-und-apple-watch-als-symbol-73493\/\">berichtete<\/a> &#8211; bringt die zweite Vorabversion des iPhone Betriebssystems iOS 8.3 nun auch neue Sprachen f\u00fcr Apples Assistentin Siri mit. <\/p>\n<p><a href=\"http:\/\/www.iphone-ticker.de\/wp-content\/uploads\/2015\/02\/guten-abend.jpg\"><img loading=\"lazy\" decoding=\"async\" src=\"http:\/\/www.iphone-ticker.de\/wp-content\/uploads\/2015\/02\/guten-abend.jpg\" alt=\"guten-abend\" width=\"500\" height=\"245\" class=\"aligncenter size-full wp-image-77986\" srcset=\"https:\/\/images.iphone-ticker.de\/wp-content\/uploads\/2015\/02\/guten-abend.jpg 500w, https:\/\/images.iphone-ticker.de\/wp-content\/uploads\/2015\/02\/guten-abend-300x147.jpg 300w\" sizes=\"auto, (max-width: 500px) 100vw, 500px\" \/><\/a><\/p>\n<p>Mehr als drei Jahre nach dem offiziellen Siri-Start in 2011 antwortet das iPhone nun auch auf t\u00fcrkische, d\u00e4nische und schwedische Fragen, versteht sich auf Niederl\u00e4ndisch, Russisch, Thai und Portugiesisch. <\/p>\n<p>Siris Standard-Sprache l\u00e4sst sich unabh\u00e4ngig von der Anzeige-Sprache eures Ger\u00e4tes w\u00e4hlen &#8211; Einstellungen > Allgemein > Siri > Sprache &#8211; und kann jederzeit gewechselt werden. Schon im kommenden Monat soll Apple eine <a href=\"http:\/\/www.iphone-ticker.de\/apple-plant-angeblich-offenes-beta-programm-fuer-ios-8-3-und-ios-9-77885\/\">\u00f6ffentliche Beta<\/a> des neuen Betriebssystems anbieten, die auch f\u00fcr Nutzer ohne aktiven Entwickler-Account verf\u00fcgbar sein soll.<\/p>\n<p><a href=\"http:\/\/www.iphone-ticker.de\/wp-content\/uploads\/2015\/02\/fragen.jpg\"><img loading=\"lazy\" decoding=\"async\" src=\"http:\/\/www.iphone-ticker.de\/wp-content\/uploads\/2015\/02\/fragen.jpg\" alt=\"fragen\" width=\"700\" height=\"623\" class=\"aligncenter size-full wp-image-77987\" srcset=\"https:\/\/images.iphone-ticker.de\/wp-content\/uploads\/2015\/02\/fragen.jpg 700w, https:\/\/images.iphone-ticker.de\/wp-content\/uploads\/2015\/02\/fragen-300x267.jpg 300w\" sizes=\"auto, (max-width: 700px) 100vw, 700px\" \/><\/a><\/p>\n<p><a href=\"http:\/\/www.iphone-ticker.de\/wp-content\/uploads\/2015\/02\/sprachen.jpg\"><img loading=\"lazy\" decoding=\"async\" src=\"http:\/\/www.iphone-ticker.de\/wp-content\/uploads\/2015\/02\/sprachen.jpg\" alt=\"sprachen\" width=\"700\" height=\"1265\" class=\"aligncenter size-full wp-image-77988\" srcset=\"https:\/\/images.iphone-ticker.de\/wp-content\/uploads\/2015\/02\/sprachen.jpg 700w, https:\/\/images.iphone-ticker.de\/wp-content\/uploads\/2015\/02\/sprachen-166x300.jpg 166w, https:\/\/images.iphone-ticker.de\/wp-content\/uploads\/2015\/02\/sprachen-567x1024.jpg 567w\" sizes=\"auto, (max-width: 700px) 100vw, 700px\" \/><\/a><\/p>\n","protected":false},"excerpt":{"rendered":"<a href=\"https:\/\/www.iphone-ticker.de\/siri-lernt-tuerkisch-daenisch-und-co-77985\/\"><img width=\"150\" height=\"150\" src=\"https:\/\/images.iphone-ticker.de\/wp-content\/uploads\/2015\/01\/super-siri-150x150.jpg\" class=\"alignright tfe wp-post-image\" alt=\"\" decoding=\"async\" loading=\"lazy\" \/><\/a><p>Zus\u00e4tzlich zu Integration des Netzwahlschalters und der Einf\u00fchrung neuer Emoji-Symbole &#8211; ifun.de berichtete &#8211; bringt die zweite Vorabversion des iPhone Betriebssystems iOS 8.3 nun auch neue Sprachen f\u00fcr Apples Assistentin Siri mit. Mehr als drei Jahre nach dem offiziellen Siri-Start in 2011 antwortet das iPhone nun auch auf t\u00fcrkische, d\u00e4nische und schwedische Fragen, versteht sich [&hellip;]<\/p>\n","protected":false},"author":1,"featured_media":76811,"comment_status":"open","ping_status":"closed","sticky":false,"template":"","format":"standard","meta":{"footnotes":""},"categories":[1,1975],"tags":[962,868,2929],"class_list":["post-77985","post","type-post","status-publish","format-standard","has-post-thumbnail","hentry","category-news","category-feature","tag-siri","tag-sprache","tag-tuerkisch"],"aioseo_notices":[],"featured_image":["http:\/\/www.iphone-ticker.de\/wp-content\/uploads\/2015\/02\/siri-turk.jpg"],"subheadline":["Ring til Jesper - Burak'\u0131 Ara"],"rest_api_enabler":{"featured_image":"http:\/\/www.iphone-ticker.de\/wp-content\/uploads\/2015\/02\/siri-turk.jpg","subheadline":"Ring til Jesper - Burak'\u0131 Ara"},"_links":{"self":[{"href":"https:\/\/www.iphone-ticker.de\/apiv2\/wp\/v2\/posts\/77985","targetHints":{"allow":["GET"]}}],"collection":[{"href":"https:\/\/www.iphone-ticker.de\/apiv2\/wp\/v2\/posts"}],"about":[{"href":"https:\/\/www.iphone-ticker.de\/apiv2\/wp\/v2\/types\/post"}],"author":[{"embeddable":true,"href":"https:\/\/www.iphone-ticker.de\/apiv2\/wp\/v2\/users\/1"}],"replies":[{"embeddable":true,"href":"https:\/\/www.iphone-ticker.de\/apiv2\/wp\/v2\/comments?post=77985"}],"version-history":[{"count":2,"href":"https:\/\/www.iphone-ticker.de\/apiv2\/wp\/v2\/posts\/77985\/revisions"}],"predecessor-version":[{"id":77991,"href":"https:\/\/www.iphone-ticker.de\/apiv2\/wp\/v2\/posts\/77985\/revisions\/77991"}],"wp:featuredmedia":[{"embeddable":true,"href":"https:\/\/www.iphone-ticker.de\/apiv2\/wp\/v2\/media\/76811"}],"wp:attachment":[{"href":"https:\/\/www.iphone-ticker.de\/apiv2\/wp\/v2\/media?parent=77985"}],"wp:term":[{"taxonomy":"category","embeddable":true,"href":"https:\/\/www.iphone-ticker.de\/apiv2\/wp\/v2\/categories?post=77985"},{"taxonomy":"post_tag","embeddable":true,"href":"https:\/\/www.iphone-ticker.de\/apiv2\/wp\/v2\/tags?post=77985"}],"curies":[{"name":"wp","href":"https:\/\/api.w.org\/{rel}","templated":true}]}}