{"id":77632,"date":"2015-02-16T13:02:26","date_gmt":"2015-02-16T12:02:26","guid":{"rendered":"http:\/\/www.iphone-ticker.de\/?p=77632"},"modified":"2015-02-16T14:41:26","modified_gmt":"2015-02-16T13:41:26","slug":"firefox-auf-ios-so-soll-der-browser-aussehen","status":"publish","type":"post","link":"https:\/\/www.iphone-ticker.de\/firefox-auf-ios-so-soll-der-browser-aussehen-77632\/","title":{"rendered":"Firefox unter iOS: So soll die Browser-App aussehen"},"content":{"rendered":"<p>Anfang Dezember <a href=\"http:\/\/www.iphone-ticker.de\/freie-ios-apps-firefox-meldet-sich-zurueck-vlc-bleibt-verschwunden-74781\/\">meldete<\/a> sich das Mozilla-Team mit einer erfreulichen Nachricht in der iPhone-Community zur\u00fcck. <\/p>\n<p><a href=\"http:\/\/www.iphone-ticker.de\/wp-content\/uploads\/2014\/12\/fuchs.jpg\"><img loading=\"lazy\" decoding=\"async\" src=\"http:\/\/www.iphone-ticker.de\/wp-content\/uploads\/2014\/12\/fuchs.jpg\" alt=\"fuchs\" width=\"500\" height=\"281\" class=\"aligncenter size-full wp-image-74782\" srcset=\"https:\/\/images.iphone-ticker.de\/wp-content\/uploads\/2014\/12\/fuchs.jpg 500w, https:\/\/images.iphone-ticker.de\/wp-content\/uploads\/2014\/12\/fuchs-300x168.jpg 300w\" sizes=\"auto, (max-width: 500px) 100vw, 500px\" \/><\/a><\/p>\n<p>Die Firefox-Verantwortlichen, die dem iPhone-Betriebssystem bereits 2008 den R\u00fccken gekehrt hatten und die Entwicklung einer iPhone-App mit Verweis auf die Unw\u00e4gbarkeiten des App Stores einstellten, r\u00fcckten iOS wieder in den Fokus ihrer Aufmerksamkeit. <\/p>\n<p>Firefox, so die Ansage, m\u00fcsse potentielle Nutzer auch auf iOS erreichen. Ohne sich auf einen Zeitplan festlegen zu wollen versprach man damals: Man werde die Arbeit an einer iPhone-Version des freien Webbrowsers wieder aufnehmen. <\/p>\n<p><a href=\"http:\/\/www.iphone-ticker.de\/wp-content\/uploads\/2015\/02\/ff1.jpg\"><img loading=\"lazy\" decoding=\"async\" src=\"http:\/\/www.iphone-ticker.de\/wp-content\/uploads\/2015\/02\/ff1.jpg\" alt=\"ff1\" width=\"700\" height=\"618\" class=\"aligncenter size-full wp-image-77635\" srcset=\"https:\/\/images.iphone-ticker.de\/wp-content\/uploads\/2015\/02\/ff1.jpg 700w, https:\/\/images.iphone-ticker.de\/wp-content\/uploads\/2015\/02\/ff1-300x265.jpg 300w\" sizes=\"auto, (max-width: 700px) 100vw, 700px\" \/><\/a><\/p>\n<p>Nun zeigt sich der Safari-Konkurrent in ersten Design-Skizen auf die S\u00f6ren Hentzschel aufmerksam macht. <\/p>\n<blockquote><p>Selbstverst\u00e4ndlich sind diese Mockups nicht als verbindlich anzusehen, bis zur Ver\u00f6ffentlichung kann es noch kleinere, aber auch gr\u00f6\u00dfere \u00c4nderungen geben, teilweise gibt es auch \u00e4hnliche Mockups f\u00fcr den jeweils gleichen Bildschirm. In jedem Fall geben die Mockups eine Idee, was wir in wenigen Monaten von Mozilla erwarten k\u00f6nnen.<\/p><\/blockquote>\n<p>Die komplette Galerie l\u00e4sst sich auf dem Design-Portal <a href=\"https:\/\/mozilla.invisionapp.com\/share\/HA254M642#\/screens\/61500963\">invisionapp.com<\/a> einsehen. Danke Benjamin. <\/p>\n<p><a href=\"http:\/\/www.iphone-ticker.de\/wp-content\/uploads\/2015\/02\/ff2.jpg\"><img loading=\"lazy\" decoding=\"async\" src=\"http:\/\/www.iphone-ticker.de\/wp-content\/uploads\/2015\/02\/ff2.jpg\" alt=\"ff2\" width=\"700\" height=\"599\" class=\"aligncenter size-full wp-image-77634\" srcset=\"https:\/\/images.iphone-ticker.de\/wp-content\/uploads\/2015\/02\/ff2.jpg 700w, https:\/\/images.iphone-ticker.de\/wp-content\/uploads\/2015\/02\/ff2-300x257.jpg 300w\" sizes=\"auto, (max-width: 700px) 100vw, 700px\" \/><\/a><\/p>\n","protected":false},"excerpt":{"rendered":"<a href=\"https:\/\/www.iphone-ticker.de\/firefox-auf-ios-so-soll-der-browser-aussehen-77632\/\"><img width=\"150\" height=\"150\" src=\"https:\/\/images.iphone-ticker.de\/wp-content\/uploads\/2014\/12\/fuchs-150x150.jpg\" class=\"alignright tfe wp-post-image\" alt=\"\" decoding=\"async\" loading=\"lazy\" \/><\/a><p>Anfang Dezember meldete sich das Mozilla-Team mit einer erfreulichen Nachricht in der iPhone-Community zur\u00fcck. Die Firefox-Verantwortlichen, die dem iPhone-Betriebssystem bereits 2008 den R\u00fccken gekehrt hatten und die Entwicklung einer iPhone-App mit Verweis auf die Unw\u00e4gbarkeiten des App Stores einstellten, r\u00fcckten iOS wieder in den Fokus ihrer Aufmerksamkeit. Firefox, so die Ansage, m\u00fcsse potentielle Nutzer auch [&hellip;]<\/p>\n","protected":false},"author":1,"featured_media":74782,"comment_status":"open","ping_status":"closed","sticky":false,"template":"","format":"standard","meta":{"footnotes":""},"categories":[1],"tags":[78,625],"class_list":["post-77632","post","type-post","status-publish","format-standard","has-post-thumbnail","hentry","category-news","tag-design","tag-firefox"],"aioseo_notices":[],"featured_image":["http:\/\/www.iphone-ticker.de\/wp-content\/uploads\/2015\/02\/fire.jpg"],"rest_api_enabler":{"featured_image":"http:\/\/www.iphone-ticker.de\/wp-content\/uploads\/2015\/02\/fire.jpg"},"_links":{"self":[{"href":"https:\/\/www.iphone-ticker.de\/apiv2\/wp\/v2\/posts\/77632","targetHints":{"allow":["GET"]}}],"collection":[{"href":"https:\/\/www.iphone-ticker.de\/apiv2\/wp\/v2\/posts"}],"about":[{"href":"https:\/\/www.iphone-ticker.de\/apiv2\/wp\/v2\/types\/post"}],"author":[{"embeddable":true,"href":"https:\/\/www.iphone-ticker.de\/apiv2\/wp\/v2\/users\/1"}],"replies":[{"embeddable":true,"href":"https:\/\/www.iphone-ticker.de\/apiv2\/wp\/v2\/comments?post=77632"}],"version-history":[{"count":2,"href":"https:\/\/www.iphone-ticker.de\/apiv2\/wp\/v2\/posts\/77632\/revisions"}],"predecessor-version":[{"id":77637,"href":"https:\/\/www.iphone-ticker.de\/apiv2\/wp\/v2\/posts\/77632\/revisions\/77637"}],"wp:featuredmedia":[{"embeddable":true,"href":"https:\/\/www.iphone-ticker.de\/apiv2\/wp\/v2\/media\/74782"}],"wp:attachment":[{"href":"https:\/\/www.iphone-ticker.de\/apiv2\/wp\/v2\/media?parent=77632"}],"wp:term":[{"taxonomy":"category","embeddable":true,"href":"https:\/\/www.iphone-ticker.de\/apiv2\/wp\/v2\/categories?post=77632"},{"taxonomy":"post_tag","embeddable":true,"href":"https:\/\/www.iphone-ticker.de\/apiv2\/wp\/v2\/tags?post=77632"}],"curies":[{"name":"wp","href":"https:\/\/api.w.org\/{rel}","templated":true}]}}