{"id":77099,"date":"2015-02-04T12:24:18","date_gmt":"2015-02-04T11:24:18","guid":{"rendered":"http:\/\/www.iphone-ticker.de\/?p=77099"},"modified":"2015-02-04T16:52:29","modified_gmt":"2015-02-04T15:52:29","slug":"iphone-6-berichte-ueber-verschobene-front-kamera-reissen-nicht-ab","status":"publish","type":"post","link":"https:\/\/www.iphone-ticker.de\/iphone-6-berichte-ueber-verschobene-front-kamera-reissen-nicht-ab-77099\/","title":{"rendered":"iPhone 6: Berichte \u00fcber verschobene Front-Kamera rei\u00dfen nicht ab"},"content":{"rendered":"<p>Mit Blick auf unseren Posteingang, auf eure Mails des laufenden Jahres und auf die Diskussionen, die in Apples Support-Forum <a href=\"https:\/\/discussions.apple.com\/thread\/6620092\">noch<\/a> <a href=\"https:\/\/discussions.apple.com\/message\/27467875\">immer<\/a> <a href=\"https:\/\/discussions.apple.com\/thread\/6732939\">f\u00fcr<\/a> interessierte Besucher und frische Wortmeldungen sorgen, wollen wir uns erneut einem Thema annehmen, das uns bereits durch den Dezember begleitete: Die <a href=\"http:\/\/www.iphone-ticker.de\/fertigungstoleranz-berichte-ueber-verschobene-iphone-6-kameras-mehren-sich-74851\/\">verschobene Front-Kamera<\/a> des iPhone 6. <\/p>\n<p><a href=\"http:\/\/www.iphone-ticker.de\/wp-content\/uploads\/2015\/02\/frontkamera.jpg\"><img loading=\"lazy\" decoding=\"async\" src=\"http:\/\/www.iphone-ticker.de\/wp-content\/uploads\/2015\/02\/frontkamera.jpg\" alt=\"frontkamera\" width=\"500\" height=\"294\" class=\"aligncenter size-full wp-image-77100\" srcset=\"https:\/\/images.iphone-ticker.de\/wp-content\/uploads\/2015\/02\/frontkamera.jpg 500w, https:\/\/images.iphone-ticker.de\/wp-content\/uploads\/2015\/02\/frontkamera-300x176.jpg 300w\" sizes=\"auto, (max-width: 500px) 100vw, 500px\" \/><\/a><\/p>\n<p><a href=\"http:\/\/www.iphone-ticker.de\/fertigungstoleranz-berichte-ueber-verschobene-iphone-6-kameras-mehren-sich-74851\/\">Hier<\/a> in den News, hat das iPhone 6-Problem die Funktionsf\u00e4higkeit der vorderseitig angebrachten Kamera bislang zwar bei keinem unserer Leser einschr\u00e4nkt, der unsch\u00f6ne Rahmen um die Linse betrifft inzwischen aber auch Ger\u00e4te, die Ende des vergangenen Jahres noch keinen Anlass f\u00fcr einen Ausflug in den n\u00e4chsten Apple Store boten. <\/p>\n<p>Rund f\u00fcnf Monaten nach dem Verkaufsstart des iPhone 6 scheint sich die Front-Kamera der aktuellen iPhone-Generation mittlerweile auch auf einigen Ger\u00e4te leicht nach links verschoben zu haben, die anfangs noch tadellos aus ihrer Schachtel genommen wurden.  <\/p>\n<p>Der Halbmond-\u00e4hnliche Ring, der die Abweichung im Submillimeter-Bereich bereits mit blo\u00dfem Auge erkennen l\u00e4sst, taucht auch auf einem unserer iPhone 6-Modelle auf. <\/p>\n<p>Die Fertigungstoleranz, die die meisten Betrachter ebenso nerv\u00f6s werden l\u00e4sst, wie ein Pixel-Fehler auf neue gekauften Displays, kann zwar geflissentlich ignoriert werden, l\u00e4sst sich im &#8222;Fall der F\u00e4lle&#8220; aber auch problemlos richten. <\/p>\n<p><a href=\"http:\/\/www.iphone-ticker.de\/wp-content\/uploads\/2015\/02\/kamera-linse.jpg\"><img loading=\"lazy\" decoding=\"async\" src=\"http:\/\/www.iphone-ticker.de\/wp-content\/uploads\/2015\/02\/kamera-linse.jpg\" alt=\"kamera-linse\" width=\"700\" height=\"194\" class=\"aligncenter size-full wp-image-77101\" srcset=\"https:\/\/images.iphone-ticker.de\/wp-content\/uploads\/2015\/02\/kamera-linse.jpg 700w, https:\/\/images.iphone-ticker.de\/wp-content\/uploads\/2015\/02\/kamera-linse-300x83.jpg 300w\" sizes=\"auto, (max-width: 700px) 100vw, 700px\" \/><\/a><\/p>\n<p>Das Feedback auf eure Termine mit Apples Service-Personal ist durch die Bank positiv. Apple reagiert auf berechtigte Kritik meist mit einem Tausch der betroffenen Ger\u00e4te. <\/p>\n<p><strong>Unsere Frage an euch:<\/strong> Seid ihr auf euren iPhone 6-Einheiten auch der Verschiebung der Front-Kamera betroffen? Und falls ja: War der leichte Ring schon am ersten Tag sichtbar, oder hat sich die Haarlinie erst im Laufe der letzten Wochen gezeigt?<\/p>\n<h2>Update: Zwei Beispiel-Bilder von Stephan und Daniel. Danke. <\/h2>\n<p><a href=\"http:\/\/www.iphone-ticker.de\/wp-content\/uploads\/2015\/02\/bild-1.jpg\"><img loading=\"lazy\" decoding=\"async\" src=\"http:\/\/www.iphone-ticker.de\/wp-content\/uploads\/2015\/02\/bild-1.jpg\" alt=\"bild-1\" width=\"700\" height=\"390\" class=\"aligncenter size-full wp-image-77105\" srcset=\"https:\/\/images.iphone-ticker.de\/wp-content\/uploads\/2015\/02\/bild-1.jpg 700w, https:\/\/images.iphone-ticker.de\/wp-content\/uploads\/2015\/02\/bild-1-300x167.jpg 300w\" sizes=\"auto, (max-width: 700px) 100vw, 700px\" \/><\/a><\/p>\n<blockquote><p>Euer Foto zur iPhone 6 Frontlinse zeigt ja gar nichts. Schaut mal meines an! Es kam innerhalb der ersten Nutzungstage meines iPhones &#8211; Habe es direkt seit Marktstart. Die Fotofunktion ist davon jedoch (noch) in keinster Weise beeintr\u00e4chtigt.<\/p><\/blockquote>\n<p><a href=\"http:\/\/www.iphone-ticker.de\/wp-content\/uploads\/2015\/02\/bild2.jpg\"><img loading=\"lazy\" decoding=\"async\" src=\"http:\/\/www.iphone-ticker.de\/wp-content\/uploads\/2015\/02\/bild2.jpg\" alt=\"bild2\" width=\"700\" height=\"392\" class=\"aligncenter size-full wp-image-77106\" srcset=\"https:\/\/images.iphone-ticker.de\/wp-content\/uploads\/2015\/02\/bild2.jpg 700w, https:\/\/images.iphone-ticker.de\/wp-content\/uploads\/2015\/02\/bild2-300x168.jpg 300w\" sizes=\"auto, (max-width: 700px) 100vw, 700px\" \/><\/a><\/p>\n","protected":false},"excerpt":{"rendered":"<a href=\"https:\/\/www.iphone-ticker.de\/iphone-6-berichte-ueber-verschobene-front-kamera-reissen-nicht-ab-77099\/\"><img width=\"150\" height=\"150\" src=\"https:\/\/images.iphone-ticker.de\/wp-content\/uploads\/2015\/02\/kamera-mond-150x150.jpg\" class=\"alignright tfe wp-post-image\" alt=\"\" decoding=\"async\" loading=\"lazy\" \/><\/a><p>Mit Blick auf unseren Posteingang, auf eure Mails des laufenden Jahres und auf die Diskussionen, die in Apples Support-Forum noch immer f\u00fcr interessierte Besucher und frische Wortmeldungen sorgen, wollen wir uns erneut einem Thema annehmen, das uns bereits durch den Dezember begleitete: Die verschobene Front-Kamera des iPhone 6. Hier in den News, hat das iPhone [&hellip;]<\/p>\n","protected":false},"author":1,"featured_media":77112,"comment_status":"open","ping_status":"closed","sticky":false,"template":"","format":"standard","meta":{"footnotes":""},"categories":[749,1975],"tags":[1908,139,32],"class_list":["post-77099","post","type-post","status-publish","format-standard","has-post-thumbnail","hentry","category-iphone-2","category-feature","tag-iphone-6","tag-kamera","tag-kritik"],"aioseo_notices":[],"featured_image":["http:\/\/www.iphone-ticker.de\/wp-content\/uploads\/2015\/02\/kamera.jpg"],"subheadline":["Bilder-Update:"],"rest_api_enabler":{"featured_image":"http:\/\/www.iphone-ticker.de\/wp-content\/uploads\/2015\/02\/kamera.jpg","subheadline":"Bilder-Update:"},"_links":{"self":[{"href":"https:\/\/www.iphone-ticker.de\/apiv2\/wp\/v2\/posts\/77099","targetHints":{"allow":["GET"]}}],"collection":[{"href":"https:\/\/www.iphone-ticker.de\/apiv2\/wp\/v2\/posts"}],"about":[{"href":"https:\/\/www.iphone-ticker.de\/apiv2\/wp\/v2\/types\/post"}],"author":[{"embeddable":true,"href":"https:\/\/www.iphone-ticker.de\/apiv2\/wp\/v2\/users\/1"}],"replies":[{"embeddable":true,"href":"https:\/\/www.iphone-ticker.de\/apiv2\/wp\/v2\/comments?post=77099"}],"version-history":[{"count":3,"href":"https:\/\/www.iphone-ticker.de\/apiv2\/wp\/v2\/posts\/77099\/revisions"}],"predecessor-version":[{"id":77107,"href":"https:\/\/www.iphone-ticker.de\/apiv2\/wp\/v2\/posts\/77099\/revisions\/77107"}],"wp:featuredmedia":[{"embeddable":true,"href":"https:\/\/www.iphone-ticker.de\/apiv2\/wp\/v2\/media\/77112"}],"wp:attachment":[{"href":"https:\/\/www.iphone-ticker.de\/apiv2\/wp\/v2\/media?parent=77099"}],"wp:term":[{"taxonomy":"category","embeddable":true,"href":"https:\/\/www.iphone-ticker.de\/apiv2\/wp\/v2\/categories?post=77099"},{"taxonomy":"post_tag","embeddable":true,"href":"https:\/\/www.iphone-ticker.de\/apiv2\/wp\/v2\/tags?post=77099"}],"curies":[{"name":"wp","href":"https:\/\/api.w.org\/{rel}","templated":true}]}}